{"id":92896,"date":"2026-01-14T08:58:04","date_gmt":"2026-01-14T11:58:04","guid":{"rendered":"https:\/\/blogdoeloiltoncajuhy.com.br\/site\/?p=92896"},"modified":"2026-01-14T08:58:05","modified_gmt":"2026-01-14T11:58:05","slug":"7o-dia-da-novena-do-senhor-do-bonfim-reune-fieis-em-oracao-comunhao-e-alegria","status":"publish","type":"post","link":"https:\/\/blogdoeloiltoncajuhy.com.br\/site\/7o-dia-da-novena-do-senhor-do-bonfim-reune-fieis-em-oracao-comunhao-e-alegria\/","title":{"rendered":"7\u00ba Dia da Novena do Senhor do Bonfim re\u00fane fi\u00e9is em ora\u00e7\u00e3o, comunh\u00e3o e alegria"},"content":{"rendered":"\n<p class=\"has-medium-font-size\"><strong>Celebra\u00e7\u00f5es desta quarta-feira (14) contam com adora\u00e7\u00e3o, confiss\u00f5es, missa solene, quermesse e show musical na pra\u00e7a da Catedral<\/strong><\/p>\n\n\n\n<p><strong>Por Blog do Eloilton Cajuhy &#8211; BEC<\/strong><\/p>\n\n\n\n<p><strong><a href=\"https:\/\/whatsapp.com\/channel\/0029VaAT7tDLI8Yfj5y9Z50Z\" target=\"_blank\" rel=\"noreferrer noopener\"><mark style=\"background-color:rgba(0, 0, 0, 0)\" class=\"has-inline-color has-luminous-vivid-orange-color\">>> Siga o canal do BEC no WhatsApp<\/mark><\/a><\/strong><\/p>\n\n\n\n<figure class=\"wp-block-image aligncenter size-full\"><a href=\"https:\/\/i0.wp.com\/blogdoeloiltoncajuhy.com.br\/site\/wp-content\/uploads\/2026\/01\/Festa-do-Senhor-do-Bonfim-2026.png\"><img data-recalc-dims=\"1\" fetchpriority=\"high\" decoding=\"async\" width=\"694\" height=\"865\" src=\"https:\/\/i0.wp.com\/blogdoeloiltoncajuhy.com.br\/site\/wp-content\/uploads\/2026\/01\/Festa-do-Senhor-do-Bonfim-2026.png?resize=694%2C865\" alt=\"\" class=\"wp-image-92691\" srcset=\"https:\/\/i0.wp.com\/blogdoeloiltoncajuhy.com.br\/site\/wp-content\/uploads\/2026\/01\/Festa-do-Senhor-do-Bonfim-2026.png?w=694&amp;ssl=1 694w, https:\/\/i0.wp.com\/blogdoeloiltoncajuhy.com.br\/site\/wp-content\/uploads\/2026\/01\/Festa-do-Senhor-do-Bonfim-2026.png?resize=241%2C300&amp;ssl=1 241w\" sizes=\"(max-width: 694px) 100vw, 694px\" \/><\/a><\/figure>\n\n\n\n<p>Nesta <strong>quarta-feira, 14 de janeiro<\/strong>, a comunidade cat\u00f3lica vivencia com f\u00e9 e devo\u00e7\u00e3o o <strong>7\u00ba Dia da Novena do Senhor do Bonfim<\/strong>, momento especial de prepara\u00e7\u00e3o espiritual para a grande festa do padroeiro.<\/p>\n\n\n\n<p>A programa\u00e7\u00e3o ter\u00e1 in\u00edcio pela manh\u00e3, das <strong>10h \u00e0s 12h<\/strong>, com <strong>Adora\u00e7\u00e3o Eucar\u00edstica e Confiss\u00f5es<\/strong>, proporcionando aos fi\u00e9is um tempo de sil\u00eancio, reflex\u00e3o e reconcilia\u00e7\u00e3o com Deus.<\/p>\n\n\n\n<p>\u00c0 noite, \u00e0s <strong>19h<\/strong>, acontece a <strong>Celebra\u00e7\u00e3o Eucar\u00edstica e Novena<\/strong>, presididas pelo <strong>Pe. Francisco Pereira<\/strong>, da <strong>Par\u00f3quia de Queimadas<\/strong>. A missa ser\u00e1 marcada por mensagens de esperan\u00e7a, unidade e fortalecimento da f\u00e9, conduzindo os presentes a uma viv\u00eancia profunda do amor crist\u00e3o.<\/p>\n\n\n\n<p>Os <strong>noiteiros<\/strong> desta s\u00e9tima noite s\u00e3o a <strong>Pastoral da Catequese<\/strong>, <strong>Pastoral do D\u00edzimo<\/strong>, <strong>Apostolado do Imaculado Cora\u00e7\u00e3o de Maria<\/strong> e as <strong>Comunidades Bonfim 3 e Olaria<\/strong>, que colaboram com dedica\u00e7\u00e3o para a realiza\u00e7\u00e3o deste momento t\u00e3o significativo para a Igreja.<\/p>\n\n\n\n<p>Encerrando a noite em clima de confraterniza\u00e7\u00e3o, ap\u00f3s a novena, os fi\u00e9is participam de uma animada <strong>quermesse<\/strong>, seguida de <strong>show musical com Thiago Dias<\/strong>, na <strong>pra\u00e7a ao lado da Catedral<\/strong>, unindo f\u00e9, cultura e alegria em um s\u00f3 cora\u00e7\u00e3o.<\/p>\n\n\n\n<p>A Novena do Senhor do Bonfim segue sendo um tempo de gra\u00e7a, renova\u00e7\u00e3o espiritual e fortalecimento da comunh\u00e3o entre os fi\u00e9is, preparando toda a cidade para celebrar com fervor o seu padroeiro, no pr\u00f3ximo s\u00e1bado, feriado municipal.<\/p>\n","protected":false},"excerpt":{"rendered":"<p>Celebra\u00e7\u00f5es desta quarta-feira (14) contam com adora\u00e7\u00e3o, confiss\u00f5es, missa solene, quermesse e show musical na pra\u00e7a da Catedral Por Blog do Eloilton Cajuhy &#8211; BEC >> Siga o canal do BEC no WhatsApp Nesta quarta-feira, 14 de janeiro, a comunidade cat\u00f3lica vivencia com f\u00e9 e devo\u00e7\u00e3o o 7\u00ba Dia da Novena do Senhor do Bonfim, [&hellip;]<\/p>\n","protected":false},"author":2,"featured_media":92691,"comment_status":"open","ping_status":"open","sticky":false,"template":"","format":"standard","meta":{"_acf_changed":false,"_monsterinsights_skip_tracking":false,"_monsterinsights_sitenote_active":false,"_monsterinsights_sitenote_note":"","_monsterinsights_sitenote_category":0,"_jetpack_memberships_contains_paid_content":false,"footnotes":"","jetpack_publicize_message":"","jetpack_publicize_feature_enabled":true,"jetpack_social_post_already_shared":true,"jetpack_social_options":{"image_generator_settings":{"template":"highway","default_image_id":0,"font":"","enabled":false},"version":2}},"categories":[4],"tags":[],"class_list":["post-92896","post","type-post","status-publish","format-standard","has-post-thumbnail","hentry","category-local"],"acf":[],"jetpack_publicize_connections":[],"jetpack_featured_media_url":"https:\/\/i0.wp.com\/blogdoeloiltoncajuhy.com.br\/site\/wp-content\/uploads\/2026\/01\/Festa-do-Senhor-do-Bonfim-2026.png?fit=694%2C865&ssl=1","jetpack_sharing_enabled":true,"publishpress_future_workflow_manual_trigger":{"enabledWorkflows":[]},"_links":{"self":[{"href":"https:\/\/blogdoeloiltoncajuhy.com.br\/site\/wp-json\/wp\/v2\/posts\/92896","targetHints":{"allow":["GET"]}}],"collection":[{"href":"https:\/\/blogdoeloiltoncajuhy.com.br\/site\/wp-json\/wp\/v2\/posts"}],"about":[{"href":"https:\/\/blogdoeloiltoncajuhy.com.br\/site\/wp-json\/wp\/v2\/types\/post"}],"author":[{"embeddable":true,"href":"https:\/\/blogdoeloiltoncajuhy.com.br\/site\/wp-json\/wp\/v2\/users\/2"}],"replies":[{"embeddable":true,"href":"https:\/\/blogdoeloiltoncajuhy.com.br\/site\/wp-json\/wp\/v2\/comments?post=92896"}],"version-history":[{"count":1,"href":"https:\/\/blogdoeloiltoncajuhy.com.br\/site\/wp-json\/wp\/v2\/posts\/92896\/revisions"}],"predecessor-version":[{"id":92897,"href":"https:\/\/blogdoeloiltoncajuhy.com.br\/site\/wp-json\/wp\/v2\/posts\/92896\/revisions\/92897"}],"wp:featuredmedia":[{"embeddable":true,"href":"https:\/\/blogdoeloiltoncajuhy.com.br\/site\/wp-json\/wp\/v2\/media\/92691"}],"wp:attachment":[{"href":"https:\/\/blogdoeloiltoncajuhy.com.br\/site\/wp-json\/wp\/v2\/media?parent=92896"}],"wp:term":[{"taxonomy":"category","embeddable":true,"href":"https:\/\/blogdoeloiltoncajuhy.com.br\/site\/wp-json\/wp\/v2\/categories?post=92896"},{"taxonomy":"post_tag","embeddable":true,"href":"https:\/\/blogdoeloiltoncajuhy.com.br\/site\/wp-json\/wp\/v2\/tags?post=92896"}],"curies":[{"name":"wp","href":"https:\/\/api.w.org\/{rel}","templated":true}]}}