{"id":92893,"date":"2026-01-14T00:10:00","date_gmt":"2026-01-14T03:10:00","guid":{"rendered":"https:\/\/blogdoeloiltoncajuhy.com.br\/site\/?p=92893"},"modified":"2026-01-13T20:53:31","modified_gmt":"2026-01-13T23:53:31","slug":"calor-intenso-aumenta-casos-de-sangramento-nasal-mas-recorrencia-exige-investigacao-medica","status":"publish","type":"post","link":"https:\/\/blogdoeloiltoncajuhy.com.br\/site\/calor-intenso-aumenta-casos-de-sangramento-nasal-mas-recorrencia-exige-investigacao-medica\/","title":{"rendered":"Calor intenso aumenta casos de sangramento nasal, mas recorr\u00eancia exige investiga\u00e7\u00e3o m\u00e9dica"},"content":{"rendered":"\n<p class=\"has-medium-font-size\"><strong>Especialista alerta que, embora comum no calor, epis\u00f3dios frequentes podem sinalizar condi\u00e7\u00f5es que v\u00e3o al\u00e9m do ressecamento nasal<\/strong><\/p>\n\n\n\n<p><strong>Blog do Eloilton Cajuhy &#8211; BEC<\/strong><\/p>\n\n\n\n<p><strong><a href=\"https:\/\/whatsapp.com\/channel\/0029VaAT7tDLI8Yfj5y9Z50Z\" target=\"_blank\" rel=\"noreferrer noopener\"><mark style=\"background-color:rgba(0, 0, 0, 0)\" class=\"has-inline-color has-luminous-vivid-orange-color\">>> Siga o canal do BEC no WhatsApp<\/mark><\/a><\/strong><\/p>\n\n\n\n<figure class=\"wp-block-image aligncenter size-full is-resized\"><a href=\"https:\/\/i0.wp.com\/blogdoeloiltoncajuhy.com.br\/site\/wp-content\/uploads\/2026\/01\/Sangramento-nasal-Divulgacao.jpg?ssl=1\"><img data-recalc-dims=\"1\" fetchpriority=\"high\" decoding=\"async\" width=\"800\" height=\"506\" src=\"https:\/\/i0.wp.com\/blogdoeloiltoncajuhy.com.br\/site\/wp-content\/uploads\/2026\/01\/Sangramento-nasal-Divulgacao.jpg?resize=800%2C506&#038;ssl=1\" alt=\"\" class=\"wp-image-92894\" style=\"width:667px;height:auto\" srcset=\"https:\/\/i0.wp.com\/blogdoeloiltoncajuhy.com.br\/site\/wp-content\/uploads\/2026\/01\/Sangramento-nasal-Divulgacao.jpg?w=800&amp;ssl=1 800w, https:\/\/i0.wp.com\/blogdoeloiltoncajuhy.com.br\/site\/wp-content\/uploads\/2026\/01\/Sangramento-nasal-Divulgacao.jpg?resize=300%2C190&amp;ssl=1 300w, https:\/\/i0.wp.com\/blogdoeloiltoncajuhy.com.br\/site\/wp-content\/uploads\/2026\/01\/Sangramento-nasal-Divulgacao.jpg?resize=768%2C486&amp;ssl=1 768w\" sizes=\"(max-width: 800px) 100vw, 800px\" \/><\/a><figcaption class=\"wp-element-caption\"><sub>Divulga\u00e7\u00e3o<\/sub><\/figcaption><\/figure>\n\n\n\n<p>As altas temperaturas registradas em diversas regi\u00f5es do pa\u00eds t\u00eam levado muita gente a lidar com um inc\u00f4modo relativamente comum no ver\u00e3o: o sangramento nasal. Embora o calor possa, de fato, favorecer esse tipo de ocorr\u00eancia, especialistas alertam que epis\u00f3dios repetidos n\u00e3o devem ser tratados como algo banal.<\/p>\n\n\n\n<p>Segundo o otorrinolaringologista Dr. Arnaldo Braga Tamiso, do Hospital Paulista, o calor contribui para a dilata\u00e7\u00e3o dos vasos sangu\u00edneos, o que facilita o rompimento de pequenos capilares da mucosa nasal. \u201cIsso acontece porque, no tempo quente, os vasos sangu\u00edneos se dilatam e o sangramento tende a ocorrer com maior frequ\u00eancia\u201d, explica.<\/p>\n\n\n\n<p>Al\u00e9m da temperatura elevada, fatores como ressecamento das vias nasais, inflama\u00e7\u00f5es locais e pequenas feridas costumam estar entre as causas mais frequentes das hemorragias. Ainda assim, o m\u00e9dico refor\u00e7a que \u00e9 preciso aten\u00e7\u00e3o especial quando os epis\u00f3dios se tornam recorrentes.<\/p>\n\n\n\n<p class=\"has-black-color has-text-color has-link-color has-medium-font-size wp-elements-78657710c536e3e34ec01cc736931107\"><strong>Sinal de alerta para outras condi\u00e7\u00f5es<\/strong><\/p>\n\n\n\n<p>De acordo com Dr. Tamiso, o sangramento nasal persistente pode estar associado a diferentes condi\u00e7\u00f5es de sa\u00fade, como desidrata\u00e7\u00e3o, aumento da press\u00e3o arterial e problemas respirat\u00f3rios. Em situa\u00e7\u00f5es menos comuns, tamb\u00e9m pode indicar doen\u00e7as mais graves.<\/p>\n\n\n\n<p>\u201cO sangramento nasal tamb\u00e9m pode ser um sinal de alerta para tumores, como nasoangiofibromas, p\u00f3lipos e hemangiomas, entre outros. Eles est\u00e3o entre as causas menos prevalentes, mas n\u00e3o podem ser descartados\u201d, alerta o especialista.<\/p>\n\n\n\n<p>Por isso, ele destaca que a hemorragia n\u00e3o deve ser vista apenas como um inc\u00f4modo pontual. \u201cQuando os sangramentos nasais acontecem repetidamente, eles n\u00e3o podem ser considerados comuns. Pelo contr\u00e1rio, merecem preocupa\u00e7\u00e3o e, seja qual for a intensidade, devem ser analisados por um otorrino.\u201d<\/p>\n\n\n\n<p class=\"has-black-color has-text-color has-link-color has-medium-font-size wp-elements-a1f5419b80365876aa50eb1034e1a261\"><strong>Como agir diante do sangramento<\/strong><\/p>\n\n\n\n<p>Nos casos espor\u00e1dicos \u2014 como pequenos sangramentos ao assoar o nariz \u2014, n\u00e3o h\u00e1 motivo para p\u00e2nico. O m\u00e9dico orienta manter a cabe\u00e7a inclinada para frente, nunca para tr\u00e1s, para evitar engasgos, al\u00e9m de pressionar suavemente as narinas por cerca de dois minutos. \u201cAo soltar, colocar gelo por cerca de 10 minutos tamb\u00e9m pode ajudar a conter o sangramento\u201d, orienta.<\/p>\n\n\n\n<p>Durante per\u00edodos de calor intenso e tempo seco, a principal medida preventiva \u00e9 manter a mucosa nasal hidratada. \u201cA hidrata\u00e7\u00e3o do nariz com soro fisiol\u00f3gico ajuda a evitar o ressecamento. Caso perceba sujeira ou algum corpo estranho, o ideal \u00e9 lavar com \u00e1gua corrente, evitando cutucar o nariz\u201d, recomenda.<\/p>\n\n\n\n<p class=\"has-black-color has-text-color has-link-color has-medium-font-size wp-elements-29d40713dba4d69e919b50e8f8a3ae51\"><strong>Quando procurar um especialista<\/strong><\/p>\n\n\n\n<p>Se os sangramentos se repetirem com frequ\u00eancia, a avalia\u00e7\u00e3o m\u00e9dica torna-se indispens\u00e1vel. \u201cA consulta com um otorrinolaringologista \u00e9 essencial para o diagn\u00f3stico e o tratamento adequados, que podem incluir medicamentos, cauteriza\u00e7\u00f5es e, em alguns casos, at\u00e9 cirurgias nasais\u201d, conclui Dr. Arnaldo Braga Tamiso.<\/p>\n","protected":false},"excerpt":{"rendered":"<p>Especialista alerta que, embora comum no calor, epis\u00f3dios frequentes podem sinalizar condi\u00e7\u00f5es que v\u00e3o al\u00e9m do ressecamento nasal Blog do Eloilton Cajuhy &#8211; BEC >> Siga o canal do BEC no WhatsApp As altas temperaturas registradas em diversas regi\u00f5es do pa\u00eds t\u00eam levado muita gente a lidar com um inc\u00f4modo relativamente comum no ver\u00e3o: o [&hellip;]<\/p>\n","protected":false},"author":2,"featured_media":92894,"comment_status":"open","ping_status":"open","sticky":false,"template":"","format":"standard","meta":{"_acf_changed":false,"_monsterinsights_skip_tracking":false,"_monsterinsights_sitenote_active":false,"_monsterinsights_sitenote_note":"","_monsterinsights_sitenote_category":0,"_jetpack_memberships_contains_paid_content":false,"footnotes":"","jetpack_publicize_message":"","jetpack_publicize_feature_enabled":true,"jetpack_social_post_already_shared":true,"jetpack_social_options":{"image_generator_settings":{"template":"highway","default_image_id":0,"font":"","enabled":false},"version":2}},"categories":[7],"tags":[],"class_list":["post-92893","post","type-post","status-publish","format-standard","has-post-thumbnail","hentry","category-saude"],"acf":[],"jetpack_publicize_connections":[],"jetpack_featured_media_url":"https:\/\/i0.wp.com\/blogdoeloiltoncajuhy.com.br\/site\/wp-content\/uploads\/2026\/01\/Sangramento-nasal-Divulgacao.jpg?fit=800%2C506&ssl=1","jetpack_sharing_enabled":true,"publishpress_future_workflow_manual_trigger":{"enabledWorkflows":[]},"_links":{"self":[{"href":"https:\/\/blogdoeloiltoncajuhy.com.br\/site\/wp-json\/wp\/v2\/posts\/92893","targetHints":{"allow":["GET"]}}],"collection":[{"href":"https:\/\/blogdoeloiltoncajuhy.com.br\/site\/wp-json\/wp\/v2\/posts"}],"about":[{"href":"https:\/\/blogdoeloiltoncajuhy.com.br\/site\/wp-json\/wp\/v2\/types\/post"}],"author":[{"embeddable":true,"href":"https:\/\/blogdoeloiltoncajuhy.com.br\/site\/wp-json\/wp\/v2\/users\/2"}],"replies":[{"embeddable":true,"href":"https:\/\/blogdoeloiltoncajuhy.com.br\/site\/wp-json\/wp\/v2\/comments?post=92893"}],"version-history":[{"count":1,"href":"https:\/\/blogdoeloiltoncajuhy.com.br\/site\/wp-json\/wp\/v2\/posts\/92893\/revisions"}],"predecessor-version":[{"id":92895,"href":"https:\/\/blogdoeloiltoncajuhy.com.br\/site\/wp-json\/wp\/v2\/posts\/92893\/revisions\/92895"}],"wp:featuredmedia":[{"embeddable":true,"href":"https:\/\/blogdoeloiltoncajuhy.com.br\/site\/wp-json\/wp\/v2\/media\/92894"}],"wp:attachment":[{"href":"https:\/\/blogdoeloiltoncajuhy.com.br\/site\/wp-json\/wp\/v2\/media?parent=92893"}],"wp:term":[{"taxonomy":"category","embeddable":true,"href":"https:\/\/blogdoeloiltoncajuhy.com.br\/site\/wp-json\/wp\/v2\/categories?post=92893"},{"taxonomy":"post_tag","embeddable":true,"href":"https:\/\/blogdoeloiltoncajuhy.com.br\/site\/wp-json\/wp\/v2\/tags?post=92893"}],"curies":[{"name":"wp","href":"https:\/\/api.w.org\/{rel}","templated":true}]}}