{"id":92886,"date":"2026-01-14T00:10:00","date_gmt":"2026-01-14T03:10:00","guid":{"rendered":"https:\/\/blogdoeloiltoncajuhy.com.br\/site\/?p=92886"},"modified":"2026-01-13T20:29:22","modified_gmt":"2026-01-13T23:29:22","slug":"por-que-o-pensamento-positivo-falha-com-adultos-autistas-e-tdahs","status":"publish","type":"post","link":"https:\/\/blogdoeloiltoncajuhy.com.br\/site\/por-que-o-pensamento-positivo-falha-com-adultos-autistas-e-tdahs\/","title":{"rendered":"Por que o &#8220;pensamento positivo&#8221; falha com adultos autistas e TDAHs?"},"content":{"rendered":"\n<p class=\"has-medium-font-size\"><strong>Especialista alerta para o esgotamento silencioso<\/strong><\/p>\n\n\n\n<p><strong>Blog do Eloilton Cajuhy &#8211; BEC<\/strong><\/p>\n\n\n\n<p><strong><strong><a href=\"https:\/\/whatsapp.com\/channel\/0029VaAT7tDLI8Yfj5y9Z50Z\" target=\"_blank\" rel=\"noreferrer noopener\"><mark style=\"background-color:rgba(0, 0, 0, 0)\" class=\"has-inline-color has-luminous-vivid-orange-color\">>> Siga o canal do BEC no WhatsApp<\/mark><\/a><\/strong><\/strong><\/p>\n\n\n\n<figure class=\"wp-block-image aligncenter size-full\"><a href=\"https:\/\/i0.wp.com\/blogdoeloiltoncajuhy.com.br\/site\/wp-content\/uploads\/2026\/01\/Autismo-TDHA-Reproducao-Incor.jpg?ssl=1\"><img data-recalc-dims=\"1\" fetchpriority=\"high\" decoding=\"async\" width=\"800\" height=\"533\" src=\"https:\/\/i0.wp.com\/blogdoeloiltoncajuhy.com.br\/site\/wp-content\/uploads\/2026\/01\/Autismo-TDHA-Reproducao-Incor.jpg?resize=800%2C533&#038;ssl=1\" alt=\"\" class=\"wp-image-92887\" srcset=\"https:\/\/i0.wp.com\/blogdoeloiltoncajuhy.com.br\/site\/wp-content\/uploads\/2026\/01\/Autismo-TDHA-Reproducao-Incor.jpg?w=900&amp;ssl=1 900w, https:\/\/i0.wp.com\/blogdoeloiltoncajuhy.com.br\/site\/wp-content\/uploads\/2026\/01\/Autismo-TDHA-Reproducao-Incor.jpg?resize=300%2C200&amp;ssl=1 300w, https:\/\/i0.wp.com\/blogdoeloiltoncajuhy.com.br\/site\/wp-content\/uploads\/2026\/01\/Autismo-TDHA-Reproducao-Incor.jpg?resize=768%2C512&amp;ssl=1 768w\" sizes=\"(max-width: 800px) 100vw, 800px\" \/><\/a><figcaption class=\"wp-element-caption\"><sub>Reprodu\u00e7\u00e3o \/ Incor<\/sub><\/figcaption><\/figure>\n\n\n\n<p>O <strong>Janeiro Branco<\/strong> traz \u00e0 tona a discuss\u00e3o sobre sa\u00fade mental, mas para uma parcela crescente da popula\u00e7\u00e3o adulta, os conselhos tradicionais podem soar quase como uma ofensa. Estamos falando dos adultos diagnosticados tardiamente com TEA (autismo) e TDAH. Para eles, tentar &#8220;apenas relaxar&#8221; ou &#8220;ter for\u00e7a de vontade&#8221; n\u00e3o \u00e9 s\u00f3 ineficaz \u2014 \u00e9 um gatilho para o adoecimento.<\/p>\n\n\n\n<p>Quem faz o alerta \u00e9 o Dr. Matheus Trilico, neurologista refer\u00eancia no atendimento desses adultos. No consult\u00f3rio, ele v\u00ea um padr\u00e3o se repetir: pessoas brilhantes que chegam colapsadas.<\/p>\n\n\n\n<p>&#8220;N\u00e3o \u00e9 falta de esfor\u00e7o. \u00c9 exaust\u00e3o biol\u00f3gica&#8221;, define o m\u00e9dico. &#8220;Imagine um sistema operacional tentando rodar um software pesado numa m\u00e1quina que n\u00e3o foi projetada para aquilo. O processador esquenta. No ser humano, isso vira ansiedade cr\u00f4nica, depress\u00e3o e o que chamamos de burnout neurodivergente&#8221;.<\/p>\n\n\n\n<p>Para o especialista, cuidar da mente desses adultos exige sair do \u00f3bvio e entender a biologia por tr\u00e1s do comportamento.<\/p>\n\n\n\n<p>A rotina como liberdade, n\u00e3o pris\u00e3o Esque\u00e7a a ideia de rotina militar. Para o Dr. Matheus, a rotina \u00e9 uma quest\u00e3o de economia de energia. O c\u00e9rebro TDAH, por exemplo, tem uma qu\u00edmica diferente na gest\u00e3o da dopamina. Cada pequena decis\u00e3o \u2014 &#8220;o que vou vestir?&#8221;, &#8220;o que vou comer?&#8221; \u2014 custa caro para esse c\u00e9rebro.<\/p>\n\n\n\n<p>&#8220;Quando o paciente automatiza o b\u00e1sico, ele para de gastar essa &#8216;bateria&#8217; com bobagem e sobra energia para o que importa. A rotina n\u00e3o \u00e9 para prender, \u00e9 para libertar a mente da fadiga de decis\u00e3o&#8221;, explica.<\/p>\n\n\n\n<p>&#8220;Se eu n\u00e3o vejo, n\u00e3o existe&#8221; Outro ponto crucial \u00e9 o ambiente. Dr. Trilico destaca o conceito de perman\u00eancia do objeto. Para muitos neurodivergentes, o que est\u00e1 dentro de uma gaveta deixa de existir na mem\u00f3ria imediata.<\/p>\n\n\n\n<p>&#8220;A\u00ed a pessoa se culpa por ser desorganizada, mas o problema \u00e9 que a casa dela foi montada para um c\u00e9rebro t\u00edpico&#8221;, diz o neurologista. A solu\u00e7\u00e3o? &#8220;Organiza\u00e7\u00e3o visual. Caixas transparentes, listas na parede. A casa tem que ser funcional para a sua neurobiologia, n\u00e3o para uma capa de revista&#8221;.<\/p>\n\n\n\n<p>Voc\u00ea n\u00e3o est\u00e1 ansioso, est\u00e1 desidratado Um aspecto que o Dr. Matheus bate na tecla \u00e9 a interocep\u00e7\u00e3o \u2014 a capacidade de sentir o pr\u00f3prio corpo. Muitos autistas e TDAHs t\u00eam dificuldade em perceber sinais b\u00e1sicos como fome, sede ou vontade de ir ao banheiro at\u00e9 que a necessidade seja urgente.<\/p>\n\n\n\n<p>&#8220;Muitas vezes, o paciente chega achando que est\u00e1 tendo uma crise de p\u00e2nico, mas o corpo dele s\u00f3 est\u00e1 gritando por \u00e1gua ou descanso&#8221;, alerta. A estrat\u00e9gia de sa\u00fade mental aqui \u00e9 pr\u00e1tica: alarmes para beber \u00e1gua e higiene do sono rigorosa. &#8220;N\u00e3o d\u00e1 para ter sa\u00fade mental num corpo que est\u00e1 em modo de sobreviv\u00eancia fisiol\u00f3gica.&#8221;<\/p>\n\n\n\n<p>O custo de fingir ser &#8220;normal&#8221; Por fim, o m\u00e9dico toca na ferida do masking \u2014 o esfor\u00e7o constante para camuflar os tra\u00e7os da neurodiverg\u00eancia socialmente.<\/p>\n\n\n\n<p>&#8220;Neste Janeiro Branco, meu recado \u00e9: pare de tentar consertar quem voc\u00ea \u00e9. O custo energ\u00e9tico de fingir normalidade \u00e9 alt\u00edssimo e a conta chega na forma de depress\u00e3o&#8221;, finaliza Dr. Trilico. &#8220;Sa\u00fade mental para o neurodivergente \u00e9 autoconhecimento. \u00c9 ler o manual do pr\u00f3prio c\u00e9rebro e respeitar seus limites, sem culpa&#8221;.<\/p>\n","protected":false},"excerpt":{"rendered":"<p>Especialista alerta para o esgotamento silencioso Blog do Eloilton Cajuhy &#8211; BEC >> Siga o canal do BEC no WhatsApp O Janeiro Branco traz \u00e0 tona a discuss\u00e3o sobre sa\u00fade mental, mas para uma parcela crescente da popula\u00e7\u00e3o adulta, os conselhos tradicionais podem soar quase como uma ofensa. Estamos falando dos adultos diagnosticados tardiamente com [&hellip;]<\/p>\n","protected":false},"author":2,"featured_media":92887,"comment_status":"open","ping_status":"open","sticky":false,"template":"","format":"standard","meta":{"_acf_changed":false,"_monsterinsights_skip_tracking":false,"_monsterinsights_sitenote_active":false,"_monsterinsights_sitenote_note":"","_monsterinsights_sitenote_category":0,"_jetpack_memberships_contains_paid_content":false,"footnotes":"","jetpack_publicize_message":"","jetpack_publicize_feature_enabled":true,"jetpack_social_post_already_shared":true,"jetpack_social_options":{"image_generator_settings":{"template":"highway","default_image_id":0,"font":"","enabled":false},"version":2}},"categories":[7],"tags":[],"class_list":["post-92886","post","type-post","status-publish","format-standard","has-post-thumbnail","hentry","category-saude"],"acf":[],"jetpack_publicize_connections":[],"jetpack_featured_media_url":"https:\/\/i0.wp.com\/blogdoeloiltoncajuhy.com.br\/site\/wp-content\/uploads\/2026\/01\/Autismo-TDHA-Reproducao-Incor.jpg?fit=900%2C600&ssl=1","jetpack_sharing_enabled":true,"publishpress_future_workflow_manual_trigger":{"enabledWorkflows":[]},"_links":{"self":[{"href":"https:\/\/blogdoeloiltoncajuhy.com.br\/site\/wp-json\/wp\/v2\/posts\/92886","targetHints":{"allow":["GET"]}}],"collection":[{"href":"https:\/\/blogdoeloiltoncajuhy.com.br\/site\/wp-json\/wp\/v2\/posts"}],"about":[{"href":"https:\/\/blogdoeloiltoncajuhy.com.br\/site\/wp-json\/wp\/v2\/types\/post"}],"author":[{"embeddable":true,"href":"https:\/\/blogdoeloiltoncajuhy.com.br\/site\/wp-json\/wp\/v2\/users\/2"}],"replies":[{"embeddable":true,"href":"https:\/\/blogdoeloiltoncajuhy.com.br\/site\/wp-json\/wp\/v2\/comments?post=92886"}],"version-history":[{"count":1,"href":"https:\/\/blogdoeloiltoncajuhy.com.br\/site\/wp-json\/wp\/v2\/posts\/92886\/revisions"}],"predecessor-version":[{"id":92888,"href":"https:\/\/blogdoeloiltoncajuhy.com.br\/site\/wp-json\/wp\/v2\/posts\/92886\/revisions\/92888"}],"wp:featuredmedia":[{"embeddable":true,"href":"https:\/\/blogdoeloiltoncajuhy.com.br\/site\/wp-json\/wp\/v2\/media\/92887"}],"wp:attachment":[{"href":"https:\/\/blogdoeloiltoncajuhy.com.br\/site\/wp-json\/wp\/v2\/media?parent=92886"}],"wp:term":[{"taxonomy":"category","embeddable":true,"href":"https:\/\/blogdoeloiltoncajuhy.com.br\/site\/wp-json\/wp\/v2\/categories?post=92886"},{"taxonomy":"post_tag","embeddable":true,"href":"https:\/\/blogdoeloiltoncajuhy.com.br\/site\/wp-json\/wp\/v2\/tags?post=92886"}],"curies":[{"name":"wp","href":"https:\/\/api.w.org\/{rel}","templated":true}]}}