{"id":92862,"date":"2026-01-13T09:04:41","date_gmt":"2026-01-13T12:04:41","guid":{"rendered":"https:\/\/blogdoeloiltoncajuhy.com.br\/site\/?p=92862"},"modified":"2026-01-13T09:04:43","modified_gmt":"2026-01-13T12:04:43","slug":"policia-civil-cumpre-mandado-de-prisao-temporaria-por-duplo-homicidio-em-jaguarari","status":"publish","type":"post","link":"https:\/\/blogdoeloiltoncajuhy.com.br\/site\/policia-civil-cumpre-mandado-de-prisao-temporaria-por-duplo-homicidio-em-jaguarari\/","title":{"rendered":"Pol\u00edcia Civil cumpre mandado de pris\u00e3o tempor\u00e1ria por duplo homic\u00eddio em Jaguarari"},"content":{"rendered":"\n<p class=\"has-medium-font-size\"><strong>Suspeito de 22 anos \u00e9 preso ap\u00f3s meses foragido e encaminhado ao Conjunto Penal de Juazeiro<\/strong><\/p>\n\n\n\n<p><strong>Por Blog do Eloilton Cajuhy &#8211; BEC<\/strong><\/p>\n\n\n\n<p><strong><a href=\"https:\/\/whatsapp.com\/channel\/0029VaAT7tDLI8Yfj5y9Z50Z\" target=\"_blank\" rel=\"noreferrer noopener\"><mark style=\"background-color:rgba(0, 0, 0, 0)\" class=\"has-inline-color has-luminous-vivid-orange-color\">>> Siga o canal do BEC no WhatsApp<\/mark><\/a><\/strong><\/p>\n\n\n\n<figure class=\"wp-block-image aligncenter size-full\"><a href=\"https:\/\/i0.wp.com\/blogdoeloiltoncajuhy.com.br\/site\/wp-content\/uploads\/2026\/01\/Duplo-hoicidio-em-Jaguarari-2026-01-13_juntos.png?ssl=1\"><img data-recalc-dims=\"1\" fetchpriority=\"high\" decoding=\"async\" width=\"800\" height=\"398\" src=\"https:\/\/i0.wp.com\/blogdoeloiltoncajuhy.com.br\/site\/wp-content\/uploads\/2026\/01\/Duplo-hoicidio-em-Jaguarari-2026-01-13_juntos.png?resize=800%2C398&#038;ssl=1\" alt=\"\" class=\"wp-image-92863\" srcset=\"https:\/\/i0.wp.com\/blogdoeloiltoncajuhy.com.br\/site\/wp-content\/uploads\/2026\/01\/Duplo-hoicidio-em-Jaguarari-2026-01-13_juntos.png?w=848&amp;ssl=1 848w, https:\/\/i0.wp.com\/blogdoeloiltoncajuhy.com.br\/site\/wp-content\/uploads\/2026\/01\/Duplo-hoicidio-em-Jaguarari-2026-01-13_juntos.png?resize=300%2C149&amp;ssl=1 300w, https:\/\/i0.wp.com\/blogdoeloiltoncajuhy.com.br\/site\/wp-content\/uploads\/2026\/01\/Duplo-hoicidio-em-Jaguarari-2026-01-13_juntos.png?resize=768%2C382&amp;ssl=1 768w\" sizes=\"(max-width: 800px) 100vw, 800px\" \/><\/a><figcaption class=\"wp-element-caption\"><sub>Fotos: Pol\u00edcia Civil<\/sub><\/figcaption><\/figure>\n\n\n\n<p>A Pol\u00edcia Civil da Bahia (PCBA), por meio da Delegacia Territorial (DT) de Jaguarari, cumpriu um <strong>Mandado de Pris\u00e3o Tempor\u00e1ria<\/strong> contra um homem de <strong>22 anos<\/strong>, investigado pela pr\u00e1tica de <strong>duplo homic\u00eddio doloso<\/strong> no munic\u00edpio de Jaguarari, no norte do estado.<\/p>\n\n\n\n<p>O mandado refere-se a um crime ocorrido na <strong>madrugada do dia 18 de julho de 2025<\/strong>, quando as v\u00edtimas <strong>Ca\u00edque Emanuel Cardoso dos Santos<\/strong> e <strong>Elias Santana Bispo<\/strong> foram mortas ap\u00f3s serem atingidas por <strong>disparos de arma de fogo<\/strong>.<\/p>\n\n\n\n<p>O fato aconteceu na <strong>Rua do Quip\u00e1, no Distrito de Pilar<\/strong>, zona rural de Jaguarari\/BA. Segundo as investiga\u00e7\u00f5es, ap\u00f3s o crime o suspeito permaneceu <strong>foragido<\/strong>, mobilizando esfor\u00e7os da Pol\u00edcia Civil para sua localiza\u00e7\u00e3o.<\/p>\n\n\n\n<p>Nesta segunda-feira (12), os investigadores conseguiram efetuar a <strong>pris\u00e3o do suspeito<\/strong>, que foi conduzido ao <strong>Conjunto Penal de Juazeiro<\/strong>, onde permanecer\u00e1 <strong>\u00e0 disposi\u00e7\u00e3o da Justi\u00e7a<\/strong>.<\/p>\n","protected":false},"excerpt":{"rendered":"<p>Suspeito de 22 anos \u00e9 preso ap\u00f3s meses foragido e encaminhado ao Conjunto Penal de Juazeiro Por Blog do Eloilton Cajuhy &#8211; BEC >> Siga o canal do BEC no WhatsApp A Pol\u00edcia Civil da Bahia (PCBA), por meio da Delegacia Territorial (DT) de Jaguarari, cumpriu um Mandado de Pris\u00e3o Tempor\u00e1ria contra um homem de [&hellip;]<\/p>\n","protected":false},"author":2,"featured_media":91568,"comment_status":"open","ping_status":"open","sticky":false,"template":"","format":"standard","meta":{"_acf_changed":false,"_monsterinsights_skip_tracking":false,"_monsterinsights_sitenote_active":false,"_monsterinsights_sitenote_note":"","_monsterinsights_sitenote_category":0,"_jetpack_memberships_contains_paid_content":false,"footnotes":"","jetpack_publicize_message":"","jetpack_publicize_feature_enabled":true,"jetpack_social_post_already_shared":true,"jetpack_social_options":{"image_generator_settings":{"template":"highway","default_image_id":0,"font":"","enabled":false},"version":2}},"categories":[15],"tags":[],"class_list":["post-92862","post","type-post","status-publish","format-standard","has-post-thumbnail","hentry","category-policia"],"acf":[],"jetpack_publicize_connections":[],"jetpack_featured_media_url":"https:\/\/i0.wp.com\/blogdoeloiltoncajuhy.com.br\/site\/wp-content\/uploads\/2025\/11\/Policia-Civil-da-Bahia-Foto-PCBA_14.11.25.png?fit=818%2C547&ssl=1","jetpack_sharing_enabled":true,"publishpress_future_workflow_manual_trigger":{"enabledWorkflows":[]},"_links":{"self":[{"href":"https:\/\/blogdoeloiltoncajuhy.com.br\/site\/wp-json\/wp\/v2\/posts\/92862","targetHints":{"allow":["GET"]}}],"collection":[{"href":"https:\/\/blogdoeloiltoncajuhy.com.br\/site\/wp-json\/wp\/v2\/posts"}],"about":[{"href":"https:\/\/blogdoeloiltoncajuhy.com.br\/site\/wp-json\/wp\/v2\/types\/post"}],"author":[{"embeddable":true,"href":"https:\/\/blogdoeloiltoncajuhy.com.br\/site\/wp-json\/wp\/v2\/users\/2"}],"replies":[{"embeddable":true,"href":"https:\/\/blogdoeloiltoncajuhy.com.br\/site\/wp-json\/wp\/v2\/comments?post=92862"}],"version-history":[{"count":1,"href":"https:\/\/blogdoeloiltoncajuhy.com.br\/site\/wp-json\/wp\/v2\/posts\/92862\/revisions"}],"predecessor-version":[{"id":92864,"href":"https:\/\/blogdoeloiltoncajuhy.com.br\/site\/wp-json\/wp\/v2\/posts\/92862\/revisions\/92864"}],"wp:featuredmedia":[{"embeddable":true,"href":"https:\/\/blogdoeloiltoncajuhy.com.br\/site\/wp-json\/wp\/v2\/media\/91568"}],"wp:attachment":[{"href":"https:\/\/blogdoeloiltoncajuhy.com.br\/site\/wp-json\/wp\/v2\/media?parent=92862"}],"wp:term":[{"taxonomy":"category","embeddable":true,"href":"https:\/\/blogdoeloiltoncajuhy.com.br\/site\/wp-json\/wp\/v2\/categories?post=92862"},{"taxonomy":"post_tag","embeddable":true,"href":"https:\/\/blogdoeloiltoncajuhy.com.br\/site\/wp-json\/wp\/v2\/tags?post=92862"}],"curies":[{"name":"wp","href":"https:\/\/api.w.org\/{rel}","templated":true}]}}