{"id":92677,"date":"2026-01-06T14:48:44","date_gmt":"2026-01-06T17:48:44","guid":{"rendered":"https:\/\/blogdoeloiltoncajuhy.com.br\/site\/?p=92677"},"modified":"2026-01-06T14:48:45","modified_gmt":"2026-01-06T17:48:45","slug":"inss-comeca-a-pagar-aposentadorias-com-reajuste-no-dia-26-de-janeiro","status":"publish","type":"post","link":"https:\/\/blogdoeloiltoncajuhy.com.br\/site\/inss-comeca-a-pagar-aposentadorias-com-reajuste-no-dia-26-de-janeiro\/","title":{"rendered":"INSS come\u00e7a a pagar aposentadorias com reajuste no dia 26 de janeiro"},"content":{"rendered":"\n<p class=\"has-medium-font-size\"><strong>Novo piso previdenci\u00e1rio tem reajuste de 6,79% e passa a ser de R$ 1.621<\/strong><\/p>\n\n\n\n<p><strong>Por J\u00falia Galv\u00e3o\/Folha de S.Paulo<\/strong><\/p>\n\n\n\n<p><strong><a href=\"https:\/\/whatsapp.com\/channel\/0029VaAT7tDLI8Yfj5y9Z50Z\" target=\"_blank\" rel=\"noreferrer noopener\"><mark style=\"background-color:rgba(0, 0, 0, 0)\" class=\"has-inline-color has-luminous-vivid-orange-color\">>> Clique aqui e entre no canal do BEC no WhatsApp<\/mark><\/a><\/strong><\/p>\n\n\n\n<figure class=\"wp-block-image aligncenter size-full\"><a href=\"https:\/\/i0.wp.com\/blogdoeloiltoncajuhy.com.br\/site\/wp-content\/uploads\/2025\/08\/Meu-INSS-Foto-INSS.jpeg\"><img data-recalc-dims=\"1\" fetchpriority=\"high\" decoding=\"async\" width=\"648\" height=\"432\" src=\"https:\/\/i0.wp.com\/blogdoeloiltoncajuhy.com.br\/site\/wp-content\/uploads\/2025\/08\/Meu-INSS-Foto-INSS.jpeg?resize=648%2C432\" alt=\"\" class=\"wp-image-89387\" srcset=\"https:\/\/i0.wp.com\/blogdoeloiltoncajuhy.com.br\/site\/wp-content\/uploads\/2025\/08\/Meu-INSS-Foto-INSS.jpeg?w=648&amp;ssl=1 648w, https:\/\/i0.wp.com\/blogdoeloiltoncajuhy.com.br\/site\/wp-content\/uploads\/2025\/08\/Meu-INSS-Foto-INSS.jpeg?resize=300%2C200&amp;ssl=1 300w\" sizes=\"(max-width: 648px) 100vw, 648px\" \/><\/a><figcaption class=\"wp-element-caption\"><sub>Foto: INSS\/Divulga\u00e7\u00e3o<\/sub><\/figcaption><\/figure>\n\n\n\n<p>O Instituto Nacional do Seguro Social (INSS) come\u00e7a a pagar aposentadorias com o reajuste anual entre os dias 26 de janeiro e 6 de fevereiro. As datas foram definidas no calend\u00e1rio anual de pagamentos do \u00f3rg\u00e3o. Quem tem um benef\u00edcio equivalente ao sal\u00e1rio m\u00ednimo receber\u00e1 o novo piso nacional, que em 2026 subiu para R$ 1.621, um reajuste de 6,79%.<\/p>\n\n\n\n<p>Entre os dias 2 e 6 de fevereiro ser\u00e1 feito o primeiro pagamento dos benef\u00edcios acima do sal\u00e1rio m\u00ednimo com o reajuste da infla\u00e7\u00e3o acumulada no ano passado, considerando o \u00cdndice Nacional de Pre\u00e7os ao Consumidor (INPC). O IBGE divulgar\u00e1 o resultado da infla\u00e7\u00e3o de 2025 na pr\u00f3xima sexta-feira (9).<\/p>\n\n\n\n<p>Os pagamentos seguem o n\u00famero final do benef\u00edcio, sem considerar o d\u00edgito verificador que aparece ap\u00f3s o tra\u00e7o. Os primeiros a receber s\u00e3o os aposentados e pensionistas cujo benef\u00edcio termina em 1.<\/p>\n\n\n\n<p>No caso dos benef\u00edcios acima do piso, se o segurado se aposentou ou come\u00e7ou a receber pens\u00e3o ou aux\u00edlio ao longo de 2025 o reajuste corresponder\u00e1 \u00e0 varia\u00e7\u00e3o do INPC entre o m\u00eas da concess\u00e3o do benef\u00edcio at\u00e9 o fim do ano. Ou seja, o \u00edndice \u00e9 proporcional ao n\u00famero de meses em que o benef\u00edcio foi concedido.<\/p>\n\n\n\n<p>Segundo o INSS, o impacto total com o pagamento do novo valor aos benefici\u00e1rios que recebem at\u00e9 um sal\u00e1rio m\u00ednimo ser\u00e1 de cerca de R$ 30,7 bilh\u00f5es. O impacto por cada real de aumento \u00e9 de R$ 298,124 milh\u00f5es. O instituto diz que esse c\u00e1lculo considera somente os benef\u00edcios do Fundo do Regime Geral de Previd\u00eancia Social (FRGPS), ou seja, n\u00e3o inclui benef\u00edcios assistenciais, como BPC\/Loas.<\/p>\n\n\n\n<p>Atualmente, cerca de 21,9 milh\u00f5es de benef\u00edcios t\u00eam o valor de at\u00e9 um sal\u00e1rio m\u00ednimo, n\u00famero que corresponde a 62,5% do total de 35,15 milh\u00f5es de benef\u00edcios da Previd\u00eancia Social.<\/p>\n","protected":false},"excerpt":{"rendered":"<p>Novo piso previdenci\u00e1rio tem reajuste de 6,79% e passa a ser de R$ 1.621 Por J\u00falia Galv\u00e3o\/Folha de S.Paulo >> Clique aqui e entre no canal do BEC no WhatsApp O Instituto Nacional do Seguro Social (INSS) come\u00e7a a pagar aposentadorias com o reajuste anual entre os dias 26 de janeiro e 6 de fevereiro. [&hellip;]<\/p>\n","protected":false},"author":2,"featured_media":63023,"comment_status":"open","ping_status":"open","sticky":false,"template":"","format":"standard","meta":{"_acf_changed":false,"_monsterinsights_skip_tracking":false,"_monsterinsights_sitenote_active":false,"_monsterinsights_sitenote_note":"","_monsterinsights_sitenote_category":0,"_jetpack_memberships_contains_paid_content":false,"footnotes":"","jetpack_publicize_message":"","jetpack_publicize_feature_enabled":true,"jetpack_social_post_already_shared":true,"jetpack_social_options":{"image_generator_settings":{"template":"highway","default_image_id":0,"font":"","enabled":false},"version":2}},"categories":[31],"tags":[],"class_list":["post-92677","post","type-post","status-publish","format-standard","has-post-thumbnail","hentry","category-economia"],"acf":[],"jetpack_publicize_connections":[],"jetpack_featured_media_url":"https:\/\/i0.wp.com\/blogdoeloiltoncajuhy.com.br\/site\/wp-content\/uploads\/2022\/02\/INSS_Prova-de-vida-21022022.jpg?fit=677%2C369&ssl=1","jetpack_sharing_enabled":true,"publishpress_future_workflow_manual_trigger":{"enabledWorkflows":[]},"_links":{"self":[{"href":"https:\/\/blogdoeloiltoncajuhy.com.br\/site\/wp-json\/wp\/v2\/posts\/92677","targetHints":{"allow":["GET"]}}],"collection":[{"href":"https:\/\/blogdoeloiltoncajuhy.com.br\/site\/wp-json\/wp\/v2\/posts"}],"about":[{"href":"https:\/\/blogdoeloiltoncajuhy.com.br\/site\/wp-json\/wp\/v2\/types\/post"}],"author":[{"embeddable":true,"href":"https:\/\/blogdoeloiltoncajuhy.com.br\/site\/wp-json\/wp\/v2\/users\/2"}],"replies":[{"embeddable":true,"href":"https:\/\/blogdoeloiltoncajuhy.com.br\/site\/wp-json\/wp\/v2\/comments?post=92677"}],"version-history":[{"count":1,"href":"https:\/\/blogdoeloiltoncajuhy.com.br\/site\/wp-json\/wp\/v2\/posts\/92677\/revisions"}],"predecessor-version":[{"id":92678,"href":"https:\/\/blogdoeloiltoncajuhy.com.br\/site\/wp-json\/wp\/v2\/posts\/92677\/revisions\/92678"}],"wp:featuredmedia":[{"embeddable":true,"href":"https:\/\/blogdoeloiltoncajuhy.com.br\/site\/wp-json\/wp\/v2\/media\/63023"}],"wp:attachment":[{"href":"https:\/\/blogdoeloiltoncajuhy.com.br\/site\/wp-json\/wp\/v2\/media?parent=92677"}],"wp:term":[{"taxonomy":"category","embeddable":true,"href":"https:\/\/blogdoeloiltoncajuhy.com.br\/site\/wp-json\/wp\/v2\/categories?post=92677"},{"taxonomy":"post_tag","embeddable":true,"href":"https:\/\/blogdoeloiltoncajuhy.com.br\/site\/wp-json\/wp\/v2\/tags?post=92677"}],"curies":[{"name":"wp","href":"https:\/\/api.w.org\/{rel}","templated":true}]}}