{"id":92671,"date":"2026-01-06T09:01:22","date_gmt":"2026-01-06T12:01:22","guid":{"rendered":"https:\/\/blogdoeloiltoncajuhy.com.br\/site\/?p=92671"},"modified":"2026-01-06T09:01:24","modified_gmt":"2026-01-06T12:01:24","slug":"bahia-tem-concursos-publicos-abertos-com-mais-de-mil-vagas-e-salarios-de-ate-r-14-mil-veja","status":"publish","type":"post","link":"https:\/\/blogdoeloiltoncajuhy.com.br\/site\/bahia-tem-concursos-publicos-abertos-com-mais-de-mil-vagas-e-salarios-de-ate-r-14-mil-veja\/","title":{"rendered":"Bahia tem concursos p\u00fablicos abertos com mais de mil vagas e sal\u00e1rios de at\u00e9 R$ 14 mil; veja"},"content":{"rendered":"\n<p class=\"has-medium-font-size\"><strong>H\u00e1 oportunidades em Ca\u00e9m, Feira de Santana, Ilh\u00e9us, entre outras cidades, em diferentes n\u00edveis de conhecimento<\/strong><\/p>\n\n\n\n<p><strong>Por g1 BA<\/strong><\/p>\n\n\n\n<p><strong><a href=\"https:\/\/whatsapp.com\/channel\/0029VaAT7tDLI8Yfj5y9Z50Z\" target=\"_blank\" rel=\"noreferrer noopener\"><mark style=\"background-color:rgba(0, 0, 0, 0)\" class=\"has-inline-color has-luminous-vivid-orange-color\">>> Clique aqui e entre no canal do BEC no WhatsApp<\/mark><\/a><\/strong><\/p>\n\n\n\n<figure class=\"wp-block-image aligncenter size-full is-resized\"><a href=\"https:\/\/i0.wp.com\/blogdoeloiltoncajuhy.com.br\/site\/wp-content\/uploads\/2018\/09\/concursos_set2018.jpg\"><img data-recalc-dims=\"1\" fetchpriority=\"high\" decoding=\"async\" width=\"800\" height=\"533\" src=\"https:\/\/i0.wp.com\/blogdoeloiltoncajuhy.com.br\/site\/wp-content\/uploads\/2018\/09\/concursos_set2018.jpg?resize=800%2C533\" alt=\"\" class=\"wp-image-27615\" style=\"aspect-ratio:1.5000585960389077;width:716px;height:auto\" srcset=\"https:\/\/i0.wp.com\/blogdoeloiltoncajuhy.com.br\/site\/wp-content\/uploads\/2018\/09\/concursos_set2018.jpg?w=984&amp;ssl=1 984w, https:\/\/i0.wp.com\/blogdoeloiltoncajuhy.com.br\/site\/wp-content\/uploads\/2018\/09\/concursos_set2018.jpg?resize=300%2C200&amp;ssl=1 300w, https:\/\/i0.wp.com\/blogdoeloiltoncajuhy.com.br\/site\/wp-content\/uploads\/2018\/09\/concursos_set2018.jpg?resize=768%2C512&amp;ssl=1 768w, https:\/\/i0.wp.com\/blogdoeloiltoncajuhy.com.br\/site\/wp-content\/uploads\/2018\/09\/concursos_set2018.jpg?resize=250%2C167&amp;ssl=1 250w\" sizes=\"(max-width: 800px) 100vw, 800px\" \/><\/a><figcaption class=\"wp-element-caption\"><sub>Foto: Reprodu\u00e7\u00e3o<\/sub><\/figcaption><\/figure>\n\n\n\n<p>Pelo menos cinco concursos p\u00fablicos est\u00e3o com inscri\u00e7\u00f5es abertas na Bahia. O n\u00famero de vagas passa de mil e os sal\u00e1rios podem chegar a R$ 14 mil, a depender da sele\u00e7\u00e3o.<\/p>\n\n\n\n<p>Entre as cidades com possibilidades est\u00e3o Ca\u00e9m, Feira de Santana, Ilh\u00e9us, Porto Seguro, Teixeira de Freitas, Jequi\u00e9, entre outras. As vagas atendem tamb\u00e9m a diferentes n\u00edveis de escolaridade, do fundamental ao superior.<\/p>\n\n\n\n<p>Os interessados devem acessar os editais de cada concurso e conferir os detalhes para se inscrever. <strong><em>(Confira a rela\u00e7\u00e3o abaixo com as principais informa\u00e7\u00f5es)<\/em><\/strong><\/p>\n\n\n\n<p class=\"has-black-color has-text-color has-link-color has-medium-font-size wp-elements-05e919c07224062ee45c80ed10f3c043\"><strong>Prefeitura de Ca\u00e9m<\/strong><\/p>\n\n\n\n<p><strong>Inscri\u00e7\u00f5es:\u00a0<\/strong>at\u00e9 7 de janeiro<br><strong>N\u00famero de vagas:\u00a0<\/strong>61<br><strong>N\u00edvel:\u00a0<\/strong>superior<br><strong>Sal\u00e1rios:\u00a0<\/strong>R$ 2.520,52<br><a href=\"https:\/\/concursos.msconc.com.br\/\" target=\"_blank\" rel=\"noreferrer noopener\" class=\"\"><strong><mark style=\"background-color:rgba(0, 0, 0, 0)\" class=\"has-inline-color has-vivid-cyan-blue-color\">Veja edital<\/mark><\/strong><\/a><\/p>\n\n\n\n<p class=\"has-black-color has-text-color has-link-color has-medium-font-size wp-elements-3269ed62b98281a2ab86dd04db34d41f\"><strong>Prefeitura de Feira de Santana<\/strong><\/p>\n\n\n\n<p><strong>Inscri\u00e7\u00f5es:\u00a0<\/strong>at\u00e9 23 de janeiro<br><strong>N\u00famero de vagas:\u00a0<\/strong>1.000<br><strong>N\u00edvel:\u00a0<\/strong>superior<br><strong>Sal\u00e1rios:\u00a0<\/strong>R$ 5.212,34<br><a href=\"https:\/\/idecan.org.br\/\" target=\"_blank\" rel=\"noreferrer noopener\" class=\"\"><strong><mark style=\"background-color:rgba(0, 0, 0, 0)\" class=\"has-inline-color has-vivid-cyan-blue-color\">Veja edital<\/mark><\/strong><\/a><\/p>\n\n\n\n<p class=\"has-black-color has-text-color has-link-color has-medium-font-size wp-elements-ddc1fd2fb030aa18ffb34d7b1435fb75\"><strong>Universidade Estadual de Feira de Santana<\/strong><\/p>\n\n\n\n<p><strong>Inscri\u00e7\u00f5es:\u00a0<\/strong>at\u00e9 25 de janeiro<br><strong>N\u00famero de vagas:\u00a0<\/strong>91<br><strong>N\u00edveis:\u00a0<\/strong>m\u00e9dio e superior<br><strong>Sal\u00e1rios:\u00a0<\/strong>at\u00e9 R$ 2.696,20<br><a href=\"https:\/\/dhg1h5j42swfq.cloudfront.net\/2025\/12\/20062537\/edital-uefs.pdf\" target=\"_blank\" rel=\"noreferrer noopener\" class=\"\"><strong><mark style=\"background-color:rgba(0, 0, 0, 0)\" class=\"has-inline-color has-vivid-cyan-blue-color\">Veja edital<\/mark><\/strong><\/a><\/p>\n\n\n\n<p class=\"has-black-color has-text-color has-link-color has-medium-font-size wp-elements-2bbb399ce2207ee21bc0e2242e3eccfe\"><strong>Universidade Federal do Sul da Bahia<\/strong><\/p>\n\n\n\n<p><strong>Inscri\u00e7\u00f5es:\u00a0<\/strong>at\u00e9 12 de janeiro<br><strong>N\u00famero de vagas:\u00a0<\/strong>49<br><strong>N\u00edvel:\u00a0<\/strong>superior<br><strong>Sal\u00e1rios:\u00a0<\/strong>at\u00e9 R$ 14 mil<br><a href=\"https:\/\/sig.ufsb.edu.br\/sigrh\/public\/\" target=\"_blank\" rel=\"noreferrer noopener\" class=\"\"><strong><mark style=\"background-color:rgba(0, 0, 0, 0)\" class=\"has-inline-color has-vivid-cyan-blue-color\">Veja edital<\/mark><\/strong><\/a><\/p>\n\n\n\n<p class=\"has-black-color has-text-color has-link-color has-medium-font-size wp-elements-9084d73239f0b762d354dc64c79491d5\"><strong>Marinha do Brasil<\/strong><\/p>\n\n\n\n<p><strong>Inscri\u00e7\u00f5es:\u00a0<\/strong>at\u00e9 27 de janeiro<br><strong>N\u00famero de vagas:<\/strong>\u00a061<br><strong>N\u00edveis:\u00a0<\/strong>fundamental e m\u00e9dio t\u00e9cnico<br><strong>Sal\u00e1rios:\u00a0<\/strong>at\u00e9 R$ 3.835<br><a href=\"https:\/\/www.agencia.marinha.mil.br\/vem-pra-marinha\/inscricoes-abertas-marinha-inicia-selecao-para-pracas-temporarios-com-794-vagas-em\" target=\"_blank\" rel=\"noreferrer noopener\" class=\"\"><strong><mark style=\"background-color:rgba(0, 0, 0, 0)\" class=\"has-inline-color has-vivid-cyan-blue-color\">Veja edital<\/mark><\/strong><\/a><\/p>\n","protected":false},"excerpt":{"rendered":"<p>H\u00e1 oportunidades em Ca\u00e9m, Feira de Santana, Ilh\u00e9us, entre outras cidades, em diferentes n\u00edveis de conhecimento Por g1 BA >> Clique aqui e entre no canal do BEC no WhatsApp Pelo menos cinco concursos p\u00fablicos est\u00e3o com inscri\u00e7\u00f5es abertas na Bahia. O n\u00famero de vagas passa de mil e os sal\u00e1rios podem chegar a R$ [&hellip;]<\/p>\n","protected":false},"author":2,"featured_media":21095,"comment_status":"open","ping_status":"open","sticky":false,"template":"","format":"standard","meta":{"_acf_changed":false,"_monsterinsights_skip_tracking":false,"_monsterinsights_sitenote_active":false,"_monsterinsights_sitenote_note":"","_monsterinsights_sitenote_category":0,"_jetpack_memberships_contains_paid_content":false,"footnotes":"","jetpack_publicize_message":"","jetpack_publicize_feature_enabled":true,"jetpack_social_post_already_shared":true,"jetpack_social_options":{"image_generator_settings":{"template":"highway","default_image_id":0,"font":"","enabled":false},"version":2}},"categories":[32],"tags":[],"class_list":["post-92671","post","type-post","status-publish","format-standard","has-post-thumbnail","hentry","category-emprego"],"acf":[],"jetpack_publicize_connections":[],"jetpack_featured_media_url":"https:\/\/i0.wp.com\/blogdoeloiltoncajuhy.com.br\/site\/wp-content\/uploads\/2017\/10\/concursos_out-17.jpg?fit=550%2C365&ssl=1","jetpack_sharing_enabled":true,"publishpress_future_workflow_manual_trigger":{"enabledWorkflows":[]},"_links":{"self":[{"href":"https:\/\/blogdoeloiltoncajuhy.com.br\/site\/wp-json\/wp\/v2\/posts\/92671","targetHints":{"allow":["GET"]}}],"collection":[{"href":"https:\/\/blogdoeloiltoncajuhy.com.br\/site\/wp-json\/wp\/v2\/posts"}],"about":[{"href":"https:\/\/blogdoeloiltoncajuhy.com.br\/site\/wp-json\/wp\/v2\/types\/post"}],"author":[{"embeddable":true,"href":"https:\/\/blogdoeloiltoncajuhy.com.br\/site\/wp-json\/wp\/v2\/users\/2"}],"replies":[{"embeddable":true,"href":"https:\/\/blogdoeloiltoncajuhy.com.br\/site\/wp-json\/wp\/v2\/comments?post=92671"}],"version-history":[{"count":1,"href":"https:\/\/blogdoeloiltoncajuhy.com.br\/site\/wp-json\/wp\/v2\/posts\/92671\/revisions"}],"predecessor-version":[{"id":92672,"href":"https:\/\/blogdoeloiltoncajuhy.com.br\/site\/wp-json\/wp\/v2\/posts\/92671\/revisions\/92672"}],"wp:featuredmedia":[{"embeddable":true,"href":"https:\/\/blogdoeloiltoncajuhy.com.br\/site\/wp-json\/wp\/v2\/media\/21095"}],"wp:attachment":[{"href":"https:\/\/blogdoeloiltoncajuhy.com.br\/site\/wp-json\/wp\/v2\/media?parent=92671"}],"wp:term":[{"taxonomy":"category","embeddable":true,"href":"https:\/\/blogdoeloiltoncajuhy.com.br\/site\/wp-json\/wp\/v2\/categories?post=92671"},{"taxonomy":"post_tag","embeddable":true,"href":"https:\/\/blogdoeloiltoncajuhy.com.br\/site\/wp-json\/wp\/v2\/tags?post=92671"}],"curies":[{"name":"wp","href":"https:\/\/api.w.org\/{rel}","templated":true}]}}