{"id":92668,"date":"2026-01-06T08:45:43","date_gmt":"2026-01-06T11:45:43","guid":{"rendered":"https:\/\/blogdoeloiltoncajuhy.com.br\/site\/?p=92668"},"modified":"2026-01-06T08:45:45","modified_gmt":"2026-01-06T11:45:45","slug":"adolescente-e-investigado-por-incendiar-corpo-de-homem-em-situacao-de-rua-vitima-ficou-gravemente-ferida","status":"publish","type":"post","link":"https:\/\/blogdoeloiltoncajuhy.com.br\/site\/adolescente-e-investigado-por-incendiar-corpo-de-homem-em-situacao-de-rua-vitima-ficou-gravemente-ferida\/","title":{"rendered":"Adolescente \u00e9 investigado por incendiar corpo de homem em situa\u00e7\u00e3o de rua; v\u00edtima ficou gravemente ferida"},"content":{"rendered":"\n<p class=\"has-medium-font-size\"><strong>Caso aconteceu na cidade de Lu\u00eds Eduardo Magalh\u00e3es, no oeste do estado. V\u00edtima segue internada em estado grave, no Hospital Geral do Estado (HGE), em Salvador<\/strong><\/p>\n\n\n\n<p><strong>Por g1 BA e TV Oeste<\/strong><\/p>\n\n\n\n<p><strong><a href=\"https:\/\/whatsapp.com\/channel\/0029VaAT7tDLI8Yfj5y9Z50Z\" target=\"_blank\" rel=\"noreferrer noopener\"><mark style=\"background-color:rgba(0, 0, 0, 0)\" class=\"has-inline-color has-luminous-vivid-orange-color\">>> Clique aqui e entre no canal do BEC no WhatsApp<\/mark><\/a><\/strong><\/p>\n\n\n\n<figure class=\"wp-block-image aligncenter size-full\"><a href=\"https:\/\/i0.wp.com\/blogdoeloiltoncajuhy.com.br\/site\/wp-content\/uploads\/2026\/01\/Homem-em-situacao-de-rua-ficou-ferido-apos-ter-corpo-incendiado-%E2%80%94-Foto-Blog-Braga.jpg?ssl=1\"><img data-recalc-dims=\"1\" fetchpriority=\"high\" decoding=\"async\" width=\"800\" height=\"480\" src=\"https:\/\/i0.wp.com\/blogdoeloiltoncajuhy.com.br\/site\/wp-content\/uploads\/2026\/01\/Homem-em-situacao-de-rua-ficou-ferido-apos-ter-corpo-incendiado-%E2%80%94-Foto-Blog-Braga.jpg?resize=800%2C480&#038;ssl=1\" alt=\"\" class=\"wp-image-92669\" srcset=\"https:\/\/i0.wp.com\/blogdoeloiltoncajuhy.com.br\/site\/wp-content\/uploads\/2026\/01\/Homem-em-situacao-de-rua-ficou-ferido-apos-ter-corpo-incendiado-%E2%80%94-Foto-Blog-Braga.jpg?w=984&amp;ssl=1 984w, https:\/\/i0.wp.com\/blogdoeloiltoncajuhy.com.br\/site\/wp-content\/uploads\/2026\/01\/Homem-em-situacao-de-rua-ficou-ferido-apos-ter-corpo-incendiado-%E2%80%94-Foto-Blog-Braga.jpg?resize=300%2C180&amp;ssl=1 300w, https:\/\/i0.wp.com\/blogdoeloiltoncajuhy.com.br\/site\/wp-content\/uploads\/2026\/01\/Homem-em-situacao-de-rua-ficou-ferido-apos-ter-corpo-incendiado-%E2%80%94-Foto-Blog-Braga.jpg?resize=768%2C460&amp;ssl=1 768w\" sizes=\"(max-width: 800px) 100vw, 800px\" \/><\/a><figcaption class=\"wp-element-caption\"><sub>Homem em situa\u00e7\u00e3o de rua ficou ferido ap\u00f3s ter corpo incendiado \u2014 Foto: Blog Braga<\/sub><\/figcaption><\/figure>\n\n\n\n<p>Um adolescente foi apreendido nesta segunda-feira (5), investigado por incendiar o corpo de um homem em situa\u00e7\u00e3o de rua, na cidade de Lu\u00eds Eduardo Magalh\u00e3es, no oeste da Bahia. O caso aconteceu no s\u00e1bado (27) e a v\u00edtima segue internada em estado grave, no Hospital Geral do Estado (HGE), em Salvador.<\/p>\n\n\n\n<p>Segundo a Pol\u00edcia Civil, o adolescente foi encontrado escondido em uma fazenda. Ainda n\u00e3o h\u00e1 informa\u00e7\u00f5es sobre o que motivou o crime.<\/p>\n\n\n\n<p>De acordo com o delegado Orlando Corsino, respons\u00e1vel pela investiga\u00e7\u00e3o do caso, o homem foi surpreendido pelo suspeito quando estava deitado em uma passarela. O suspeito jogou uma subst\u00e2ncia inflam\u00e1vel sobre o corpo da v\u00edtima e, em seguida, ateou fogo.<\/p>\n\n\n\n<p>O homem caminhou entre 800 metros e 1 km at\u00e9 uma Unidade de Pronto Atendimento (UPA), onde recebeu atendimento.<\/p>\n\n\n\n<p>Conforme apurou a TV Oeste, afiliada da Rede Bahia na regi\u00e3o, ap\u00f3s atendimento inicial, a v\u00edtima foi transferida de jatinho para o HGE, onde segue internada. Ela teve 50% do corpo queimado e sofreu queimaduras de terceiro grau.<\/p>\n\n\n\n<p>A fam\u00edlia do homem informou que ele tem problemas mentais e estava em situa\u00e7\u00e3o de rua h\u00e1 cerca de cinco anos. Os familiares tamb\u00e9m disseram que h\u00e1 cerca de duas semanas, ele chegou bem machucado na casa de uma tia, ap\u00f3s ter sido agredido na rua. A pol\u00edcia ainda investiga se h\u00e1 rela\u00e7\u00e3o entre as ocorr\u00eancias.<\/p>\n\n\n\n<p>&#8220;Ainda n\u00e3o sabemos exatamente se h\u00e1 uma liga\u00e7\u00e3o entre o primeiro fato e o ocorrido no final de semana. A informa\u00e7\u00e3o que nos chegou \u00e9 que havia, at\u00e9 pelo comportamento da v\u00edtima, algumas rixas com outros moradores de rua&#8221;, diz o delegado.<\/p>\n\n\n\n<p>Em nota, a pol\u00edcia detalhou que o caso \u00e9 investigado como tentativa de homic\u00eddio pela Delegacia Territorial (DT) de Lu\u00eds Eduardo Magalh\u00e3es.<\/p>\n","protected":false},"excerpt":{"rendered":"<p>Caso aconteceu na cidade de Lu\u00eds Eduardo Magalh\u00e3es, no oeste do estado. V\u00edtima segue internada em estado grave, no Hospital Geral do Estado (HGE), em Salvador Por g1 BA e TV Oeste >> Clique aqui e entre no canal do BEC no WhatsApp Um adolescente foi apreendido nesta segunda-feira (5), investigado por incendiar o corpo [&hellip;]<\/p>\n","protected":false},"author":2,"featured_media":92669,"comment_status":"open","ping_status":"open","sticky":false,"template":"","format":"standard","meta":{"_acf_changed":false,"_monsterinsights_skip_tracking":false,"_monsterinsights_sitenote_active":false,"_monsterinsights_sitenote_note":"","_monsterinsights_sitenote_category":0,"_jetpack_memberships_contains_paid_content":false,"footnotes":"","jetpack_publicize_message":"","jetpack_publicize_feature_enabled":true,"jetpack_social_post_already_shared":true,"jetpack_social_options":{"image_generator_settings":{"template":"highway","default_image_id":0,"font":"","enabled":false},"version":2}},"categories":[15],"tags":[],"class_list":["post-92668","post","type-post","status-publish","format-standard","has-post-thumbnail","hentry","category-policia"],"acf":[],"jetpack_publicize_connections":[],"jetpack_featured_media_url":"https:\/\/i0.wp.com\/blogdoeloiltoncajuhy.com.br\/site\/wp-content\/uploads\/2026\/01\/Homem-em-situacao-de-rua-ficou-ferido-apos-ter-corpo-incendiado-%E2%80%94-Foto-Blog-Braga.jpg?fit=984%2C590&ssl=1","jetpack_sharing_enabled":true,"publishpress_future_workflow_manual_trigger":{"enabledWorkflows":[]},"_links":{"self":[{"href":"https:\/\/blogdoeloiltoncajuhy.com.br\/site\/wp-json\/wp\/v2\/posts\/92668","targetHints":{"allow":["GET"]}}],"collection":[{"href":"https:\/\/blogdoeloiltoncajuhy.com.br\/site\/wp-json\/wp\/v2\/posts"}],"about":[{"href":"https:\/\/blogdoeloiltoncajuhy.com.br\/site\/wp-json\/wp\/v2\/types\/post"}],"author":[{"embeddable":true,"href":"https:\/\/blogdoeloiltoncajuhy.com.br\/site\/wp-json\/wp\/v2\/users\/2"}],"replies":[{"embeddable":true,"href":"https:\/\/blogdoeloiltoncajuhy.com.br\/site\/wp-json\/wp\/v2\/comments?post=92668"}],"version-history":[{"count":1,"href":"https:\/\/blogdoeloiltoncajuhy.com.br\/site\/wp-json\/wp\/v2\/posts\/92668\/revisions"}],"predecessor-version":[{"id":92670,"href":"https:\/\/blogdoeloiltoncajuhy.com.br\/site\/wp-json\/wp\/v2\/posts\/92668\/revisions\/92670"}],"wp:featuredmedia":[{"embeddable":true,"href":"https:\/\/blogdoeloiltoncajuhy.com.br\/site\/wp-json\/wp\/v2\/media\/92669"}],"wp:attachment":[{"href":"https:\/\/blogdoeloiltoncajuhy.com.br\/site\/wp-json\/wp\/v2\/media?parent=92668"}],"wp:term":[{"taxonomy":"category","embeddable":true,"href":"https:\/\/blogdoeloiltoncajuhy.com.br\/site\/wp-json\/wp\/v2\/categories?post=92668"},{"taxonomy":"post_tag","embeddable":true,"href":"https:\/\/blogdoeloiltoncajuhy.com.br\/site\/wp-json\/wp\/v2\/tags?post=92668"}],"curies":[{"name":"wp","href":"https:\/\/api.w.org\/{rel}","templated":true}]}}