{"id":92663,"date":"2026-01-06T00:10:00","date_gmt":"2026-01-06T03:10:00","guid":{"rendered":"https:\/\/blogdoeloiltoncajuhy.com.br\/site\/?p=92663"},"modified":"2026-01-05T19:19:09","modified_gmt":"2026-01-05T22:19:09","slug":"concurso-da-camara-dos-deputados-esta-com-inscricoes-abertas","status":"publish","type":"post","link":"https:\/\/blogdoeloiltoncajuhy.com.br\/site\/concurso-da-camara-dos-deputados-esta-com-inscricoes-abertas\/","title":{"rendered":"Concurso da C\u00e2mara dos Deputados est\u00e1 com inscri\u00e7\u00f5es abertas"},"content":{"rendered":"\n<p class=\"has-medium-font-size\"><strong>Pedidos de isen\u00e7\u00e3o da taxa de inscri\u00e7\u00e3o devem ser feitos at\u00e9 o dia 12<\/strong><\/p>\n\n\n\n<p><strong>Por Daniella Almeida\/Ag\u00eancia Brasil<\/strong><\/p>\n\n\n\n<p><strong><a href=\"https:\/\/whatsapp.com\/channel\/0029VaAT7tDLI8Yfj5y9Z50Z\" target=\"_blank\" rel=\"noreferrer noopener\"><mark style=\"background-color:rgba(0, 0, 0, 0)\" class=\"has-inline-color has-luminous-vivid-orange-color\">>> Clique aqui e entre no canal do BEC no WhatsApp<\/mark><\/a><\/strong><\/p>\n\n\n\n<figure class=\"wp-block-image aligncenter size-full\"><a href=\"https:\/\/i0.wp.com\/blogdoeloiltoncajuhy.com.br\/site\/wp-content\/uploads\/2024\/11\/Camara-dos-Deputados-2024-11-05-reproducao.jpeg\"><img data-recalc-dims=\"1\" fetchpriority=\"high\" decoding=\"async\" width=\"760\" height=\"506\" src=\"https:\/\/i0.wp.com\/blogdoeloiltoncajuhy.com.br\/site\/wp-content\/uploads\/2024\/11\/Camara-dos-Deputados-2024-11-05-reproducao.jpeg?resize=760%2C506\" alt=\"\" class=\"wp-image-84057\" srcset=\"https:\/\/i0.wp.com\/blogdoeloiltoncajuhy.com.br\/site\/wp-content\/uploads\/2024\/11\/Camara-dos-Deputados-2024-11-05-reproducao.jpeg?w=760&amp;ssl=1 760w, https:\/\/i0.wp.com\/blogdoeloiltoncajuhy.com.br\/site\/wp-content\/uploads\/2024\/11\/Camara-dos-Deputados-2024-11-05-reproducao.jpeg?resize=300%2C200&amp;ssl=1 300w\" sizes=\"(max-width: 760px) 100vw, 760px\" \/><\/a><\/figure>\n\n\n\n<p>As inscri\u00e7\u00f5es para o concurso p\u00fablico da C\u00e2mara dos Deputados foram abertas nesta segunda-feira (05) e podem ser feitas no <a href=\"https:\/\/www.cebraspe.org.br\/concursos\/cd_25_ns\"><strong><mark style=\"background-color:rgba(0, 0, 0, 0)\" class=\"has-inline-color has-vivid-cyan-blue-color\">site do Centro Brasileiro de Pesquisa em Avalia\u00e7\u00e3o e Sele\u00e7\u00e3o e de Promo\u00e7\u00e3o de Eventos<\/mark><\/strong><\/a> (Cebraspe), banca examinadora contratada para executar o certame.<\/p>\n\n\n\n<p>As inscri\u00e7\u00f5es podem ser feitas at\u00e9 as 18h de 26 de janeiro, no hor\u00e1rio de Bras\u00edlia.<\/p>\n\n\n\n<p class=\"has-black-color has-text-color has-link-color has-medium-font-size wp-elements-053c42c16dd6c7ba461ed35fecab9564\"><strong>Vagas<\/strong><\/p>\n\n\n\n<p class=\"has-black-color has-text-color has-link-color wp-elements-2d05a4e1286d8740c71d565d085ae6ca\"><strong>As 70 vagas imediatas s\u00e3o para os seguintes cargos, ambos de n\u00edvel superior:<\/strong><\/p>\n\n\n\n<p>\u2981 35 para analista legislativo \u2013 especialidade processo legislativo e gest\u00e3o;<\/p>\n\n\n\n<p>\u2981 35 vagas t\u00e9cnico legislativo \u2013 especialidade assistente legislativo e administrativo.<\/p>\n\n\n\n<p class=\"has-black-color has-text-color has-link-color wp-elements-c3c28a2fe8d689ee64954950f5299a4e\"><strong>O edital do concurso prev\u00ea mais 70 vagas em cadastro de reserva.<\/strong><\/p>\n\n\n\n<p>Os candidatos podem ter curso de gradua\u00e7\u00e3o em qualquer \u00e1rea de forma\u00e7\u00e3o, com diploma fornecido por institui\u00e7\u00e3o de ensino superior (IES) reconhecida pelo Minist\u00e9rio da Educa\u00e7\u00e3o (MEC).<\/p>\n\n\n\n<p>Do total das vagas do concurso, 30% ser\u00e3o reservadas da seguinte forma:<\/p>\n\n\n\n<ul class=\"wp-block-list\">\n<li>25% para candidatos negros;<\/li>\n<\/ul>\n\n\n\n<ul class=\"wp-block-list\">\n<li>3% para candidatos ind\u00edgenas; e<\/li>\n<\/ul>\n\n\n\n<ul class=\"wp-block-list\">\n<li>2% para candidatos quilombolas.<\/li>\n<\/ul>\n\n\n\n<p><\/p>\n\n\n\n<p>Para concorrer \u00e0s vagas reservadas, o candidato dever\u00e1, no ato de inscri\u00e7\u00e3o, indicar que deseja concorrer \u00e0s vagas reservadas e autodeclarar-se negro (preto ou pardo), ind\u00edgena ou quilombola, conforme quesito cor ou ra\u00e7a adotado pela Funda\u00e7\u00e3o Instituto Brasileiro de Geografia e Estat\u00edstica (IBGE).<\/p>\n\n\n\n<p class=\"has-black-color has-text-color has-link-color has-medium-font-size wp-elements-c916261ca0deaa34e8e8adcef924d835\"><strong>Taxa de inscri\u00e7\u00e3o<\/strong><\/p>\n\n\n\n<p class=\"has-black-color has-text-color has-link-color wp-elements-a3142db793bce3d4decba7d39f6bf40d\"><strong>Conforme o edital, a taxa de inscri\u00e7\u00e3o foi determinada em R$ 100 para concorrer ao cargo de t\u00e9cnico legislativo; e R$ 130 para o de analista legislativo.<\/strong><\/p>\n\n\n\n<p>A data final para o pagamento da taxa de inscri\u00e7\u00e3o \u00e9 28 de janeiro. O candidato dever\u00e1 efetuar o pagamento por meio da Guia de Recolhimento da Uni\u00e3o (GRU Cobran\u00e7a). O documento apresentar\u00e1 QR code que possibilita o pagamento por Pix.<\/p>\n\n\n\n<p class=\"has-black-color has-text-color has-link-color has-medium-font-size wp-elements-22ac921c42c8aa12fcc1f4fa849c7116\"><strong>Pedidos de isen\u00e7\u00e3o da taxa<\/strong><\/p>\n\n\n\n<p>Somente os candidatos com inscri\u00e7\u00e3o ativa no Cadastro \u00danico para Programas Sociais do governo federal (Cad\u00danico) e doadores de medula \u00f3ssea em entidades reconhecidas pelo Minist\u00e9rio da Sa\u00fade poder\u00e3o solicitar a isen\u00e7\u00e3o do pagamento da taxa de inscri\u00e7\u00e3o. O per\u00edodo para pedir a isen\u00e7\u00e3o \u00e9 de hoje (5) a 12 de janeiro.<\/p>\n\n\n\n<p>No aplicativo de inscri\u00e7\u00e3o, o interessado deve indicar o N\u00famero de Identifica\u00e7\u00e3o Social (NIS), atribu\u00eddo pelo Cad\u00danico.<\/p>\n\n\n\n<p class=\"has-black-color has-text-color has-link-color has-medium-font-size wp-elements-02107a6c00e11f3e4c1b762cc64ba139\"><strong>Remunera\u00e7\u00e3o<\/strong><\/p>\n\n\n\n<p>A remunera\u00e7\u00e3o mensal dos aprovados no concurso da C\u00e2mara Federal varia de R$ 21.008,19 at\u00e9 R$ 30.853,99, conforme o cargo (t\u00e9cnico e analista). A jornada de trabalho \u00e9 de 40 horas semanais para todos os cargos.<\/p>\n\n\n\n<p class=\"has-black-color has-text-color has-link-color has-medium-font-size wp-elements-962270bfe72958cf39c037e549986727\"><strong>Provas<\/strong><\/p>\n\n\n\n<p>As provas objetivas e discursivas ser\u00e3o aplicadas em todas as capitais do pa\u00eds, em 8 de mar\u00e7o, nos turnos da manh\u00e3 e tarde. A etapa \u00e9 eliminat\u00f3ria e classificat\u00f3ria.<\/p>\n\n\n\n<p>As provas objetivas ter\u00e3o dura\u00e7\u00e3o de cinco horas e a discursiva, de tr\u00eas horas.<\/p>\n\n\n\n<p>Conforme descrito no edital, as provas objetivas ter\u00e3o 90 quest\u00f5es de conhecimentos gerais e 90 de conhecimentos espec\u00edficos.<\/p>\n\n\n\n<p>Para conhecer os detalhes do novo concurso da C\u00e2mara dos Deputados, acesse o <a href=\"https:\/\/www.cebraspe.org.br\/concursos\/cd_25_ns\"><strong><mark style=\"background-color:rgba(0, 0, 0, 0)\" class=\"has-inline-color has-vivid-cyan-blue-color\">site do processo seletivo<\/mark><\/strong><\/a> e o <a href=\"https:\/\/www2.camara.leg.br\/transparencia\/recursos-humanos\/concursos\/arquivos\/arquivos-2025\/edital-1-30-dez\"><strong><mark style=\"background-color:rgba(0, 0, 0, 0)\" class=\"has-inline-color has-vivid-cyan-blue-color\">edital p\u00fablico<\/mark><\/strong><\/a>.<\/p>\n","protected":false},"excerpt":{"rendered":"<p>Pedidos de isen\u00e7\u00e3o da taxa de inscri\u00e7\u00e3o devem ser feitos at\u00e9 o dia 12 Por Daniella Almeida\/Ag\u00eancia Brasil >> Clique aqui e entre no canal do BEC no WhatsApp As inscri\u00e7\u00f5es para o concurso p\u00fablico da C\u00e2mara dos Deputados foram abertas nesta segunda-feira (05) e podem ser feitas no site do Centro Brasileiro de Pesquisa [&hellip;]<\/p>\n","protected":false},"author":2,"featured_media":83920,"comment_status":"open","ping_status":"open","sticky":false,"template":"","format":"standard","meta":{"_acf_changed":false,"_monsterinsights_skip_tracking":false,"_monsterinsights_sitenote_active":false,"_monsterinsights_sitenote_note":"","_monsterinsights_sitenote_category":0,"_jetpack_memberships_contains_paid_content":false,"footnotes":"","jetpack_publicize_message":"","jetpack_publicize_feature_enabled":true,"jetpack_social_post_already_shared":true,"jetpack_social_options":{"image_generator_settings":{"template":"highway","default_image_id":0,"font":"","enabled":false},"version":2}},"categories":[32],"tags":[],"class_list":["post-92663","post","type-post","status-publish","format-standard","has-post-thumbnail","hentry","category-emprego"],"acf":[],"jetpack_publicize_connections":[],"jetpack_featured_media_url":"https:\/\/i0.wp.com\/blogdoeloiltoncajuhy.com.br\/site\/wp-content\/uploads\/2024\/10\/Camara-dos-Deputados_Divulgacao.jpg?fit=665%2C275&ssl=1","jetpack_sharing_enabled":true,"publishpress_future_workflow_manual_trigger":{"enabledWorkflows":[]},"_links":{"self":[{"href":"https:\/\/blogdoeloiltoncajuhy.com.br\/site\/wp-json\/wp\/v2\/posts\/92663","targetHints":{"allow":["GET"]}}],"collection":[{"href":"https:\/\/blogdoeloiltoncajuhy.com.br\/site\/wp-json\/wp\/v2\/posts"}],"about":[{"href":"https:\/\/blogdoeloiltoncajuhy.com.br\/site\/wp-json\/wp\/v2\/types\/post"}],"author":[{"embeddable":true,"href":"https:\/\/blogdoeloiltoncajuhy.com.br\/site\/wp-json\/wp\/v2\/users\/2"}],"replies":[{"embeddable":true,"href":"https:\/\/blogdoeloiltoncajuhy.com.br\/site\/wp-json\/wp\/v2\/comments?post=92663"}],"version-history":[{"count":1,"href":"https:\/\/blogdoeloiltoncajuhy.com.br\/site\/wp-json\/wp\/v2\/posts\/92663\/revisions"}],"predecessor-version":[{"id":92664,"href":"https:\/\/blogdoeloiltoncajuhy.com.br\/site\/wp-json\/wp\/v2\/posts\/92663\/revisions\/92664"}],"wp:featuredmedia":[{"embeddable":true,"href":"https:\/\/blogdoeloiltoncajuhy.com.br\/site\/wp-json\/wp\/v2\/media\/83920"}],"wp:attachment":[{"href":"https:\/\/blogdoeloiltoncajuhy.com.br\/site\/wp-json\/wp\/v2\/media?parent=92663"}],"wp:term":[{"taxonomy":"category","embeddable":true,"href":"https:\/\/blogdoeloiltoncajuhy.com.br\/site\/wp-json\/wp\/v2\/categories?post=92663"},{"taxonomy":"post_tag","embeddable":true,"href":"https:\/\/blogdoeloiltoncajuhy.com.br\/site\/wp-json\/wp\/v2\/tags?post=92663"}],"curies":[{"name":"wp","href":"https:\/\/api.w.org\/{rel}","templated":true}]}}