{"id":92660,"date":"2026-01-06T00:10:00","date_gmt":"2026-01-06T03:10:00","guid":{"rendered":"https:\/\/blogdoeloiltoncajuhy.com.br\/site\/?p=92660"},"modified":"2026-01-05T19:05:32","modified_gmt":"2026-01-05T22:05:32","slug":"governo-federal-abre-selecao-com-bolsas-para-formacao-de-agentes-populares-de-saude","status":"publish","type":"post","link":"https:\/\/blogdoeloiltoncajuhy.com.br\/site\/governo-federal-abre-selecao-com-bolsas-para-formacao-de-agentes-populares-de-saude\/","title":{"rendered":"Governo Federal abre sele\u00e7\u00e3o com bolsas para forma\u00e7\u00e3o de agentes populares de sa\u00fade"},"content":{"rendered":"\n<p class=\"has-medium-font-size\"><strong>Edital vai selecionar movimentos sociais para criar 450 turmas em 17 unidades da Federa\u00e7\u00e3o. Inscri\u00e7\u00f5es podem ser feitas at\u00e9 18 de janeiro e a estimativa \u00e9 de apoio para at\u00e9 9 mil estudantes<\/strong><\/p>\n\n\n\n<p><strong>Blog do Eloilton Cajuhy &#8211; BEC<\/strong><\/p>\n\n\n\n<p><strong><a href=\"https:\/\/whatsapp.com\/channel\/0029VaAT7tDLI8Yfj5y9Z50Z\" target=\"_blank\" rel=\"noreferrer noopener\"><mark style=\"background-color:rgba(0, 0, 0, 0)\" class=\"has-inline-color has-luminous-vivid-orange-color\">>> Clique aqui e entre no canal do BEC no WhatsApp<\/mark><\/a><\/strong><\/p>\n\n\n\n<figure class=\"wp-block-image aligncenter size-full\"><a href=\"https:\/\/i0.wp.com\/blogdoeloiltoncajuhy.com.br\/site\/wp-content\/uploads\/2026\/01\/GOVFED_Agencia-Brasileira-de-Apoio-a-Gestao-do-SUS-AgSUS-Foto-Nadia-Conceicao-MS.jpg?ssl=1\"><img data-recalc-dims=\"1\" fetchpriority=\"high\" decoding=\"async\" width=\"768\" height=\"512\" src=\"https:\/\/i0.wp.com\/blogdoeloiltoncajuhy.com.br\/site\/wp-content\/uploads\/2026\/01\/GOVFED_Agencia-Brasileira-de-Apoio-a-Gestao-do-SUS-AgSUS-Foto-Nadia-Conceicao-MS.jpg?resize=768%2C512&#038;ssl=1\" alt=\"\" class=\"wp-image-92661\" srcset=\"https:\/\/i0.wp.com\/blogdoeloiltoncajuhy.com.br\/site\/wp-content\/uploads\/2026\/01\/GOVFED_Agencia-Brasileira-de-Apoio-a-Gestao-do-SUS-AgSUS-Foto-Nadia-Conceicao-MS.jpg?w=768&amp;ssl=1 768w, https:\/\/i0.wp.com\/blogdoeloiltoncajuhy.com.br\/site\/wp-content\/uploads\/2026\/01\/GOVFED_Agencia-Brasileira-de-Apoio-a-Gestao-do-SUS-AgSUS-Foto-Nadia-Conceicao-MS.jpg?resize=300%2C200&amp;ssl=1 300w\" sizes=\"(max-width: 768px) 100vw, 768px\" \/><\/a><figcaption class=\"wp-element-caption\"><sub>A a\u00e7\u00e3o \u00e9 executada pelo Minist\u00e9rio da Sa\u00fade em parceria com a Ag\u00eancia Brasileira de Apoio \u00e0 Gest\u00e3o do SUS (AgSUS). A sele\u00e7\u00e3o pode beneficiar at\u00e9 9 mil estudantes &#8211; Foto: N\u00e1dia Concei\u00e7\u00e3o\/MS<\/sub><\/figcaption><\/figure>\n\n\n\n<p>O Governo Federal lan\u00e7ou um <a href=\"https:\/\/agenciasus.org.br\/shared-files\/22604\/?EDITAL-No-12026-AgPopSUS.pdf\"><strong><mark style=\"background-color:rgba(0, 0, 0, 0)\" class=\"has-inline-color has-vivid-cyan-blue-color\">novo edital<\/mark><\/strong><\/a> do <a href=\"https:\/\/www.gov.br\/saude\/pt-br\/composicao\/sgtes\/agpopsus\"><strong><mark style=\"background-color:rgba(0, 0, 0, 0)\" class=\"has-inline-color has-vivid-cyan-blue-color\">Programa de Forma\u00e7\u00e3o de Agentes Educadoras e Educadores Populares de Sa\u00fade (AgPopSUS)<\/mark><\/strong><\/a>. A chamada p\u00fablica, aberta at\u00e9 o dia 18 de janeiro, tem como objetivo selecionar movimentos sociais populares para a forma\u00e7\u00e3o de 450 turmas. A iniciativa prev\u00ea o pagamento de bolsas de R$ 2.500,00 para educadores e aux\u00edlio de R$ 560,00 para estudantes, para deslocamento e outras despesas.<\/p>\n\n\n\n<p>A a\u00e7\u00e3o \u00e9 executada pelo Minist\u00e9rio da Sa\u00fade em parceria com a Ag\u00eancia Brasileira de Apoio \u00e0 Gest\u00e3o do SUS (AgSUS). Ao todo, a sele\u00e7\u00e3o pode beneficiar at\u00e9 9 mil estudantes em 17 unidades da Federa\u00e7\u00e3o. Cada turma ser\u00e1 composta por um educador e 20 educandos.<\/p>\n\n\n\n<p><a href=\"https:\/\/agenciasus.org.br\/shared-files\/22604\/?EDITAL-No-12026-AgPopSUS.pdf\" target=\"_blank\" rel=\"noreferrer noopener\"><strong><mark style=\"background-color:rgba(0, 0, 0, 0)\" class=\"has-inline-color has-vivid-cyan-blue-color\">Confira o edital<\/mark><\/strong><\/a><\/p>\n\n\n\n<blockquote class=\"wp-block-quote is-layout-flow wp-block-quote-is-layout-flow\">\n<blockquote class=\"wp-block-quote is-layout-flow wp-block-quote-is-layout-flow\">\n<blockquote class=\"wp-block-quote is-layout-flow wp-block-quote-is-layout-flow\"><\/blockquote>\n<\/blockquote>\n<\/blockquote>\n\n\n\n<p class=\"has-black-color has-text-color has-link-color has-medium-font-size wp-elements-ba3fd883235db8448cae025e154ca7dc\"><strong>Participa\u00e7\u00e3o Popular<\/strong><\/p>\n\n\n\n<p>O secret\u00e1rio de Gest\u00e3o do Trabalho e da Educa\u00e7\u00e3o na Sa\u00fade, Felipe Proen\u00e7o, destacou que o edital refor\u00e7a a participa\u00e7\u00e3o popular no \u00e2mbito do SUS. \u201cO programa fortalece ainda mais a sa\u00fade e a participa\u00e7\u00e3o popular como direitos presentes na constru\u00e7\u00e3o di\u00e1ria do SUS, a partir da mobiliza\u00e7\u00e3o dos volunt\u00e1rios que organizam a comunidade onde vivem para garantir direitos sociais. Tamb\u00e9m reconhece o not\u00f3rio saber de mestres da cultura popular, incentivando e valorizando as pr\u00e1ticas tradicionais e populares de cuidado\u201d, disse.<\/p>\n\n\n\n<blockquote class=\"wp-block-quote is-layout-flow wp-block-quote-is-layout-flow\">\n<p><strong><mark style=\"background-color:rgba(0, 0, 0, 0)\" class=\"has-inline-color has-black-color\">O programa fortalece ainda mais a sa\u00fade e a participa\u00e7\u00e3o popular como direitos presentes na constru\u00e7\u00e3o di\u00e1ria do SUS, a partir da mobiliza\u00e7\u00e3o dos volunt\u00e1rios que organizam a comunidade onde vivem para garantir direitos sociais&#8221;. Felipe Proen\u00e7o &#8211; Secret\u00e1rio de Gest\u00e3o do Trabalho e da Educa\u00e7\u00e3o na Sa\u00fade.<\/mark><\/strong><\/p>\n<\/blockquote>\n\n\n\n<p class=\"has-black-color has-text-color has-link-color has-medium-font-size wp-elements-e53205da224575827ad62fb56021aec3\"><strong>Tira-d\u00favidas<\/strong><\/p>\n\n\n\n<p>Haver\u00e1 uma sess\u00e3o p\u00fablica virtual para esclarecimento de d\u00favidas no dia 9 de janeiro, pelo <a href=\"https:\/\/www.youtube.com\/@agenciasus\"><strong><mark style=\"background-color:rgba(0, 0, 0, 0)\" class=\"has-inline-color has-vivid-cyan-blue-color\">Canal do YouTube da AgSUS<\/mark><\/strong><\/a>. O resultado preliminar est\u00e1 previsto para 5 de fevereiro, e o resultado final ser\u00e1 publicado em 12 de fevereiro de 2026 Ap\u00f3s a sele\u00e7\u00e3o, os movimentos classificados dever\u00e3o indicar seus educadores e educadoras, que participar\u00e3o da forma\u00e7\u00e3o inicial em mar\u00e7o. As turmas come\u00e7am a funcionar entre mar\u00e7o e abril de 2026.<\/p>\n\n\n\n<p class=\"has-black-color has-text-color has-link-color has-medium-font-size wp-elements-93733d0d9d717733acd2fd64fe7c924b\"><strong>Forma\u00e7\u00e3o<\/strong><\/p>\n\n\n\n<p>O curso de forma\u00e7\u00e3o levar\u00e1 em conta a distribui\u00e7\u00e3o das turmas nos estados. A prioridade ser\u00e1 garantir equidade, levando em conta onde h\u00e1 maior concentra\u00e7\u00e3o de pobreza, o impacto em escala, com foco nas \u00e1reas com maior volume populacional vulner\u00e1vel, e o tamanho da popula\u00e7\u00e3o. As turmas estar\u00e3o presentes em Alagoas, Bahia, Cear\u00e1, Esp\u00edrito Santo, Goi\u00e1s, Minas Gerais, Para\u00edba, Paran\u00e1, Pernambuco, Piau\u00ed, Rio de Janeiro, Rio Grande do Norte, Rio Grande do Sul, Santa Catarina, S\u00e3o Paulo, Sergipe e Distrito Federal.<\/p>\n\n\n\n<p class=\"has-black-color has-text-color has-link-color has-medium-font-size wp-elements-16a49900bbd5bcd4a1e950ece00aa57e\"><strong>Cuidado e educa\u00e7\u00e3o<\/strong><\/p>\n\n\n\n<p>Luciana Maciel, diretora de Aten\u00e7\u00e3o Integral \u00e0 Sa\u00fade da AgSUS, refor\u00e7ou que a forma\u00e7\u00e3o vai al\u00e9m da sala de aula. \u201cCom essa forma\u00e7\u00e3o, qualificamos pessoas para atuar junto \u00e0s suas comunidades, promovendo sa\u00fade, direitos e a defesa do SUS. \u00c9 uma oportunidade de construir uma rede nacional de agentes comprometidos com o cuidado, a educa\u00e7\u00e3o popular e a equidade no Sistema \u00danico de Sa\u00fade\u201d, afirmou.<\/p>\n","protected":false},"excerpt":{"rendered":"<p>Edital vai selecionar movimentos sociais para criar 450 turmas em 17 unidades da Federa\u00e7\u00e3o. Inscri\u00e7\u00f5es podem ser feitas at\u00e9 18 de janeiro e a estimativa \u00e9 de apoio para at\u00e9 9 mil estudantes Blog do Eloilton Cajuhy &#8211; BEC >> Clique aqui e entre no canal do BEC no WhatsApp O Governo Federal lan\u00e7ou um [&hellip;]<\/p>\n","protected":false},"author":2,"featured_media":92661,"comment_status":"open","ping_status":"open","sticky":false,"template":"","format":"standard","meta":{"_acf_changed":false,"_monsterinsights_skip_tracking":false,"_monsterinsights_sitenote_active":false,"_monsterinsights_sitenote_note":"","_monsterinsights_sitenote_category":0,"_jetpack_memberships_contains_paid_content":false,"footnotes":"","jetpack_publicize_message":"","jetpack_publicize_feature_enabled":true,"jetpack_social_post_already_shared":true,"jetpack_social_options":{"image_generator_settings":{"template":"highway","default_image_id":0,"font":"","enabled":false},"version":2}},"categories":[7],"tags":[],"class_list":["post-92660","post","type-post","status-publish","format-standard","has-post-thumbnail","hentry","category-saude"],"acf":[],"jetpack_publicize_connections":[],"jetpack_featured_media_url":"https:\/\/i0.wp.com\/blogdoeloiltoncajuhy.com.br\/site\/wp-content\/uploads\/2026\/01\/GOVFED_Agencia-Brasileira-de-Apoio-a-Gestao-do-SUS-AgSUS-Foto-Nadia-Conceicao-MS.jpg?fit=768%2C512&ssl=1","jetpack_sharing_enabled":true,"publishpress_future_workflow_manual_trigger":{"enabledWorkflows":[]},"_links":{"self":[{"href":"https:\/\/blogdoeloiltoncajuhy.com.br\/site\/wp-json\/wp\/v2\/posts\/92660","targetHints":{"allow":["GET"]}}],"collection":[{"href":"https:\/\/blogdoeloiltoncajuhy.com.br\/site\/wp-json\/wp\/v2\/posts"}],"about":[{"href":"https:\/\/blogdoeloiltoncajuhy.com.br\/site\/wp-json\/wp\/v2\/types\/post"}],"author":[{"embeddable":true,"href":"https:\/\/blogdoeloiltoncajuhy.com.br\/site\/wp-json\/wp\/v2\/users\/2"}],"replies":[{"embeddable":true,"href":"https:\/\/blogdoeloiltoncajuhy.com.br\/site\/wp-json\/wp\/v2\/comments?post=92660"}],"version-history":[{"count":1,"href":"https:\/\/blogdoeloiltoncajuhy.com.br\/site\/wp-json\/wp\/v2\/posts\/92660\/revisions"}],"predecessor-version":[{"id":92662,"href":"https:\/\/blogdoeloiltoncajuhy.com.br\/site\/wp-json\/wp\/v2\/posts\/92660\/revisions\/92662"}],"wp:featuredmedia":[{"embeddable":true,"href":"https:\/\/blogdoeloiltoncajuhy.com.br\/site\/wp-json\/wp\/v2\/media\/92661"}],"wp:attachment":[{"href":"https:\/\/blogdoeloiltoncajuhy.com.br\/site\/wp-json\/wp\/v2\/media?parent=92660"}],"wp:term":[{"taxonomy":"category","embeddable":true,"href":"https:\/\/blogdoeloiltoncajuhy.com.br\/site\/wp-json\/wp\/v2\/categories?post=92660"},{"taxonomy":"post_tag","embeddable":true,"href":"https:\/\/blogdoeloiltoncajuhy.com.br\/site\/wp-json\/wp\/v2\/tags?post=92660"}],"curies":[{"name":"wp","href":"https:\/\/api.w.org\/{rel}","templated":true}]}}