{"id":92655,"date":"2026-01-06T00:10:00","date_gmt":"2026-01-06T03:10:00","guid":{"rendered":"https:\/\/blogdoeloiltoncajuhy.com.br\/site\/?p=92655"},"modified":"2026-01-05T18:44:55","modified_gmt":"2026-01-05T21:44:55","slug":"janeiro-branco-saude-mental-em-adolescentes-e-jovens-exige-cuidado-diante-da-ansiedade-crescente-e-do-autodiagnostico-disponivel-nas-redes","status":"publish","type":"post","link":"https:\/\/blogdoeloiltoncajuhy.com.br\/site\/janeiro-branco-saude-mental-em-adolescentes-e-jovens-exige-cuidado-diante-da-ansiedade-crescente-e-do-autodiagnostico-disponivel-nas-redes\/","title":{"rendered":"Janeiro Branco: sa\u00fade mental em adolescentes e jovens exige cuidado diante da ansiedade crescente e do autodiagnostico dispon\u00edvel nas redes"},"content":{"rendered":"\n<p class=\"has-medium-font-size\"><strong>Segundo levantamento, mais da metade dos adolescentes brasileiros se sentem frequentemente preocupados<\/strong><\/p>\n\n\n\n<p><strong>Blog do Eloilton Cajuhy &#8211; BEC<\/strong><\/p>\n\n\n\n<p><strong><a href=\"https:\/\/whatsapp.com\/channel\/0029VaAT7tDLI8Yfj5y9Z50Z\" target=\"_blank\" rel=\"noreferrer noopener\"><mark style=\"background-color:rgba(0, 0, 0, 0)\" class=\"has-inline-color has-luminous-vivid-orange-color\">>> Clique aqui e entre no canal do BEC no WhatsApp<\/mark><\/a><\/strong><\/p>\n\n\n\n<figure class=\"wp-block-image aligncenter size-full\"><a href=\"https:\/\/i0.wp.com\/blogdoeloiltoncajuhy.com.br\/site\/wp-content\/uploads\/2026\/01\/Janeiro-Branco-050126.png?ssl=1\"><img data-recalc-dims=\"1\" fetchpriority=\"high\" decoding=\"async\" width=\"768\" height=\"432\" src=\"https:\/\/i0.wp.com\/blogdoeloiltoncajuhy.com.br\/site\/wp-content\/uploads\/2026\/01\/Janeiro-Branco-050126.png?resize=768%2C432&#038;ssl=1\" alt=\"\" class=\"wp-image-92656\" srcset=\"https:\/\/i0.wp.com\/blogdoeloiltoncajuhy.com.br\/site\/wp-content\/uploads\/2026\/01\/Janeiro-Branco-050126.png?w=768&amp;ssl=1 768w, https:\/\/i0.wp.com\/blogdoeloiltoncajuhy.com.br\/site\/wp-content\/uploads\/2026\/01\/Janeiro-Branco-050126.png?resize=300%2C169&amp;ssl=1 300w\" sizes=\"(max-width: 768px) 100vw, 768px\" \/><\/a><figcaption class=\"wp-element-caption\"><sub>Foto: Reprodu\u00e7\u00e3o \/ Gov.br<\/sub><\/figcaption><\/figure>\n\n\n\n<p>A campanha Janeiro Branco, movimento nacional de conscientiza\u00e7\u00e3o sobre sa\u00fade mental e emocional amplia, a cada ano, o espa\u00e7o para falar de sa\u00fade mental de forma aberta e respons\u00e1vel. Entre adolescentes e adultos jovens, o tema ganha ainda mais relev\u00e2ncia em um contexto marcado por ansiedade crescente, excesso de informa\u00e7\u00e3o e pela circula\u00e7\u00e3o intensa de conte\u00fados sobre transtornos mentais nas redes sociais.<\/p>\n\n\n\n<p class=\"has-black-color has-text-color has-link-color wp-elements-117e6860bbaed2eaa749318b5b77f9a7\"><strong>\u201cHoje, muitos jovens entram em contato com informa\u00e7\u00f5es sobre sa\u00fade mental muito cedo. Isso tem um aspecto positivo, porque reduz o sil\u00eancio e o estigma. Ao mesmo tempo, cria o risco de confundir informa\u00e7\u00e3o com diagn\u00f3stico\u201d, afirma Dr. Alaor Carlos de Oliveira Neto, psiquiatra e coordenador do Servi\u00e7o de Psiquiatria do Hospital Alem\u00e3o Oswaldo Cruz.<\/strong><\/p>\n\n\n\n<p>Dados de 2019 da Pesquisa Nacional de Sa\u00fade do Escolar (PeNSE), analisados em estudo publicado na Revista Mineira de Enfermagem, indicam que mais da metade dos adolescentes brasileiros se sentem frequentemente preocupados, 31,4% relatam tristeza persistente e 21,4% afirmam sentir que a vida n\u00e3o vale a pena ser vivida.<\/p>\n\n\n\n<p>O levantamento, que analisou informa\u00e7\u00f5es de 125 mil estudantes de 13 a 17 anos em todo o pa\u00eds, mostra ainda que 17,7% dos jovens avaliam sua pr\u00f3pria sa\u00fade mental de forma negativa, evidenciando um cen\u00e1rio de sofrimento emocional relevante nessa faixa et\u00e1ria.<\/p>\n\n\n\n<p class=\"has-black-color has-text-color has-link-color wp-elements-e0db3911ed0219813f0ecdc27d70d1c0\"><strong>\u201cA adolesc\u00eancia \u00e9 um per\u00edodo de intensas transforma\u00e7\u00f5es emocionais, sociais e identit\u00e1rias. Nem todo sofrimento faz parte de um transtorno psiqui\u00e1trico, mas todo sofrimento merece aten\u00e7\u00e3o\u201d, explica o especialista.<\/strong><\/p>\n\n\n\n<p class=\"has-black-color has-text-color has-link-color has-medium-font-size wp-elements-be0baac8c031a956f9a7ca3636a4dbc0\"><strong>Informa\u00e7\u00e3o n\u00e3o substitui avalia\u00e7\u00e3o cl\u00ednica<\/strong><\/p>\n\n\n\n<p>O acesso a v\u00eddeos, relatos pessoais e listas de sintomas nas redes sociais pode ajudar jovens a nomear sensa\u00e7\u00f5es e buscar ajuda, mas tamb\u00e9m pode gerar interpreta\u00e7\u00f5es precipitadas. \u201c\u00c9 comum o paciente chegar ao consult\u00f3rio dizendo que se identificou com determinado diagn\u00f3stico a partir do que viu ou leu na internet. Isso precisa ser acolhido, mas tamb\u00e9m cuidadosamente avaliado\u201d, diz Dr. Alaor.<\/p>\n\n\n\n<p>Para o especialista, o ambiente digital faz parte da realidade de adolescentes e jovens e precisa ser compreendido com mais nuance. As redes sociais podem ampliar o acesso \u00e0 informa\u00e7\u00e3o e ao debate sobre sa\u00fade mental, mas tamb\u00e9m exigem leitura cr\u00edtica e media\u00e7\u00e3o qualificada. \u201cO desafio \u00e9 entender como dialogar com esse p\u00fablico e extrair o melhor desse ambiente, sem demonizar a rede social como se ela fosse, sozinha, a causa de tudo\u201d, diz.<\/p>\n\n\n\n<p>Na pr\u00e1tica cl\u00ednica, o crit\u00e9rio central para diferenciar um transtorno mental de um fen\u00f4meno comportamental est\u00e1 no impacto na vida cotidiana. \u201cPara falarmos em diagn\u00f3stico, \u00e9 fundamental haver impacto funcional: na escola, no trabalho, nas rela\u00e7\u00f5es ou na autonomia. Sem isso, o r\u00f3tulo pode mais confundir do que ajudar\u201d, alerta.<\/p>\n\n\n\n<p>De acordo com o psiquiatra, quando o jovem se fixa em um autodiagnostico fechado antes da avalia\u00e7\u00e3o profissional, existe o risco de atrasar interven\u00e7\u00f5es mais adequadas. \u201cO diagn\u00f3stico n\u00e3o deve servir como identidade ou explica\u00e7\u00e3o total da vida da pessoa. Ele \u00e9 uma ferramenta cl\u00ednica para orientar o cuidado, e n\u00e3o um fim em si mesmo\u201d, afirma.<\/p>\n\n\n\n<p>Segundo ele, nem toda dificuldade de concentra\u00e7\u00e3o \u00e9 TDAH, nem toda dificuldade social \u00e9 um transtorno do espectro autista, nem toda tristeza \u00e9 depress\u00e3o, e a avalia\u00e7\u00e3o especializada \u00e9 justamente o que permite diferenciar essas situa\u00e7\u00f5es.<\/p>\n\n\n\n<p>\u201cCuidar da sa\u00fade mental n\u00e3o \u00e9 buscar um diagn\u00f3stico r\u00e1pido, nem atender a padr\u00f5es idealizados de funcionamento. \u00c9 reconhecer limites, entender o pr\u00f3prio momento de vida e procurar ajuda quando o sofrimento come\u00e7a a interferir na qualidade de vida\u201d, orienta Dr. Alaor.<\/p>\n\n\n\n<p class=\"has-black-color has-text-color has-link-color has-medium-font-size wp-elements-9598fbd33c3b442f34c2a397ea757e2e\"><strong>Quando procurar ajuda e lidar com conte\u00fado de sa\u00fade mental nas redes<\/strong><\/p>\n\n\n\n<p>De acordo com o especialista, ansiedade persistente, altera\u00e7\u00f5es significativas de sono, apetite ou humor ao longo de semanas, al\u00e9m de crises de p\u00e2nico ou sintomas f\u00edsicos recorrentes sem causa cl\u00ednica aparente, merecem aten\u00e7\u00e3o.<\/p>\n\n\n\n<p>Outro sinal de alerta \u00e9 o isolamento social progressivo, a perda de interesse por atividades antes prazerosas e o uso de \u00e1lcool ou outras subst\u00e2ncias como tentativa de aliviar o sofrimento emocional. Em situa\u00e7\u00f5es de desesperan\u00e7a intensa ou pensamentos de autoles\u00e3o, a orienta\u00e7\u00e3o \u00e9 buscar ajuda imediata, em servi\u00e7os de sa\u00fade ou canais de apoio.<\/p>\n\n\n\n<p>No ambiente digital, o consumo de conte\u00fados sobre sa\u00fade mental exige cautela. \u201cA informa\u00e7\u00e3o pode ajudar a reconhecer que algo n\u00e3o vai bem, mas n\u00e3o substitui uma avalia\u00e7\u00e3o cl\u00ednica. A recomenda\u00e7\u00e3o \u00e9 evitar diagn\u00f3sticos simplificados e levar d\u00favidas e identifica\u00e7\u00f5es para profissionais qualificados\u201d, ressalta o especialista.<\/p>\n\n\n\n<p>Para o Hospital Alem\u00e3o Oswaldo Cruz, o Janeiro Branco \u00e9 uma oportunidade de refor\u00e7ar uma mensagem essencial: sa\u00fade mental deve ser cuidada desde cedo, com escuta qualificada, acompanhamento profissional e expectativas realistas.<\/p>\n\n\n\n<p><strong><mark style=\"background-color:rgba(0, 0, 0, 0)\" class=\"has-inline-color has-black-color\">Sobre o Hospital Alem\u00e3o Oswaldo Cruz<\/mark><\/strong> &#8211; <em>\u00c9 um hospital de grande porte, refer\u00eancia em alta complexidade e confiabilidade. Uma institui\u00e7\u00e3o de 128 anos, s\u00f3lida, din\u00e2mica e determinada a inovar e contribuir com o desenvolvimento da sa\u00fade.<\/em><\/p>\n","protected":false},"excerpt":{"rendered":"<p>Segundo levantamento, mais da metade dos adolescentes brasileiros se sentem frequentemente preocupados Blog do Eloilton Cajuhy &#8211; BEC >> Clique aqui e entre no canal do BEC no WhatsApp A campanha Janeiro Branco, movimento nacional de conscientiza\u00e7\u00e3o sobre sa\u00fade mental e emocional amplia, a cada ano, o espa\u00e7o para falar de sa\u00fade mental de forma [&hellip;]<\/p>\n","protected":false},"author":2,"featured_media":92656,"comment_status":"open","ping_status":"open","sticky":false,"template":"","format":"standard","meta":{"_acf_changed":false,"_monsterinsights_skip_tracking":false,"_monsterinsights_sitenote_active":false,"_monsterinsights_sitenote_note":"","_monsterinsights_sitenote_category":0,"_jetpack_memberships_contains_paid_content":false,"footnotes":"","jetpack_publicize_message":"","jetpack_publicize_feature_enabled":true,"jetpack_social_post_already_shared":true,"jetpack_social_options":{"image_generator_settings":{"template":"highway","default_image_id":0,"font":"","enabled":false},"version":2}},"categories":[7],"tags":[],"class_list":["post-92655","post","type-post","status-publish","format-standard","has-post-thumbnail","hentry","category-saude"],"acf":[],"jetpack_publicize_connections":[],"jetpack_featured_media_url":"https:\/\/i0.wp.com\/blogdoeloiltoncajuhy.com.br\/site\/wp-content\/uploads\/2026\/01\/Janeiro-Branco-050126.png?fit=768%2C432&ssl=1","jetpack_sharing_enabled":true,"publishpress_future_workflow_manual_trigger":{"enabledWorkflows":[]},"_links":{"self":[{"href":"https:\/\/blogdoeloiltoncajuhy.com.br\/site\/wp-json\/wp\/v2\/posts\/92655","targetHints":{"allow":["GET"]}}],"collection":[{"href":"https:\/\/blogdoeloiltoncajuhy.com.br\/site\/wp-json\/wp\/v2\/posts"}],"about":[{"href":"https:\/\/blogdoeloiltoncajuhy.com.br\/site\/wp-json\/wp\/v2\/types\/post"}],"author":[{"embeddable":true,"href":"https:\/\/blogdoeloiltoncajuhy.com.br\/site\/wp-json\/wp\/v2\/users\/2"}],"replies":[{"embeddable":true,"href":"https:\/\/blogdoeloiltoncajuhy.com.br\/site\/wp-json\/wp\/v2\/comments?post=92655"}],"version-history":[{"count":1,"href":"https:\/\/blogdoeloiltoncajuhy.com.br\/site\/wp-json\/wp\/v2\/posts\/92655\/revisions"}],"predecessor-version":[{"id":92657,"href":"https:\/\/blogdoeloiltoncajuhy.com.br\/site\/wp-json\/wp\/v2\/posts\/92655\/revisions\/92657"}],"wp:featuredmedia":[{"embeddable":true,"href":"https:\/\/blogdoeloiltoncajuhy.com.br\/site\/wp-json\/wp\/v2\/media\/92656"}],"wp:attachment":[{"href":"https:\/\/blogdoeloiltoncajuhy.com.br\/site\/wp-json\/wp\/v2\/media?parent=92655"}],"wp:term":[{"taxonomy":"category","embeddable":true,"href":"https:\/\/blogdoeloiltoncajuhy.com.br\/site\/wp-json\/wp\/v2\/categories?post=92655"},{"taxonomy":"post_tag","embeddable":true,"href":"https:\/\/blogdoeloiltoncajuhy.com.br\/site\/wp-json\/wp\/v2\/tags?post=92655"}],"curies":[{"name":"wp","href":"https:\/\/api.w.org\/{rel}","templated":true}]}}