{"id":92645,"date":"2026-01-05T15:54:25","date_gmt":"2026-01-05T18:54:25","guid":{"rendered":"https:\/\/blogdoeloiltoncajuhy.com.br\/site\/?p=92645"},"modified":"2026-01-05T15:54:26","modified_gmt":"2026-01-05T18:54:26","slug":"homem-e-preso-suspeito-de-vender-bebidas-alcoolicas-adulteradas-com-metanol-na-bahia","status":"publish","type":"post","link":"https:\/\/blogdoeloiltoncajuhy.com.br\/site\/homem-e-preso-suspeito-de-vender-bebidas-alcoolicas-adulteradas-com-metanol-na-bahia\/","title":{"rendered":"Homem \u00e9 preso suspeito de vender bebidas alco\u00f3licas adulteradas com metanol na Bahia"},"content":{"rendered":"\n<p class=\"has-medium-font-size\"><strong>Pris\u00e3o do suspeito aconteceu nesta segunda-feira (05), na cidade de Feira de Santana<\/strong><\/p>\n\n\n\n<p><strong>Por g1 BA e TV Bahia<\/strong><\/p>\n\n\n\n<p><strong><a href=\"https:\/\/whatsapp.com\/channel\/0029VaAT7tDLI8Yfj5y9Z50Z\" target=\"_blank\" rel=\"noreferrer noopener\"><mark style=\"background-color:rgba(0, 0, 0, 0)\" class=\"has-inline-color has-luminous-vivid-orange-color\">>> Clique aqui e entre no canal do BEC no WhatsApp<\/mark><\/a><\/strong><\/p>\n\n\n\n<figure class=\"wp-block-image aligncenter size-full\"><a href=\"https:\/\/i0.wp.com\/blogdoeloiltoncajuhy.com.br\/site\/wp-content\/uploads\/2026\/01\/Fabricas-clandestinas-bebidas-com-metanol-Foto-ilustrativa-%E2%80%94-Foto-Reproducao-TV-Globo-Fantastico.jpg?ssl=1\"><img data-recalc-dims=\"1\" fetchpriority=\"high\" decoding=\"async\" width=\"800\" height=\"448\" src=\"https:\/\/i0.wp.com\/blogdoeloiltoncajuhy.com.br\/site\/wp-content\/uploads\/2026\/01\/Fabricas-clandestinas-bebidas-com-metanol-Foto-ilustrativa-%E2%80%94-Foto-Reproducao-TV-Globo-Fantastico.jpg?resize=800%2C448&#038;ssl=1\" alt=\"\" class=\"wp-image-92646\" srcset=\"https:\/\/i0.wp.com\/blogdoeloiltoncajuhy.com.br\/site\/wp-content\/uploads\/2026\/01\/Fabricas-clandestinas-bebidas-com-metanol-Foto-ilustrativa-%E2%80%94-Foto-Reproducao-TV-Globo-Fantastico.jpg?w=984&amp;ssl=1 984w, https:\/\/i0.wp.com\/blogdoeloiltoncajuhy.com.br\/site\/wp-content\/uploads\/2026\/01\/Fabricas-clandestinas-bebidas-com-metanol-Foto-ilustrativa-%E2%80%94-Foto-Reproducao-TV-Globo-Fantastico.jpg?resize=300%2C168&amp;ssl=1 300w, https:\/\/i0.wp.com\/blogdoeloiltoncajuhy.com.br\/site\/wp-content\/uploads\/2026\/01\/Fabricas-clandestinas-bebidas-com-metanol-Foto-ilustrativa-%E2%80%94-Foto-Reproducao-TV-Globo-Fantastico.jpg?resize=768%2C430&amp;ssl=1 768w\" sizes=\"(max-width: 800px) 100vw, 800px\" \/><\/a><figcaption class=\"wp-element-caption\"><sub>F\u00e1bricas clandestinas s\u00e3o poss\u00edveis origens de bebidas contaminadas com metanol (Foto ilustrativa) \u2014 Foto: Reprodu\u00e7\u00e3o\/TV Globo\/Fant\u00e1stico<\/sub><\/figcaption><\/figure>\n\n\n\n<p>Um homem foi preso, na manh\u00e3 desta segunda-feira (05), em Feira de Santana, a segunda maior cidade da Bahia, suspeito de vender bebidas alco\u00f3licas adulteradas com metanol.<\/p>\n\n\n\n<p>Segundo apura\u00e7\u00e3o da <strong>TV Bahia<\/strong>, investiga\u00e7\u00f5es preliminares apontaram que o suspeito, que n\u00e3o teve o nome revelado, atuava em diversas cidades baianas.<\/p>\n\n\n\n<p>Segundo a Secretaria da Sa\u00fade da Bahia (Sesab), o estado registrou sete casos confirmados e uma morte. Outros oito pacientes tamb\u00e9m foram considerados como casos suspeitos, mas tiveram os diagn\u00f3sticos descartados.<\/p>\n\n\n\n<p>N\u00e3o h\u00e1 informa\u00e7\u00f5es sobre se o homem preso nesta segunda vendeu as bebidas consumidas por essas pessoas.<\/p>\n\n\n\n<p>A morte registrada no estado foi de Vin\u00edcius Oliveira Vieira, uma das sete v\u00edtimas de intoxica\u00e7\u00e3o por metanol em Ribeira do Pombal, no interior da Bahia. Ele estava internado no Hospital Couto Maia, em Salvador.<\/p>\n\n\n\n<p>A confirma\u00e7\u00e3o dos primeiros casos na Bahia aconteceu em 31 de dezembro de 2025, ap\u00f3s um laudo pericial emitido pelo Departamento de Pol\u00edcia T\u00e9cnica (DPT) constatar a presen\u00e7a de metanol em bebidas alco\u00f3licas apreendidas na cidade de Ribeira do Pombal, e tamb\u00e9m nas amostras de sangue de sete pacientes hospitalizados com sintomas de intoxica\u00e7\u00e3o.<\/p>\n\n\n\n<p>A Pol\u00edcia Civil, em conjunto com a Secretaria de Vigil\u00e2ncia Sanit\u00e1ria do munic\u00edpio, realizaram a lacra\u00e7\u00e3o do dep\u00f3sito de bebidas onde o material foi comprado. Conforme apura\u00e7\u00e3o da <strong>TV Bahia<\/strong>, outros dois estabelecimentos da cidade tiveram bebidas apreendidas.<\/p>\n\n\n\n<p>Dos sete intoxicados em Ribeira do Pombal, seis consumiram drink com vodca em uma festa de noivado. Vin\u00edcius comprou bebida alco\u00f3lica no mesmo dep\u00f3sito no dia anterior e n\u00e3o estava no evento. Ele foi a primeira pessoa a passar mal.<\/p>\n\n\n\n<p><mark style=\"background-color:rgba(0, 0, 0, 0)\" class=\"has-inline-color has-black-color\"><strong>Lais Santana Dias, Maria Clara Nascimento de Souza<\/strong>,\u00a0<strong>Maria Viviana Santos Almeida<\/strong>\u00a0e\u00a0<strong>Josefa Soares de Almeida<\/strong><\/mark>, que estavam internadas no Hospital Geral Santa Tereza, em Ribeira do Pombal, receberam alta, ap\u00f3s apresentarem melhora no quadro cl\u00ednico.<\/p>\n\n\n\n<p>Outras duas pessoas, que apresentaram estado de sa\u00fade mais grave, foram transferidas para Salvador e est\u00e3o internadas no Hospital Couto Maia. S\u00e3o elas:\u00a0<strong><mark style=\"background-color:rgba(0, 0, 0, 0)\" class=\"has-inline-color has-black-color\">Edicleia Andrade de Matos<\/mark><\/strong>, madrasta da noiva, que encontra-se intubada, e\u00a0<strong><mark style=\"background-color:rgba(0, 0, 0, 0)\" class=\"has-inline-color has-black-color\">Daniele Barbosa do Carmo Matos<\/mark><\/strong>, prima do noivo.<\/p>\n","protected":false},"excerpt":{"rendered":"<p>Pris\u00e3o do suspeito aconteceu nesta segunda-feira (05), na cidade de Feira de Santana Por g1 BA e TV Bahia >> Clique aqui e entre no canal do BEC no WhatsApp Um homem foi preso, na manh\u00e3 desta segunda-feira (05), em Feira de Santana, a segunda maior cidade da Bahia, suspeito de vender bebidas alco\u00f3licas adulteradas [&hellip;]<\/p>\n","protected":false},"author":2,"featured_media":92646,"comment_status":"open","ping_status":"open","sticky":false,"template":"","format":"standard","meta":{"_acf_changed":false,"_monsterinsights_skip_tracking":false,"_monsterinsights_sitenote_active":false,"_monsterinsights_sitenote_note":"","_monsterinsights_sitenote_category":0,"_jetpack_memberships_contains_paid_content":false,"footnotes":"","jetpack_publicize_message":"","jetpack_publicize_feature_enabled":true,"jetpack_social_post_already_shared":true,"jetpack_social_options":{"image_generator_settings":{"template":"highway","default_image_id":0,"font":"","enabled":false},"version":2}},"categories":[15],"tags":[],"class_list":["post-92645","post","type-post","status-publish","format-standard","has-post-thumbnail","hentry","category-policia"],"acf":[],"jetpack_publicize_connections":[],"jetpack_featured_media_url":"https:\/\/i0.wp.com\/blogdoeloiltoncajuhy.com.br\/site\/wp-content\/uploads\/2026\/01\/Fabricas-clandestinas-bebidas-com-metanol-Foto-ilustrativa-%E2%80%94-Foto-Reproducao-TV-Globo-Fantastico.jpg?fit=984%2C551&ssl=1","jetpack_sharing_enabled":true,"publishpress_future_workflow_manual_trigger":{"enabledWorkflows":[]},"_links":{"self":[{"href":"https:\/\/blogdoeloiltoncajuhy.com.br\/site\/wp-json\/wp\/v2\/posts\/92645","targetHints":{"allow":["GET"]}}],"collection":[{"href":"https:\/\/blogdoeloiltoncajuhy.com.br\/site\/wp-json\/wp\/v2\/posts"}],"about":[{"href":"https:\/\/blogdoeloiltoncajuhy.com.br\/site\/wp-json\/wp\/v2\/types\/post"}],"author":[{"embeddable":true,"href":"https:\/\/blogdoeloiltoncajuhy.com.br\/site\/wp-json\/wp\/v2\/users\/2"}],"replies":[{"embeddable":true,"href":"https:\/\/blogdoeloiltoncajuhy.com.br\/site\/wp-json\/wp\/v2\/comments?post=92645"}],"version-history":[{"count":1,"href":"https:\/\/blogdoeloiltoncajuhy.com.br\/site\/wp-json\/wp\/v2\/posts\/92645\/revisions"}],"predecessor-version":[{"id":92647,"href":"https:\/\/blogdoeloiltoncajuhy.com.br\/site\/wp-json\/wp\/v2\/posts\/92645\/revisions\/92647"}],"wp:featuredmedia":[{"embeddable":true,"href":"https:\/\/blogdoeloiltoncajuhy.com.br\/site\/wp-json\/wp\/v2\/media\/92646"}],"wp:attachment":[{"href":"https:\/\/blogdoeloiltoncajuhy.com.br\/site\/wp-json\/wp\/v2\/media?parent=92645"}],"wp:term":[{"taxonomy":"category","embeddable":true,"href":"https:\/\/blogdoeloiltoncajuhy.com.br\/site\/wp-json\/wp\/v2\/categories?post=92645"},{"taxonomy":"post_tag","embeddable":true,"href":"https:\/\/blogdoeloiltoncajuhy.com.br\/site\/wp-json\/wp\/v2\/tags?post=92645"}],"curies":[{"name":"wp","href":"https:\/\/api.w.org\/{rel}","templated":true}]}}