{"id":92642,"date":"2026-01-05T15:33:22","date_gmt":"2026-01-05T18:33:22","guid":{"rendered":"https:\/\/blogdoeloiltoncajuhy.com.br\/site\/?p=92642"},"modified":"2026-01-05T15:33:24","modified_gmt":"2026-01-05T18:33:24","slug":"operacao-ano-novo-da-prf-termina-sem-mortes-nas-rodovias-de-senhor-do-bonfim","status":"publish","type":"post","link":"https:\/\/blogdoeloiltoncajuhy.com.br\/site\/operacao-ano-novo-da-prf-termina-sem-mortes-nas-rodovias-de-senhor-do-bonfim\/","title":{"rendered":"Opera\u00e7\u00e3o Ano Novo da PRF termina sem mortes nas rodovias de Senhor do Bonfim"},"content":{"rendered":"\n<p class=\"has-medium-font-size\"><strong>Mesmo com aumento de 15% no fluxo de ve\u00edculos, balan\u00e7o da Delegacia 10\/04 aponta redu\u00e7\u00e3o da gravidade dos acidentes e refor\u00e7o na fiscaliza\u00e7\u00e3o<\/strong><\/p>\n\n\n\n<p><strong>Por Blog do Eloilton Cajuhy &#8211; BEC<\/strong><\/p>\n\n\n\n<p><strong><a href=\"https:\/\/whatsapp.com\/channel\/0029VaAT7tDLI8Yfj5y9Z50Z\" target=\"_blank\" rel=\"noreferrer noopener\"><mark style=\"background-color:rgba(0, 0, 0, 0)\" class=\"has-inline-color has-luminous-vivid-orange-color\">>> Clique aqui e entre no canal do BEC no WhatsApp<\/mark><\/a><\/strong><\/p>\n\n\n\n<figure class=\"wp-block-image aligncenter size-full\"><a href=\"https:\/\/i0.wp.com\/blogdoeloiltoncajuhy.com.br\/site\/wp-content\/uploads\/2026\/01\/PRF-BA-Operacao-Ano-Novo-26.jpeg?ssl=1\"><img data-recalc-dims=\"1\" fetchpriority=\"high\" decoding=\"async\" width=\"768\" height=\"512\" src=\"https:\/\/i0.wp.com\/blogdoeloiltoncajuhy.com.br\/site\/wp-content\/uploads\/2026\/01\/PRF-BA-Operacao-Ano-Novo-26.jpeg?resize=768%2C512&#038;ssl=1\" alt=\"\" class=\"wp-image-92643\" srcset=\"https:\/\/i0.wp.com\/blogdoeloiltoncajuhy.com.br\/site\/wp-content\/uploads\/2026\/01\/PRF-BA-Operacao-Ano-Novo-26.jpeg?w=768&amp;ssl=1 768w, https:\/\/i0.wp.com\/blogdoeloiltoncajuhy.com.br\/site\/wp-content\/uploads\/2026\/01\/PRF-BA-Operacao-Ano-Novo-26.jpeg?resize=300%2C200&amp;ssl=1 300w\" sizes=\"(max-width: 768px) 100vw, 768px\" \/><\/a><figcaption class=\"wp-element-caption\"><sub>Foto: PRF \/ Divulga\u00e7\u00e3o<\/sub><\/figcaption><\/figure>\n\n\n\n<p>A Delegacia da Pol\u00edcia Rodovi\u00e1ria Federal (PRF) 10\/04, com sede em Senhor do Bonfim e respons\u00e1vel tamb\u00e9m pelo Posto 02 de Capim Grosso, divulgou o balan\u00e7o oficial da Opera\u00e7\u00e3o Ano Novo, realizada entre os dias <strong><mark style=\"background-color:rgba(0, 0, 0, 0)\" class=\"has-inline-color has-black-color\">30 de dezembro de 2025 e 4 de janeiro de 2026<\/mark><\/strong>. O principal dado positivo da a\u00e7\u00e3o \u00e9 que <strong><mark style=\"background-color:rgba(0, 0, 0, 0)\" class=\"has-inline-color has-black-color\">n\u00e3o houve registro de mortes<\/mark><\/strong> nas rodovias federais sob sua circunscri\u00e7\u00e3o durante o per\u00edodo.<\/p>\n\n\n\n<p>Ao todo, foram contabilizados <strong><mark style=\"background-color:rgba(0, 0, 0, 0)\" class=\"has-inline-color has-black-color\">03 acidentes<\/mark><\/strong>, todos com v\u00edtimas feridas, resultando em <strong><mark style=\"background-color:rgba(0, 0, 0, 0)\" class=\"has-inline-color has-black-color\">06 pessoas feridas<\/mark><\/strong>. Apesar do n\u00famero de ocorr\u00eancias, o resultado \u00e9 considerado satisfat\u00f3rio, especialmente diante do <strong><mark style=\"background-color:rgba(0, 0, 0, 0)\" class=\"has-inline-color has-black-color\">aumento de aproximadamente 15% no fluxo de ve\u00edculos<\/mark><\/strong> na regi\u00e3o durante as festas de fim de ano.<\/p>\n\n\n\n<p>No campo da fiscaliza\u00e7\u00e3o, a PRF intensificou as abordagens e a\u00e7\u00f5es preventivas. Foram <strong><mark style=\"background-color:rgba(0, 0, 0, 0)\" class=\"has-inline-color has-black-color\">337 ve\u00edculos fiscalizados<\/mark><\/strong> e <strong><mark style=\"background-color:rgba(0, 0, 0, 0)\" class=\"has-inline-color has-black-color\">392 pessoas abordadas<\/mark><\/strong>, al\u00e9m da lavratura de <strong><mark style=\"background-color:rgba(0, 0, 0, 0)\" class=\"has-inline-color has-black-color\">84 autos de infra\u00e7\u00e3o<\/mark><\/strong>. As equipes tamb\u00e9m flagraram <strong><mark style=\"background-color:rgba(0, 0, 0, 0)\" class=\"has-inline-color has-black-color\">32 ve\u00edculos em excesso de velocidade<\/mark><\/strong> e realizaram <strong><mark style=\"background-color:rgba(0, 0, 0, 0)\" class=\"has-inline-color has-black-color\">218 testes de alcoolemia (baf\u00f4metro)<\/mark><\/strong>, refor\u00e7ando o combate \u00e0 combina\u00e7\u00e3o de \u00e1lcool e dire\u00e7\u00e3o.<\/p>\n\n\n\n<p>Segundo a PRF, as viaturas foram estrategicamente posicionadas e mantiveram <strong><mark style=\"background-color:rgba(0, 0, 0, 0)\" class=\"has-inline-color has-black-color\">patrulhamento ostensivo<\/mark><\/strong>, principalmente em pontos considerados cr\u00edticos de sinistros nas <strong><mark style=\"background-color:rgba(0, 0, 0, 0)\" class=\"has-inline-color has-black-color\">BRs 324 e 407<\/mark><\/strong>, com o objetivo de aumentar a percep\u00e7\u00e3o de seguran\u00e7a e prevenir acidentes.<\/p>\n\n\n\n<p>A <strong><mark style=\"background-color:rgba(0, 0, 0, 0)\" class=\"has-inline-color has-black-color\">Opera\u00e7\u00e3o Ano Novo<\/mark><\/strong> foi avaliada como um sucesso pela Delegacia 10\/04, por ter alcan\u00e7ado seu principal objetivo: <strong><mark style=\"background-color:rgba(0, 0, 0, 0)\" class=\"has-inline-color has-black-color\">preservar vidas<\/mark><\/strong>. A PRF refor\u00e7a que a conscientiza\u00e7\u00e3o dos condutores, aliada \u00e0 fiscaliza\u00e7\u00e3o constante, \u00e9 fundamental para a redu\u00e7\u00e3o de acidentes e para a constru\u00e7\u00e3o de um tr\u00e2nsito mais seguro para todos.<\/p>\n","protected":false},"excerpt":{"rendered":"<p>Mesmo com aumento de 15% no fluxo de ve\u00edculos, balan\u00e7o da Delegacia 10\/04 aponta redu\u00e7\u00e3o da gravidade dos acidentes e refor\u00e7o na fiscaliza\u00e7\u00e3o Por Blog do Eloilton Cajuhy &#8211; BEC >> Clique aqui e entre no canal do BEC no WhatsApp A Delegacia da Pol\u00edcia Rodovi\u00e1ria Federal (PRF) 10\/04, com sede em Senhor do Bonfim [&hellip;]<\/p>\n","protected":false},"author":2,"featured_media":92643,"comment_status":"open","ping_status":"open","sticky":false,"template":"","format":"standard","meta":{"_acf_changed":false,"_monsterinsights_skip_tracking":false,"_monsterinsights_sitenote_active":false,"_monsterinsights_sitenote_note":"","_monsterinsights_sitenote_category":0,"_jetpack_memberships_contains_paid_content":false,"footnotes":"","jetpack_publicize_message":"","jetpack_publicize_feature_enabled":true,"jetpack_social_post_already_shared":true,"jetpack_social_options":{"image_generator_settings":{"template":"highway","default_image_id":0,"font":"","enabled":false},"version":2}},"categories":[4],"tags":[],"class_list":["post-92642","post","type-post","status-publish","format-standard","has-post-thumbnail","hentry","category-local"],"acf":[],"jetpack_publicize_connections":[],"jetpack_featured_media_url":"https:\/\/i0.wp.com\/blogdoeloiltoncajuhy.com.br\/site\/wp-content\/uploads\/2026\/01\/PRF-BA-Operacao-Ano-Novo-26.jpeg?fit=768%2C512&ssl=1","jetpack_sharing_enabled":true,"publishpress_future_workflow_manual_trigger":{"enabledWorkflows":[]},"_links":{"self":[{"href":"https:\/\/blogdoeloiltoncajuhy.com.br\/site\/wp-json\/wp\/v2\/posts\/92642","targetHints":{"allow":["GET"]}}],"collection":[{"href":"https:\/\/blogdoeloiltoncajuhy.com.br\/site\/wp-json\/wp\/v2\/posts"}],"about":[{"href":"https:\/\/blogdoeloiltoncajuhy.com.br\/site\/wp-json\/wp\/v2\/types\/post"}],"author":[{"embeddable":true,"href":"https:\/\/blogdoeloiltoncajuhy.com.br\/site\/wp-json\/wp\/v2\/users\/2"}],"replies":[{"embeddable":true,"href":"https:\/\/blogdoeloiltoncajuhy.com.br\/site\/wp-json\/wp\/v2\/comments?post=92642"}],"version-history":[{"count":1,"href":"https:\/\/blogdoeloiltoncajuhy.com.br\/site\/wp-json\/wp\/v2\/posts\/92642\/revisions"}],"predecessor-version":[{"id":92644,"href":"https:\/\/blogdoeloiltoncajuhy.com.br\/site\/wp-json\/wp\/v2\/posts\/92642\/revisions\/92644"}],"wp:featuredmedia":[{"embeddable":true,"href":"https:\/\/blogdoeloiltoncajuhy.com.br\/site\/wp-json\/wp\/v2\/media\/92643"}],"wp:attachment":[{"href":"https:\/\/blogdoeloiltoncajuhy.com.br\/site\/wp-json\/wp\/v2\/media?parent=92642"}],"wp:term":[{"taxonomy":"category","embeddable":true,"href":"https:\/\/blogdoeloiltoncajuhy.com.br\/site\/wp-json\/wp\/v2\/categories?post=92642"},{"taxonomy":"post_tag","embeddable":true,"href":"https:\/\/blogdoeloiltoncajuhy.com.br\/site\/wp-json\/wp\/v2\/tags?post=92642"}],"curies":[{"name":"wp","href":"https:\/\/api.w.org\/{rel}","templated":true}]}}