{"id":92639,"date":"2026-01-05T09:22:04","date_gmt":"2026-01-05T12:22:04","guid":{"rendered":"https:\/\/blogdoeloiltoncajuhy.com.br\/site\/?p=92639"},"modified":"2026-01-05T09:22:06","modified_gmt":"2026-01-05T12:22:06","slug":"stf-tira-da-alba-poder-de-julgar-contas-de-tribunal-na-bahia","status":"publish","type":"post","link":"https:\/\/blogdoeloiltoncajuhy.com.br\/site\/stf-tira-da-alba-poder-de-julgar-contas-de-tribunal-na-bahia\/","title":{"rendered":"STF tira da Alba poder de julgar contas de tribunal na Bahia"},"content":{"rendered":"\n<p class=\"has-medium-font-size\"><strong>Decis\u00e3o da Suprema Corte atendeu a a\u00e7\u00e3o proposta pelo PCdoB<\/strong><\/p>\n\n\n\n<p><strong>Por Por Yuri Abreu\/A Tarde<\/strong><\/p>\n\n\n\n<figure class=\"wp-block-image aligncenter size-full is-resized\"><a href=\"https:\/\/i0.wp.com\/blogdoeloiltoncajuhy.com.br\/site\/wp-content\/uploads\/2026\/01\/TCM-BA-e-TCE-BA-Foto-Divulgacao.jpg\"><img data-recalc-dims=\"1\" fetchpriority=\"high\" decoding=\"async\" width=\"800\" height=\"606\" src=\"https:\/\/i0.wp.com\/blogdoeloiltoncajuhy.com.br\/site\/wp-content\/uploads\/2026\/01\/TCM-BA-e-TCE-BA-Foto-Divulgacao.jpg?resize=800%2C606\" alt=\"\" class=\"wp-image-92640\" style=\"aspect-ratio:1.3194516029275332;width:694px;height:auto\" srcset=\"https:\/\/i0.wp.com\/blogdoeloiltoncajuhy.com.br\/site\/wp-content\/uploads\/2026\/01\/TCM-BA-e-TCE-BA-Foto-Divulgacao.jpg?w=950&amp;ssl=1 950w, https:\/\/i0.wp.com\/blogdoeloiltoncajuhy.com.br\/site\/wp-content\/uploads\/2026\/01\/TCM-BA-e-TCE-BA-Foto-Divulgacao.jpg?resize=300%2C227&amp;ssl=1 300w, https:\/\/i0.wp.com\/blogdoeloiltoncajuhy.com.br\/site\/wp-content\/uploads\/2026\/01\/TCM-BA-e-TCE-BA-Foto-Divulgacao.jpg?resize=768%2C582&amp;ssl=1 768w\" sizes=\"(max-width: 800px) 100vw, 800px\" \/><\/a><figcaption class=\"wp-element-caption\"><sub>STF tomou decis\u00e3o que tira poderes da Alba sobre o TCM-BA &#8211; Foto: Divulga\u00e7\u00e3o<\/sub><\/figcaption><\/figure>\n\n\n\n<p>A medida do Supremo atendeu a uma a\u00e7\u00e3o proposta pelo PCdoB e seguiu o voto do relator do caso, ministro Nunes Marques.<\/p>\n\n\n\n<p>A ADI 4124 questionava dispositivos da Constitui\u00e7\u00e3o do Estado da Bahia e da Lei Complementar estadual, que atribu\u00edam \u00e0 Alba a compet\u00eancia para julgar as contas da Corte de Contas.<\/p>\n\n\n\n<p class=\"has-black-color has-text-color has-link-color has-medium-font-size wp-elements-774697472847d1f158fbac441c9658c0\"><strong>Modelo contrariado<\/strong><\/p>\n\n\n\n<p>Os comunistas, no entanto, questionaram que as normas contrariavam o modelo de controle externo definido pela Constitui\u00e7\u00e3o Federal.<\/p>\n\n\n\n<p>\u201cEmbora o Tribunal de Contas dos Munic\u00edpios atue no aux\u00edlio do controle externo titularizado pelas C\u00e2maras Municipais, trata-se de um \u00f3rg\u00e3o criado pela Constitui\u00e7\u00e3o estadual e que integra a estrutura do estado [\u2026] Por essa raz\u00e3o, deve prestar contas ao Tribunal de Contas do Estado da Bahia (TCE-BA), e n\u00e3o ao Poder Legislativo estadual\u201d, afirmou Nunes Marques em seu voto.<\/p>\n\n\n\n<p class=\"has-black-color has-text-color has-link-color has-medium-font-size wp-elements-aaa97b28d0dbae78ab9dbec508965a1c\"><strong>Contrapartida<\/strong><\/p>\n\n\n\n<p>Por outro lado, o STF manteve a constitucionalidade da regra que obriga o TCM-BA a enviar, \u00e0 pr\u00f3pria Alba, relat\u00f3rios trimestrais e anuais das atividades realizadas pelo Tribunal.<\/p>\n\n\n\n<p>Esse acompanhamento do \u00f3rg\u00e3o, ainda conforme o STF, n\u00e3o se confunde com o julgamento das contas, que estar\u00e3o a cabo do TCE-BA.<\/p>\n","protected":false},"excerpt":{"rendered":"<p>Decis\u00e3o da Suprema Corte atendeu a a\u00e7\u00e3o proposta pelo PCdoB Por Por Yuri Abreu\/A Tarde A medida do Supremo atendeu a uma a\u00e7\u00e3o proposta pelo PCdoB e seguiu o voto do relator do caso, ministro Nunes Marques. A ADI 4124 questionava dispositivos da Constitui\u00e7\u00e3o do Estado da Bahia e da Lei Complementar estadual, que atribu\u00edam [&hellip;]<\/p>\n","protected":false},"author":2,"featured_media":92640,"comment_status":"open","ping_status":"open","sticky":false,"template":"","format":"standard","meta":{"_acf_changed":false,"_monsterinsights_skip_tracking":false,"_monsterinsights_sitenote_active":false,"_monsterinsights_sitenote_note":"","_monsterinsights_sitenote_category":0,"_jetpack_memberships_contains_paid_content":false,"footnotes":"","jetpack_publicize_message":"","jetpack_publicize_feature_enabled":true,"jetpack_social_post_already_shared":true,"jetpack_social_options":{"image_generator_settings":{"template":"highway","default_image_id":0,"font":"","enabled":false},"version":2}},"categories":[3],"tags":[],"class_list":["post-92639","post","type-post","status-publish","format-standard","has-post-thumbnail","hentry","category-politica"],"acf":[],"jetpack_publicize_connections":[],"jetpack_featured_media_url":"https:\/\/i0.wp.com\/blogdoeloiltoncajuhy.com.br\/site\/wp-content\/uploads\/2026\/01\/TCM-BA-e-TCE-BA-Foto-Divulgacao.jpg?fit=950%2C720&ssl=1","jetpack_sharing_enabled":true,"publishpress_future_workflow_manual_trigger":{"enabledWorkflows":[]},"_links":{"self":[{"href":"https:\/\/blogdoeloiltoncajuhy.com.br\/site\/wp-json\/wp\/v2\/posts\/92639","targetHints":{"allow":["GET"]}}],"collection":[{"href":"https:\/\/blogdoeloiltoncajuhy.com.br\/site\/wp-json\/wp\/v2\/posts"}],"about":[{"href":"https:\/\/blogdoeloiltoncajuhy.com.br\/site\/wp-json\/wp\/v2\/types\/post"}],"author":[{"embeddable":true,"href":"https:\/\/blogdoeloiltoncajuhy.com.br\/site\/wp-json\/wp\/v2\/users\/2"}],"replies":[{"embeddable":true,"href":"https:\/\/blogdoeloiltoncajuhy.com.br\/site\/wp-json\/wp\/v2\/comments?post=92639"}],"version-history":[{"count":1,"href":"https:\/\/blogdoeloiltoncajuhy.com.br\/site\/wp-json\/wp\/v2\/posts\/92639\/revisions"}],"predecessor-version":[{"id":92641,"href":"https:\/\/blogdoeloiltoncajuhy.com.br\/site\/wp-json\/wp\/v2\/posts\/92639\/revisions\/92641"}],"wp:featuredmedia":[{"embeddable":true,"href":"https:\/\/blogdoeloiltoncajuhy.com.br\/site\/wp-json\/wp\/v2\/media\/92640"}],"wp:attachment":[{"href":"https:\/\/blogdoeloiltoncajuhy.com.br\/site\/wp-json\/wp\/v2\/media?parent=92639"}],"wp:term":[{"taxonomy":"category","embeddable":true,"href":"https:\/\/blogdoeloiltoncajuhy.com.br\/site\/wp-json\/wp\/v2\/categories?post=92639"},{"taxonomy":"post_tag","embeddable":true,"href":"https:\/\/blogdoeloiltoncajuhy.com.br\/site\/wp-json\/wp\/v2\/tags?post=92639"}],"curies":[{"name":"wp","href":"https:\/\/api.w.org\/{rel}","templated":true}]}}