{"id":92637,"date":"2026-01-05T09:06:51","date_gmt":"2026-01-05T12:06:51","guid":{"rendered":"https:\/\/blogdoeloiltoncajuhy.com.br\/site\/?p=92637"},"modified":"2026-01-05T09:06:53","modified_gmt":"2026-01-05T12:06:53","slug":"mulher-e-presa-apos-esfaquear-irmao-durante-briga-por-sofa","status":"publish","type":"post","link":"https:\/\/blogdoeloiltoncajuhy.com.br\/site\/mulher-e-presa-apos-esfaquear-irmao-durante-briga-por-sofa\/","title":{"rendered":"Mulher \u00e9 presa ap\u00f3s esfaquear irm\u00e3o durante briga por sof\u00e1"},"content":{"rendered":"\n<p class=\"has-medium-font-size\"><strong>Caso aconteceu neste domingo (04), no Povoado de Entrude, na zona rural de Serrinha<\/strong><\/p>\n\n\n\n<p><strong>Por g1 Feira de Santana e regi\u00e3o<\/strong><\/p>\n\n\n\n<p><strong><a href=\"https:\/\/whatsapp.com\/channel\/0029VaAT7tDLI8Yfj5y9Z50Z\" target=\"_blank\" rel=\"noreferrer noopener\"><mark style=\"background-color:rgba(0, 0, 0, 0)\" class=\"has-inline-color has-luminous-vivid-orange-color\">>> Clique aqui e entre no canal do BEC no WhatsApp<\/mark><\/a><\/strong><\/p>\n\n\n\n<figure class=\"wp-block-image aligncenter size-full\"><a href=\"https:\/\/i0.wp.com\/blogdoeloiltoncajuhy.com.br\/site\/wp-content\/uploads\/2025\/11\/Policia-Civil-da-Bahia_11.11.25-%E2%80%94-Foto-Policia-Civil.png\"><img data-recalc-dims=\"1\" fetchpriority=\"high\" decoding=\"async\" width=\"800\" height=\"501\" src=\"https:\/\/i0.wp.com\/blogdoeloiltoncajuhy.com.br\/site\/wp-content\/uploads\/2025\/11\/Policia-Civil-da-Bahia_11.11.25-%E2%80%94-Foto-Policia-Civil.png?resize=800%2C501\" alt=\"\" class=\"wp-image-91507\" srcset=\"https:\/\/i0.wp.com\/blogdoeloiltoncajuhy.com.br\/site\/wp-content\/uploads\/2025\/11\/Policia-Civil-da-Bahia_11.11.25-%E2%80%94-Foto-Policia-Civil.png?w=818&amp;ssl=1 818w, https:\/\/i0.wp.com\/blogdoeloiltoncajuhy.com.br\/site\/wp-content\/uploads\/2025\/11\/Policia-Civil-da-Bahia_11.11.25-%E2%80%94-Foto-Policia-Civil.png?resize=300%2C188&amp;ssl=1 300w, https:\/\/i0.wp.com\/blogdoeloiltoncajuhy.com.br\/site\/wp-content\/uploads\/2025\/11\/Policia-Civil-da-Bahia_11.11.25-%E2%80%94-Foto-Policia-Civil.png?resize=768%2C481&amp;ssl=1 768w\" sizes=\"(max-width: 800px) 100vw, 800px\" \/><\/a><figcaption class=\"wp-element-caption\"><sub>Foto ilustrativa Policia Civil<\/sub><\/figcaption><\/figure>\n\n\n\n<p>Uma mulher foi presa ap\u00f3s esfaquear o irm\u00e3o durante uma briga devido a um sof\u00e1 na cidade de Serrinha, no interior da Bahia, neste domingo (04). As informa\u00e7\u00f5es foram confirmadas pela Pol\u00edcia Civil (PC).<\/p>\n\n\n\n<p>Segundo a pol\u00edcia, o caso aconteceu no Povoado de Entrude, na zona rural da cidade. A suspeita utilizou uma faca para golpear o irm\u00e3o no t\u00f3rax. A discuss\u00e3o entre os dois come\u00e7ou ap\u00f3s a suspeita tentar pegar um sof\u00e1 que ficava na casa em que ela dividia com o irm\u00e3o, a m\u00e3e, o marido e os filhos.<\/p>\n\n\n\n<p>Ela construiu uma resid\u00eancia ao lado da casa da m\u00e3e e queria levar o m\u00f3vel como parte da mudan\u00e7a para o im\u00f3vel, mas foi impedida pelo irm\u00e3o. Ainda conforme a pol\u00edcia, a suspeita se irritou e, devido a outras desaven\u00e7as familiares, atacou o irm\u00e3o.<\/p>\n\n\n\n<p>Ap\u00f3s ser atingido na regi\u00e3o do peito, a v\u00edtima foi encaminhada ao Hospital Municipal de Serrinha e depois transferido para o Hospital Cl\u00e9riston Andrade, localizado em Feira de Santana.<\/p>\n\n\n\n<p>A mulher fugiu do local ap\u00f3s o crime, mas foi encontrada pelos policiais pouco depois. Ela ainda estava com a arma e confessou o crime. O caso \u00e9 tratado como tentativa de homic\u00eddio por motivo f\u00fatil. A suspeita foi autuada em flagrante e o caso \u00e9 investigado pela Delegacia Territorial de Serrinha.<\/p>\n","protected":false},"excerpt":{"rendered":"<p>Caso aconteceu neste domingo (04), no Povoado de Entrude, na zona rural de Serrinha Por g1 Feira de Santana e regi\u00e3o >> Clique aqui e entre no canal do BEC no WhatsApp Uma mulher foi presa ap\u00f3s esfaquear o irm\u00e3o durante uma briga devido a um sof\u00e1 na cidade de Serrinha, no interior da Bahia, [&hellip;]<\/p>\n","protected":false},"author":2,"featured_media":91507,"comment_status":"open","ping_status":"open","sticky":false,"template":"","format":"standard","meta":{"_acf_changed":false,"_monsterinsights_skip_tracking":false,"_monsterinsights_sitenote_active":false,"_monsterinsights_sitenote_note":"","_monsterinsights_sitenote_category":0,"_jetpack_memberships_contains_paid_content":false,"footnotes":"","jetpack_publicize_message":"","jetpack_publicize_feature_enabled":true,"jetpack_social_post_already_shared":true,"jetpack_social_options":{"image_generator_settings":{"template":"highway","default_image_id":0,"font":"","enabled":false},"version":2}},"categories":[15],"tags":[],"class_list":["post-92637","post","type-post","status-publish","format-standard","has-post-thumbnail","hentry","category-policia"],"acf":[],"jetpack_publicize_connections":[],"jetpack_featured_media_url":"https:\/\/i0.wp.com\/blogdoeloiltoncajuhy.com.br\/site\/wp-content\/uploads\/2025\/11\/Policia-Civil-da-Bahia_11.11.25-%E2%80%94-Foto-Policia-Civil.png?fit=818%2C512&ssl=1","jetpack_sharing_enabled":true,"publishpress_future_workflow_manual_trigger":{"enabledWorkflows":[]},"_links":{"self":[{"href":"https:\/\/blogdoeloiltoncajuhy.com.br\/site\/wp-json\/wp\/v2\/posts\/92637","targetHints":{"allow":["GET"]}}],"collection":[{"href":"https:\/\/blogdoeloiltoncajuhy.com.br\/site\/wp-json\/wp\/v2\/posts"}],"about":[{"href":"https:\/\/blogdoeloiltoncajuhy.com.br\/site\/wp-json\/wp\/v2\/types\/post"}],"author":[{"embeddable":true,"href":"https:\/\/blogdoeloiltoncajuhy.com.br\/site\/wp-json\/wp\/v2\/users\/2"}],"replies":[{"embeddable":true,"href":"https:\/\/blogdoeloiltoncajuhy.com.br\/site\/wp-json\/wp\/v2\/comments?post=92637"}],"version-history":[{"count":1,"href":"https:\/\/blogdoeloiltoncajuhy.com.br\/site\/wp-json\/wp\/v2\/posts\/92637\/revisions"}],"predecessor-version":[{"id":92638,"href":"https:\/\/blogdoeloiltoncajuhy.com.br\/site\/wp-json\/wp\/v2\/posts\/92637\/revisions\/92638"}],"wp:featuredmedia":[{"embeddable":true,"href":"https:\/\/blogdoeloiltoncajuhy.com.br\/site\/wp-json\/wp\/v2\/media\/91507"}],"wp:attachment":[{"href":"https:\/\/blogdoeloiltoncajuhy.com.br\/site\/wp-json\/wp\/v2\/media?parent=92637"}],"wp:term":[{"taxonomy":"category","embeddable":true,"href":"https:\/\/blogdoeloiltoncajuhy.com.br\/site\/wp-json\/wp\/v2\/categories?post=92637"},{"taxonomy":"post_tag","embeddable":true,"href":"https:\/\/blogdoeloiltoncajuhy.com.br\/site\/wp-json\/wp\/v2\/tags?post=92637"}],"curies":[{"name":"wp","href":"https:\/\/api.w.org\/{rel}","templated":true}]}}