{"id":92168,"date":"2025-12-12T19:20:59","date_gmt":"2025-12-12T22:20:59","guid":{"rendered":"https:\/\/blogdoeloiltoncajuhy.com.br\/site\/?p=92168"},"modified":"2025-12-12T19:21:01","modified_gmt":"2025-12-12T22:21:01","slug":"a-paraiba-tem-uma-missao-em-2026-nao-reeleger-hugo-motta","status":"publish","type":"post","link":"https:\/\/blogdoeloiltoncajuhy.com.br\/site\/a-paraiba-tem-uma-missao-em-2026-nao-reeleger-hugo-motta\/","title":{"rendered":"A Para\u00edba tem uma miss\u00e3o em 2026: n\u00e3o reeleger Hugo Motta"},"content":{"rendered":"\n<p><strong>Blog do Eloilton Cajuhy &#8211; BEC<\/strong><\/p>\n\n\n\n<figure class=\"wp-block-image aligncenter size-full is-resized\"><a href=\"https:\/\/i0.wp.com\/blogdoeloiltoncajuhy.com.br\/site\/wp-content\/uploads\/2025\/12\/Hugo-Motta-121225-Montagem.png?ssl=1\"><img data-recalc-dims=\"1\" fetchpriority=\"high\" decoding=\"async\" width=\"800\" height=\"396\" src=\"https:\/\/i0.wp.com\/blogdoeloiltoncajuhy.com.br\/site\/wp-content\/uploads\/2025\/12\/Hugo-Motta-121225-Montagem.png?resize=800%2C396&#038;ssl=1\" alt=\"\" class=\"wp-image-92169\" style=\"aspect-ratio:2.0192459378450858;width:739px;height:auto\" srcset=\"https:\/\/i0.wp.com\/blogdoeloiltoncajuhy.com.br\/site\/wp-content\/uploads\/2025\/12\/Hugo-Motta-121225-Montagem.png?w=844&amp;ssl=1 844w, https:\/\/i0.wp.com\/blogdoeloiltoncajuhy.com.br\/site\/wp-content\/uploads\/2025\/12\/Hugo-Motta-121225-Montagem.png?resize=300%2C149&amp;ssl=1 300w, https:\/\/i0.wp.com\/blogdoeloiltoncajuhy.com.br\/site\/wp-content\/uploads\/2025\/12\/Hugo-Motta-121225-Montagem.png?resize=768%2C380&amp;ssl=1 768w\" sizes=\"(max-width: 800px) 100vw, 800px\" \/><\/a><figcaption class=\"wp-element-caption\"><sub>Reprodu\u00e7\u00e3o \/ Facebook<\/sub><\/figcaption><\/figure>\n\n\n\n<p>Por mais que Bras\u00edlia esteja acostumada a cenas improv\u00e1veis, a do presidente da C\u00e2mara, Hugo Motta, rompendo com os l\u00edderes do PT e do PL, conseguiu arrancar gargalhadas conjuntas de petistas e bolsonaristas. N\u00e3o \u00e9 pouca coisa. Em tempos de polariza\u00e7\u00e3o, unir os dois polos virou fa\u00e7anha rara. Mas Motta conseguiu \u2014 pelo motivo errado.<\/p>\n\n\n\n<p>Deu na Veja que, nos corredores do Congresso, a avalia\u00e7\u00e3o \u00e9 praticamente un\u00e2nime: o paraibano que ocupa a cadeira mais poderosa da Casa parece menor do que o cargo exige. E n\u00e3o por acaso. A decis\u00e3o de romper com Lindbergh Farias e S\u00f3stenes Cavalcante foi interpretada como um gesto de quem ainda n\u00e3o compreendeu a liturgia do posto. \u00c9 como se um s\u00edndico rec\u00e9m-eleito resolvesse fechar o grupo de WhatsApp do condom\u00ednio porque discordou do barulho na \u00e1rea comum.<\/p>\n\n\n\n<p>\u201cComo \u00e9 que um presidente da C\u00e2mara rompe com lideran\u00e7as partid\u00e1rias? Ele precisa exatamente delas pra tocar a Casa\u201d, ironizou uma deputada do PL, repetindo o que muitos dizem sem gravar.<\/p>\n\n\n\n<p><strong><a href=\"https:\/\/whatsapp.com\/channel\/0029VaAT7tDLI8Yfj5y9Z50Z\" target=\"_blank\" rel=\"noreferrer noopener\"><mark style=\"background-color:rgba(0, 0, 0, 0)\" class=\"has-inline-color has-luminous-vivid-orange-color\">>> Clique aqui e entre no canal do BEC no WhatsApp<\/mark><\/a><\/strong><\/p>\n\n\n\n<p>Do lado do PT, o diagn\u00f3stico \u00e9 parecido: faltou maturidade, sobrou \u00edmpeto. A leitura \u00e9 que Hugo Motta tenta mostrar for\u00e7a \u2014 e entrega fraqueza. Rompeu porque n\u00e3o sabe articular, se isolou porque n\u00e3o sabe costurar, e se exp\u00f4s porque n\u00e3o sabe medir a temperatura do pr\u00f3prio plen\u00e1rio.<\/p>\n\n\n\n<p>\u00c9 o famoso caso do pol\u00edtico nanico sentado numa cadeira gigante. A cadeira \u00e9 grande demais? Ou o ocupante \u00e9 pequeno demais? Em Bras\u00edlia, ningu\u00e9m tem d\u00favida sobre a resposta.<\/p>\n\n\n\n<p>E aqui entra a responsabilidade da Para\u00edba \u2014 n\u00e3o como provoca\u00e7\u00e3o, mas como alerta c\u00edvico: em 2026, o estado tem uma obriga\u00e7\u00e3o simples, quase pedag\u00f3gica, com o resto do pa\u00eds. N\u00e3o reconduzir Hugo Motta ao Congresso. N\u00e3o por diverg\u00eancia ideol\u00f3gica, mas por absoluta falta de estatura institucional.<\/p>\n\n\n\n<p>Um presidente da C\u00e2mara n\u00e3o pode se comportar como vereador de interior em crise com a pr\u00f3pria base. A cadeira exige grandeza. O ocupante, por enquanto, oferece apenas barulho e trope\u00e7o.<\/p>\n\n\n\n<p>E o Brasil j\u00e1 tem problemas demais para desperdi\u00e7ar energia com quem transforma o cargo mais importante do Legislativo federal em palco de constrangimento.<\/p>\n\n\n\n<p class=\"has-black-color has-text-color has-link-color wp-elements-81eee9b219b07cdd917f833dfcb07fe8\"><strong>Via @paraibadoisponto0<\/strong><\/p>\n","protected":false},"excerpt":{"rendered":"<p>Blog do Eloilton Cajuhy &#8211; BEC Por mais que Bras\u00edlia esteja acostumada a cenas improv\u00e1veis, a do presidente da C\u00e2mara, Hugo Motta, rompendo com os l\u00edderes do PT e do PL, conseguiu arrancar gargalhadas conjuntas de petistas e bolsonaristas. N\u00e3o \u00e9 pouca coisa. Em tempos de polariza\u00e7\u00e3o, unir os dois polos virou fa\u00e7anha rara. Mas [&hellip;]<\/p>\n","protected":false},"author":2,"featured_media":92123,"comment_status":"open","ping_status":"open","sticky":false,"template":"","format":"standard","meta":{"_acf_changed":false,"_monsterinsights_skip_tracking":false,"_monsterinsights_sitenote_active":false,"_monsterinsights_sitenote_note":"","_monsterinsights_sitenote_category":0,"_jetpack_memberships_contains_paid_content":false,"footnotes":"","jetpack_publicize_message":"","jetpack_publicize_feature_enabled":true,"jetpack_social_post_already_shared":true,"jetpack_social_options":{"image_generator_settings":{"template":"highway","default_image_id":0,"font":"","enabled":false},"version":2}},"categories":[2],"tags":[],"class_list":["post-92168","post","type-post","status-publish","format-standard","has-post-thumbnail","hentry","category-opiniao"],"acf":[],"jetpack_publicize_connections":[],"jetpack_featured_media_url":"https:\/\/i0.wp.com\/blogdoeloiltoncajuhy.com.br\/site\/wp-content\/uploads\/2025\/12\/Presidente-da-camara-dos-deputados-hugo-motta-reuters-ueslei-marcelino.png?fit=768%2C408&ssl=1","jetpack_sharing_enabled":true,"publishpress_future_workflow_manual_trigger":{"enabledWorkflows":[]},"_links":{"self":[{"href":"https:\/\/blogdoeloiltoncajuhy.com.br\/site\/wp-json\/wp\/v2\/posts\/92168","targetHints":{"allow":["GET"]}}],"collection":[{"href":"https:\/\/blogdoeloiltoncajuhy.com.br\/site\/wp-json\/wp\/v2\/posts"}],"about":[{"href":"https:\/\/blogdoeloiltoncajuhy.com.br\/site\/wp-json\/wp\/v2\/types\/post"}],"author":[{"embeddable":true,"href":"https:\/\/blogdoeloiltoncajuhy.com.br\/site\/wp-json\/wp\/v2\/users\/2"}],"replies":[{"embeddable":true,"href":"https:\/\/blogdoeloiltoncajuhy.com.br\/site\/wp-json\/wp\/v2\/comments?post=92168"}],"version-history":[{"count":1,"href":"https:\/\/blogdoeloiltoncajuhy.com.br\/site\/wp-json\/wp\/v2\/posts\/92168\/revisions"}],"predecessor-version":[{"id":92170,"href":"https:\/\/blogdoeloiltoncajuhy.com.br\/site\/wp-json\/wp\/v2\/posts\/92168\/revisions\/92170"}],"wp:featuredmedia":[{"embeddable":true,"href":"https:\/\/blogdoeloiltoncajuhy.com.br\/site\/wp-json\/wp\/v2\/media\/92123"}],"wp:attachment":[{"href":"https:\/\/blogdoeloiltoncajuhy.com.br\/site\/wp-json\/wp\/v2\/media?parent=92168"}],"wp:term":[{"taxonomy":"category","embeddable":true,"href":"https:\/\/blogdoeloiltoncajuhy.com.br\/site\/wp-json\/wp\/v2\/categories?post=92168"},{"taxonomy":"post_tag","embeddable":true,"href":"https:\/\/blogdoeloiltoncajuhy.com.br\/site\/wp-json\/wp\/v2\/tags?post=92168"}],"curies":[{"name":"wp","href":"https:\/\/api.w.org\/{rel}","templated":true}]}}