{"id":92156,"date":"2025-12-12T15:25:30","date_gmt":"2025-12-12T18:25:30","guid":{"rendered":"https:\/\/blogdoeloiltoncajuhy.com.br\/site\/?p=92156"},"modified":"2025-12-12T15:26:38","modified_gmt":"2025-12-12T18:26:38","slug":"natal-2025-inaugura-a-era-do-consumo-emocional-no-brasil-e-projeta-uma-virada-historica-no-varejo-digital","status":"publish","type":"post","link":"https:\/\/blogdoeloiltoncajuhy.com.br\/site\/natal-2025-inaugura-a-era-do-consumo-emocional-no-brasil-e-projeta-uma-virada-historica-no-varejo-digital\/","title":{"rendered":"Natal 2025 inaugura a Era do Consumo Emocional no Brasil e projeta uma virada hist\u00f3rica no varejo digital"},"content":{"rendered":"\n<p class=\"has-medium-font-size\"><strong>Volume projetado de R$ 19,8 bilh\u00f5es transforma o Natal no maior term\u00f4metro psicol\u00f3gico do pa\u00eds; dados revelam que o brasileiro compra menos por pre\u00e7o e mais por significado, e isso pode redesenhar o varejo em 2026<\/strong><\/p>\n\n\n\n<p><strong>Blog do Eloilton Cajuhy &#8211; BEC<\/strong><\/p>\n\n\n\n<figure class=\"wp-block-image aligncenter size-full\"><a href=\"https:\/\/i0.wp.com\/blogdoeloiltoncajuhy.com.br\/site\/wp-content\/uploads\/2025\/12\/Compras-consumo-reproducao.png?ssl=1\"><img data-recalc-dims=\"1\" fetchpriority=\"high\" decoding=\"async\" width=\"768\" height=\"434\" src=\"https:\/\/i0.wp.com\/blogdoeloiltoncajuhy.com.br\/site\/wp-content\/uploads\/2025\/12\/Compras-consumo-reproducao.png?resize=768%2C434&#038;ssl=1\" alt=\"\" class=\"wp-image-92157\" srcset=\"https:\/\/i0.wp.com\/blogdoeloiltoncajuhy.com.br\/site\/wp-content\/uploads\/2025\/12\/Compras-consumo-reproducao.png?w=768&amp;ssl=1 768w, https:\/\/i0.wp.com\/blogdoeloiltoncajuhy.com.br\/site\/wp-content\/uploads\/2025\/12\/Compras-consumo-reproducao.png?resize=300%2C170&amp;ssl=1 300w\" sizes=\"(max-width: 768px) 100vw, 768px\" \/><\/a><figcaption class=\"wp-element-caption\"><sub>Reprodu\u00e7\u00e3o<\/sub><\/figcaption><\/figure>\n\n\n\n<p>O Brasil est\u00e1 prestes a viver o Natal mais simb\u00f3lico, emocional e imprevis\u00edvel de sua hist\u00f3ria recente. Um novo levantamento da Seconds estima que o per\u00edodo deve movimentar R$ 19,8 bilh\u00f5es, crescimento de 8,5% em rela\u00e7\u00e3o ao ano passado, e confirma uma virada estrutural no comportamento do consumidor brasileiro: n\u00e3o \u00e9 o pre\u00e7o que determina a compra, \u00e9 o v\u00ednculo.<\/p>\n\n\n\n<p>O Natal volta a superar com folga a Black Friday, que fechou 2025 em R$ 7,88 bilh\u00f5es. A diferen\u00e7a revela um pa\u00eds que, mesmo sob a narrativa de crise, mant\u00e9m intacta a decis\u00e3o de presentear, cuidar, marcar presen\u00e7a e refor\u00e7ar la\u00e7os, um consumo que n\u00e3o \u00e9 racional, \u00e9 profundamente humano.<\/p>\n\n\n\n<p><strong><a href=\"https:\/\/whatsapp.com\/channel\/0029VaAT7tDLI8Yfj5y9Z50Z\" target=\"_blank\" rel=\"noreferrer noopener\"><mark style=\"background-color:rgba(0, 0, 0, 0)\" class=\"has-inline-color has-luminous-vivid-orange-color\">>> Clique aqui e entre no canal do BEC no WhatsApp<\/mark><\/a><\/strong><\/p>\n\n\n\n<p>\u201cO que estamos vendo n\u00e3o \u00e9 apenas um pico comercial, \u00e9 um fen\u00f4meno sociocultural\u201d, afirma Ulysses Corr\u00eaa, Gerente Comercial da Seconds.<\/p>\n\n\n\n<blockquote class=\"wp-block-quote is-layout-flow wp-block-quote-is-layout-flow\">\n<p><strong><mark style=\"background-color:rgba(0, 0, 0, 0)\" class=\"has-inline-color has-black-color\">\u201cO brasileiro compra para comunicar afeto. Compra para existir na vida do outro. E essa for\u00e7a emocional, quando ganha escala, move quase R$ 20 bilh\u00f5es. Isso diz muito mais sobre o Brasil do que qualquer indicador econ\u00f4mico\u201d.<\/mark><\/strong><\/p>\n<\/blockquote>\n\n\n\n<p>Os dados mostram que as categorias que mais cresceram ao longo do ano, Sa\u00fade &amp; Farma (+28%), Petshop (+22%) e Casa &amp; Decora\u00e7\u00e3o (+19%), devem liderar o Natal 2025. O movimento confirma uma tend\u00eancia global, mas com intensidade brasileira: presentes que transmitem cuidado, acolhimento e pertencimento.<\/p>\n\n\n\n<p>Do outro lado, o mobile continua sua expans\u00e3o silenciosa. O avan\u00e7o de 4% nas compras via celular durante a Black Friday antecipa um Natal praticamente dominado pelas telas, com milh\u00f5es de pedidos realizados \u00e0 noite, nos intervalos do trabalho e no transporte p\u00fablico. \u201cO brasileiro n\u00e3o vai mais ao Natal, ele leva o Natal no bolso\u201d, ressalta Corr\u00eaa.<\/p>\n\n\n\n<p>A Seconds tamb\u00e9m aponta a consolida\u00e7\u00e3o dos marketplaces como epicentro das compras natalinas. Com 36,5% de share de busca, o Mercado Livre entra no per\u00edodo com vantagem estrat\u00e9gica, refor\u00e7ada pelo crescimento explosivo de autope\u00e7as (+32%) e supermercado (+25%) dentro da plataforma. Para a empresa, isso aponta para um Natal menos disperso e mais concentrado, com players gigantes assumindo o papel de shoppings digitais nacionais.<\/p>\n\n\n\n<p>Para 2026, o cen\u00e1rio \u00e9 claro: o Brasil est\u00e1 entrando em uma \u201cEra do Consumo Emocional\u201d, na qual o valor simb\u00f3lico supera valor financeiro, e em que datas tradicionais voltam a exercer poder sobre o imagin\u00e1rio, mesmo em um pa\u00eds que passa o ano repetindo que vive dificuldades econ\u00f4micas. \u201cSe a Black Friday representa a racionalidade, o Natal representa a alma, e a alma do Brasil compra\u201d, conclui Corr\u00eaa.<\/p>\n","protected":false},"excerpt":{"rendered":"<p>Volume projetado de R$ 19,8 bilh\u00f5es transforma o Natal no maior term\u00f4metro psicol\u00f3gico do pa\u00eds; dados revelam que o brasileiro compra menos por pre\u00e7o e mais por significado, e isso pode redesenhar o varejo em 2026 Blog do Eloilton Cajuhy &#8211; BEC O Brasil est\u00e1 prestes a viver o Natal mais simb\u00f3lico, emocional e imprevis\u00edvel [&hellip;]<\/p>\n","protected":false},"author":2,"featured_media":92157,"comment_status":"open","ping_status":"open","sticky":false,"template":"","format":"standard","meta":{"_acf_changed":false,"_monsterinsights_skip_tracking":false,"_monsterinsights_sitenote_active":false,"_monsterinsights_sitenote_note":"","_monsterinsights_sitenote_category":0,"_jetpack_memberships_contains_paid_content":false,"footnotes":"","jetpack_publicize_message":"","jetpack_publicize_feature_enabled":true,"jetpack_social_post_already_shared":false,"jetpack_social_options":{"image_generator_settings":{"template":"highway","default_image_id":0,"font":"","enabled":false},"version":2}},"categories":[31],"tags":[],"class_list":["post-92156","post","type-post","status-publish","format-standard","has-post-thumbnail","hentry","category-economia"],"acf":[],"jetpack_publicize_connections":[],"jetpack_featured_media_url":"https:\/\/i0.wp.com\/blogdoeloiltoncajuhy.com.br\/site\/wp-content\/uploads\/2025\/12\/Compras-consumo-reproducao.png?fit=768%2C434&ssl=1","jetpack_sharing_enabled":true,"publishpress_future_workflow_manual_trigger":{"enabledWorkflows":[]},"_links":{"self":[{"href":"https:\/\/blogdoeloiltoncajuhy.com.br\/site\/wp-json\/wp\/v2\/posts\/92156","targetHints":{"allow":["GET"]}}],"collection":[{"href":"https:\/\/blogdoeloiltoncajuhy.com.br\/site\/wp-json\/wp\/v2\/posts"}],"about":[{"href":"https:\/\/blogdoeloiltoncajuhy.com.br\/site\/wp-json\/wp\/v2\/types\/post"}],"author":[{"embeddable":true,"href":"https:\/\/blogdoeloiltoncajuhy.com.br\/site\/wp-json\/wp\/v2\/users\/2"}],"replies":[{"embeddable":true,"href":"https:\/\/blogdoeloiltoncajuhy.com.br\/site\/wp-json\/wp\/v2\/comments?post=92156"}],"version-history":[{"count":2,"href":"https:\/\/blogdoeloiltoncajuhy.com.br\/site\/wp-json\/wp\/v2\/posts\/92156\/revisions"}],"predecessor-version":[{"id":92159,"href":"https:\/\/blogdoeloiltoncajuhy.com.br\/site\/wp-json\/wp\/v2\/posts\/92156\/revisions\/92159"}],"wp:featuredmedia":[{"embeddable":true,"href":"https:\/\/blogdoeloiltoncajuhy.com.br\/site\/wp-json\/wp\/v2\/media\/92157"}],"wp:attachment":[{"href":"https:\/\/blogdoeloiltoncajuhy.com.br\/site\/wp-json\/wp\/v2\/media?parent=92156"}],"wp:term":[{"taxonomy":"category","embeddable":true,"href":"https:\/\/blogdoeloiltoncajuhy.com.br\/site\/wp-json\/wp\/v2\/categories?post=92156"},{"taxonomy":"post_tag","embeddable":true,"href":"https:\/\/blogdoeloiltoncajuhy.com.br\/site\/wp-json\/wp\/v2\/tags?post=92156"}],"curies":[{"name":"wp","href":"https:\/\/api.w.org\/{rel}","templated":true}]}}