{"id":92100,"date":"2025-12-10T17:27:30","date_gmt":"2025-12-10T20:27:30","guid":{"rendered":"https:\/\/blogdoeloiltoncajuhy.com.br\/site\/?p=92100"},"modified":"2025-12-10T17:27:32","modified_gmt":"2025-12-10T20:27:32","slug":"bolsa-familia-tem-pagamento-antecipado-em-dezembro","status":"publish","type":"post","link":"https:\/\/blogdoeloiltoncajuhy.com.br\/site\/bolsa-familia-tem-pagamento-antecipado-em-dezembro\/","title":{"rendered":"Bolsa Fam\u00edlia tem pagamento antecipado em dezembro"},"content":{"rendered":"\n<p class=\"has-medium-font-size\"><strong>Dos 18,7 milh\u00f5es de lares contemplados pelo benef\u00edcio, 170 mil fam\u00edlias tiveram aumento de renda em dezembro e entraram na Regra de Prote\u00e7\u00e3o<\/strong><\/p>\n\n\n\n<p><strong>Blog do Eloilton Cajuhy &#8211; BEC<\/strong><\/p>\n\n\n\n<figure class=\"wp-block-image aligncenter size-full\"><a href=\"https:\/\/i0.wp.com\/blogdoeloiltoncajuhy.com.br\/site\/wp-content\/uploads\/2025\/12\/Bolsa-Familia-101225-Foto-Lyon-Santos-MDS.jpeg?ssl=1\"><img data-recalc-dims=\"1\" fetchpriority=\"high\" decoding=\"async\" width=\"768\" height=\"512\" src=\"https:\/\/i0.wp.com\/blogdoeloiltoncajuhy.com.br\/site\/wp-content\/uploads\/2025\/12\/Bolsa-Familia-101225-Foto-Lyon-Santos-MDS.jpeg?resize=768%2C512&#038;ssl=1\" alt=\"\" class=\"wp-image-92101\" srcset=\"https:\/\/i0.wp.com\/blogdoeloiltoncajuhy.com.br\/site\/wp-content\/uploads\/2025\/12\/Bolsa-Familia-101225-Foto-Lyon-Santos-MDS.jpeg?w=768&amp;ssl=1 768w, https:\/\/i0.wp.com\/blogdoeloiltoncajuhy.com.br\/site\/wp-content\/uploads\/2025\/12\/Bolsa-Familia-101225-Foto-Lyon-Santos-MDS.jpeg?resize=300%2C200&amp;ssl=1 300w\" sizes=\"(max-width: 768px) 100vw, 768px\" \/><\/a><figcaption class=\"wp-element-caption\"><sub>Foto: Lyon Santos \/ MDS<\/sub><\/figcaption><\/figure>\n\n\n\n<p>Para garantir que todos os benefici\u00e1rios tenham acesso ao valor do Bolsa Fam\u00edlia antes do Natal, o Minist\u00e9rio do Desenvolvimento e Assist\u00eancia Social, Fam\u00edlia e Combate \u00e0 Fome disponibilizou mais cedo o pagamento do benef\u00edcio em dezembro. Nesta quarta-feira (10), 18,7 milh\u00f5es de fam\u00edlias come\u00e7am a receber o Bolsa Fam\u00edlia, com um valor m\u00e9dio de R$ 691,37 por domic\u00edlio. O investimento do Governo do Brasil ultrapassa R$12,74 bilh\u00f5es neste m\u00eas, beneficiando 48,92 milh\u00f5es de pessoas.<\/p>\n\n\n\n<p class=\"has-cyan-bluish-gray-background-color has-background\"><a href=\"https:\/\/www.gov.br\/mds\/pt-br\/noticias-e-conteudos\/desenvolvimento-social\/noticias-desenvolvimento-social\/bolsa-familia-tem-pagamento-antecipado-em-dezembro-com-inicio-nesta-quarta-feira-10-12\/Dezembrolistadefamiliasatendidaspormunicipio.xlsx\"><strong><mark style=\"background-color:rgba(0, 0, 0, 0)\" class=\"has-inline-color has-black-color\">Confira a lista com n\u00famero de fam\u00edlias beneficiadas por munic\u00edpio<\/mark><\/strong><\/a><\/p>\n\n\n\n<p>Em dezembro, o programa de transfer\u00eancia de renda incentivou novas 169,9 mil fam\u00edlias a aumentarem a renda e ingressarem na Regra de Prote\u00e7\u00e3o. O mecanismo garante que, durante 12 meses, as fam\u00edlias que ultrapassarem o limite de renda de R$ 218 por pessoa possam continuar recebendo 50% do valor do benef\u00edcio, desde que a renda n\u00e3o ultrapasse R$ 706 por pessoa. Ao todo, s\u00e3o 2,33 milh\u00f5es de fam\u00edlias melhoraram de vida e seguem na Regra de Prote\u00e7\u00e3o.<\/p>\n\n\n\n<p>Mesmo com a antecipa\u00e7\u00e3o, o pagamento do Bolsa Fam\u00edlia segue o calend\u00e1rio escalonado, de acordo com o \u00faltimo d\u00edgito do N\u00famero de Identifica\u00e7\u00e3o Social (NIS). Fam\u00edlias que vivem em munic\u00edpios em situa\u00e7\u00e3o de emerg\u00eancia ou estado de calamidade p\u00fablica recebem o benef\u00edcio no primeiro dia do cronograma de pagamento.<\/p>\n\n\n\n<p><strong><a href=\"https:\/\/whatsapp.com\/channel\/0029VaAT7tDLI8Yfj5y9Z50Z\" target=\"_blank\" rel=\"noreferrer noopener\"><mark style=\"background-color:rgba(0, 0, 0, 0)\" class=\"has-inline-color has-luminous-vivid-orange-color\">>> Clique aqui e entre no canal do BEC no WhatsApp<\/mark><\/a><\/strong><\/p>\n","protected":false},"excerpt":{"rendered":"<p>Dos 18,7 milh\u00f5es de lares contemplados pelo benef\u00edcio, 170 mil fam\u00edlias tiveram aumento de renda em dezembro e entraram na Regra de Prote\u00e7\u00e3o Blog do Eloilton Cajuhy &#8211; BEC Para garantir que todos os benefici\u00e1rios tenham acesso ao valor do Bolsa Fam\u00edlia antes do Natal, o Minist\u00e9rio do Desenvolvimento e Assist\u00eancia Social, Fam\u00edlia e Combate [&hellip;]<\/p>\n","protected":false},"author":2,"featured_media":92101,"comment_status":"open","ping_status":"open","sticky":false,"template":"","format":"standard","meta":{"_acf_changed":false,"_monsterinsights_skip_tracking":false,"_monsterinsights_sitenote_active":false,"_monsterinsights_sitenote_note":"","_monsterinsights_sitenote_category":0,"_jetpack_memberships_contains_paid_content":false,"footnotes":"","jetpack_publicize_message":"","jetpack_publicize_feature_enabled":true,"jetpack_social_post_already_shared":false,"jetpack_social_options":{"image_generator_settings":{"template":"highway","default_image_id":0,"font":"","enabled":false},"version":2}},"categories":[31],"tags":[],"class_list":["post-92100","post","type-post","status-publish","format-standard","has-post-thumbnail","hentry","category-economia"],"acf":[],"jetpack_publicize_connections":[],"jetpack_featured_media_url":"https:\/\/i0.wp.com\/blogdoeloiltoncajuhy.com.br\/site\/wp-content\/uploads\/2025\/12\/Bolsa-Familia-101225-Foto-Lyon-Santos-MDS.jpeg?fit=768%2C512&ssl=1","jetpack_sharing_enabled":true,"publishpress_future_workflow_manual_trigger":{"enabledWorkflows":[]},"_links":{"self":[{"href":"https:\/\/blogdoeloiltoncajuhy.com.br\/site\/wp-json\/wp\/v2\/posts\/92100","targetHints":{"allow":["GET"]}}],"collection":[{"href":"https:\/\/blogdoeloiltoncajuhy.com.br\/site\/wp-json\/wp\/v2\/posts"}],"about":[{"href":"https:\/\/blogdoeloiltoncajuhy.com.br\/site\/wp-json\/wp\/v2\/types\/post"}],"author":[{"embeddable":true,"href":"https:\/\/blogdoeloiltoncajuhy.com.br\/site\/wp-json\/wp\/v2\/users\/2"}],"replies":[{"embeddable":true,"href":"https:\/\/blogdoeloiltoncajuhy.com.br\/site\/wp-json\/wp\/v2\/comments?post=92100"}],"version-history":[{"count":1,"href":"https:\/\/blogdoeloiltoncajuhy.com.br\/site\/wp-json\/wp\/v2\/posts\/92100\/revisions"}],"predecessor-version":[{"id":92102,"href":"https:\/\/blogdoeloiltoncajuhy.com.br\/site\/wp-json\/wp\/v2\/posts\/92100\/revisions\/92102"}],"wp:featuredmedia":[{"embeddable":true,"href":"https:\/\/blogdoeloiltoncajuhy.com.br\/site\/wp-json\/wp\/v2\/media\/92101"}],"wp:attachment":[{"href":"https:\/\/blogdoeloiltoncajuhy.com.br\/site\/wp-json\/wp\/v2\/media?parent=92100"}],"wp:term":[{"taxonomy":"category","embeddable":true,"href":"https:\/\/blogdoeloiltoncajuhy.com.br\/site\/wp-json\/wp\/v2\/categories?post=92100"},{"taxonomy":"post_tag","embeddable":true,"href":"https:\/\/blogdoeloiltoncajuhy.com.br\/site\/wp-json\/wp\/v2\/tags?post=92100"}],"curies":[{"name":"wp","href":"https:\/\/api.w.org\/{rel}","templated":true}]}}