{"id":92096,"date":"2025-12-10T14:09:30","date_gmt":"2025-12-10T17:09:30","guid":{"rendered":"https:\/\/blogdoeloiltoncajuhy.com.br\/site\/?p=92096"},"modified":"2025-12-10T14:09:31","modified_gmt":"2025-12-10T17:09:31","slug":"governo-da-bahia-inicia-nova-obra-de-extensao-de-rede-de-agua-na-zona-rural-de-senhor-do-bonfim","status":"publish","type":"post","link":"https:\/\/blogdoeloiltoncajuhy.com.br\/site\/governo-da-bahia-inicia-nova-obra-de-extensao-de-rede-de-agua-na-zona-rural-de-senhor-do-bonfim\/","title":{"rendered":"Governo da Bahia inicia nova obra de extens\u00e3o de rede de \u00e1gua na zona rural de Senhor do Bonfim"},"content":{"rendered":"\n<p><strong>Blog do Eloilton Cajuhy &#8211; BEC<\/strong><\/p>\n\n\n\n<figure class=\"wp-block-image aligncenter size-full\"><a href=\"https:\/\/i0.wp.com\/blogdoeloiltoncajuhy.com.br\/site\/wp-content\/uploads\/2025\/12\/Bobo-2025-12-10-2.jpeg?ssl=1\"><img data-recalc-dims=\"1\" fetchpriority=\"high\" decoding=\"async\" width=\"383\" height=\"680\" src=\"https:\/\/i0.wp.com\/blogdoeloiltoncajuhy.com.br\/site\/wp-content\/uploads\/2025\/12\/Bobo-2025-12-10-2.jpeg?resize=383%2C680&#038;ssl=1\" alt=\"\" class=\"wp-image-92097\" srcset=\"https:\/\/i0.wp.com\/blogdoeloiltoncajuhy.com.br\/site\/wp-content\/uploads\/2025\/12\/Bobo-2025-12-10-2.jpeg?w=383&amp;ssl=1 383w, https:\/\/i0.wp.com\/blogdoeloiltoncajuhy.com.br\/site\/wp-content\/uploads\/2025\/12\/Bobo-2025-12-10-2.jpeg?resize=169%2C300&amp;ssl=1 169w\" sizes=\"(max-width: 383px) 100vw, 383px\" \/><\/a><figcaption class=\"wp-element-caption\"><sub>Foto: Ascom deputado Bob\u00f4<\/sub><\/figcaption><\/figure>\n\n\n\n<p>O Governo da Bahia iniciou mais uma obra de extens\u00e3o da rede de abastecimento de \u00e1gua na zona rural de Senhor do Bonfim, desta vez na localidade de Brejo do Teles, na regi\u00e3o de Miss\u00e3o do Sahy.<\/p>\n\n\n\n<p>A a\u00e7\u00e3o, executada pela Empresa Baiana de \u00c1guas e Saneamento (Embasa), prev\u00ea a instala\u00e7\u00e3o de 1.300 metros de tubula\u00e7\u00e3o, beneficiando diretamente cerca de 25 fam\u00edlias.<\/p>\n\n\n\n<p>A iniciativa atende a uma solicita\u00e7\u00e3o da lideran\u00e7a local Pedro da Marcenaria, encaminhada ao deputado estadual Bob\u00f4, que articulou junto ao Governo do Estado para viabilizar a interven\u00e7\u00e3o.<\/p>\n\n\n\n<p>Com a obra, os moradores da comunidade passar\u00e3o a contar com abastecimento regular de \u00e1gua tratada, assegurando mais qualidade de vida e melhores condi\u00e7\u00f5es de sa\u00fade.<\/p>\n\n\n\n<p>A previs\u00e3o \u00e9 que os servi\u00e7os de escava\u00e7\u00e3o e assentamento dos canos sejam conclu\u00eddos at\u00e9 o pr\u00f3ximo s\u00e1bado (13), para que, em seguida, o fornecimento de \u00e1gua seja liberado.<\/p>\n\n\n\n<p><strong><a href=\"https:\/\/whatsapp.com\/channel\/0029VaAT7tDLI8Yfj5y9Z50Z\" target=\"_blank\" rel=\"noreferrer noopener\"><mark style=\"background-color:rgba(0, 0, 0, 0)\" class=\"has-inline-color has-luminous-vivid-orange-color\">>> Clique aqui e entre no canal do BEC no WhatsApp<\/mark><\/a><\/strong><\/p>\n\n\n\n<figure class=\"wp-block-image aligncenter size-full\"><a href=\"https:\/\/i0.wp.com\/blogdoeloiltoncajuhy.com.br\/site\/wp-content\/uploads\/2025\/12\/Bobo-2025-12-10.jpeg?ssl=1\"><img data-recalc-dims=\"1\" decoding=\"async\" width=\"383\" height=\"680\" src=\"https:\/\/i0.wp.com\/blogdoeloiltoncajuhy.com.br\/site\/wp-content\/uploads\/2025\/12\/Bobo-2025-12-10.jpeg?resize=383%2C680&#038;ssl=1\" alt=\"\" class=\"wp-image-92098\" srcset=\"https:\/\/i0.wp.com\/blogdoeloiltoncajuhy.com.br\/site\/wp-content\/uploads\/2025\/12\/Bobo-2025-12-10.jpeg?w=383&amp;ssl=1 383w, https:\/\/i0.wp.com\/blogdoeloiltoncajuhy.com.br\/site\/wp-content\/uploads\/2025\/12\/Bobo-2025-12-10.jpeg?resize=169%2C300&amp;ssl=1 169w\" sizes=\"(max-width: 383px) 100vw, 383px\" \/><\/a><figcaption class=\"wp-element-caption\"><sub>Foto: Ascom deputado Bob\u00f4<\/sub><\/figcaption><\/figure>\n","protected":false},"excerpt":{"rendered":"<p>Blog do Eloilton Cajuhy &#8211; BEC O Governo da Bahia iniciou mais uma obra de extens\u00e3o da rede de abastecimento de \u00e1gua na zona rural de Senhor do Bonfim, desta vez na localidade de Brejo do Teles, na regi\u00e3o de Miss\u00e3o do Sahy. A a\u00e7\u00e3o, executada pela Empresa Baiana de \u00c1guas e Saneamento (Embasa), prev\u00ea [&hellip;]<\/p>\n","protected":false},"author":2,"featured_media":92098,"comment_status":"open","ping_status":"open","sticky":false,"template":"","format":"standard","meta":{"_acf_changed":false,"_monsterinsights_skip_tracking":false,"_monsterinsights_sitenote_active":false,"_monsterinsights_sitenote_note":"","_monsterinsights_sitenote_category":0,"_jetpack_memberships_contains_paid_content":false,"footnotes":"","jetpack_publicize_message":"","jetpack_publicize_feature_enabled":true,"jetpack_social_post_already_shared":true,"jetpack_social_options":{"image_generator_settings":{"template":"highway","default_image_id":0,"font":"","enabled":false},"version":2}},"categories":[4],"tags":[],"class_list":["post-92096","post","type-post","status-publish","format-standard","has-post-thumbnail","hentry","category-local"],"acf":[],"jetpack_publicize_connections":[],"jetpack_featured_media_url":"https:\/\/i0.wp.com\/blogdoeloiltoncajuhy.com.br\/site\/wp-content\/uploads\/2025\/12\/Bobo-2025-12-10.jpeg?fit=383%2C680&ssl=1","jetpack_sharing_enabled":true,"publishpress_future_workflow_manual_trigger":{"enabledWorkflows":[]},"_links":{"self":[{"href":"https:\/\/blogdoeloiltoncajuhy.com.br\/site\/wp-json\/wp\/v2\/posts\/92096","targetHints":{"allow":["GET"]}}],"collection":[{"href":"https:\/\/blogdoeloiltoncajuhy.com.br\/site\/wp-json\/wp\/v2\/posts"}],"about":[{"href":"https:\/\/blogdoeloiltoncajuhy.com.br\/site\/wp-json\/wp\/v2\/types\/post"}],"author":[{"embeddable":true,"href":"https:\/\/blogdoeloiltoncajuhy.com.br\/site\/wp-json\/wp\/v2\/users\/2"}],"replies":[{"embeddable":true,"href":"https:\/\/blogdoeloiltoncajuhy.com.br\/site\/wp-json\/wp\/v2\/comments?post=92096"}],"version-history":[{"count":1,"href":"https:\/\/blogdoeloiltoncajuhy.com.br\/site\/wp-json\/wp\/v2\/posts\/92096\/revisions"}],"predecessor-version":[{"id":92099,"href":"https:\/\/blogdoeloiltoncajuhy.com.br\/site\/wp-json\/wp\/v2\/posts\/92096\/revisions\/92099"}],"wp:featuredmedia":[{"embeddable":true,"href":"https:\/\/blogdoeloiltoncajuhy.com.br\/site\/wp-json\/wp\/v2\/media\/92098"}],"wp:attachment":[{"href":"https:\/\/blogdoeloiltoncajuhy.com.br\/site\/wp-json\/wp\/v2\/media?parent=92096"}],"wp:term":[{"taxonomy":"category","embeddable":true,"href":"https:\/\/blogdoeloiltoncajuhy.com.br\/site\/wp-json\/wp\/v2\/categories?post=92096"},{"taxonomy":"post_tag","embeddable":true,"href":"https:\/\/blogdoeloiltoncajuhy.com.br\/site\/wp-json\/wp\/v2\/tags?post=92096"}],"curies":[{"name":"wp","href":"https:\/\/api.w.org\/{rel}","templated":true}]}}