{"id":92092,"date":"2025-12-10T09:07:55","date_gmt":"2025-12-10T12:07:55","guid":{"rendered":"https:\/\/blogdoeloiltoncajuhy.com.br\/site\/?p=92092"},"modified":"2025-12-10T09:07:57","modified_gmt":"2025-12-10T12:07:57","slug":"comeca-hoje-a-16a-feira-baiana-da-agricultura-familiar-gastronomia-musica-e-mais-de-6-mil-produtos","status":"publish","type":"post","link":"https:\/\/blogdoeloiltoncajuhy.com.br\/site\/comeca-hoje-a-16a-feira-baiana-da-agricultura-familiar-gastronomia-musica-e-mais-de-6-mil-produtos\/","title":{"rendered":"Come\u00e7a hoje a 16\u00aa Feira Baiana da Agricultura Familiar: gastronomia, m\u00fasica e mais de 6 mil produtos"},"content":{"rendered":"\n<p><strong>Blog do Eloilton Cajuhy &#8211; BEC<\/strong><\/p>\n\n\n\n<figure class=\"wp-block-image aligncenter size-full\"><a href=\"https:\/\/i0.wp.com\/blogdoeloiltoncajuhy.com.br\/site\/wp-content\/uploads\/2025\/12\/Parque-Costa-Azul-Salvador.jpg?ssl=1\"><img data-recalc-dims=\"1\" fetchpriority=\"high\" decoding=\"async\" width=\"768\" height=\"576\" src=\"https:\/\/i0.wp.com\/blogdoeloiltoncajuhy.com.br\/site\/wp-content\/uploads\/2025\/12\/Parque-Costa-Azul-Salvador.jpg?resize=768%2C576&#038;ssl=1\" alt=\"\" class=\"wp-image-92093\" srcset=\"https:\/\/i0.wp.com\/blogdoeloiltoncajuhy.com.br\/site\/wp-content\/uploads\/2025\/12\/Parque-Costa-Azul-Salvador.jpg?w=768&amp;ssl=1 768w, https:\/\/i0.wp.com\/blogdoeloiltoncajuhy.com.br\/site\/wp-content\/uploads\/2025\/12\/Parque-Costa-Azul-Salvador.jpg?resize=300%2C225&amp;ssl=1 300w\" sizes=\"(max-width: 768px) 100vw, 768px\" \/><\/a><figcaption class=\"wp-element-caption\"><sub>Foto: Ascom CAR\/GOVBA<\/sub><\/figcaption><\/figure>\n\n\n\n<p>O Parque Costa Azul, em Salvador, se transforma, a partir desta quarta-feira (10), no maior ponto de encontro do rural baiano com a abertura da 16\u00aa Feira Baiana da Agricultura Familiar e Economia Solid\u00e1ria, que segue at\u00e9 domingo (14), com entrada gratuita. Reconhecida como uma das maiores feiras do segmento no pa\u00eds, a edi\u00e7\u00e3o 2025 chega ainda mais diversa e vibrante, reunindo gastronomia, cultura, experi\u00eancias imersivas e mais de seis mil produtos da agricultura familiar.<\/p>\n\n\n\n<p>A abertura oficial acontece \u00e0s 17h, com a presen\u00e7a de autoridades, representantes de cooperativas e organiza\u00e7\u00f5es do setor, marcando o in\u00edcio de cinco dias de celebra\u00e7\u00e3o, neg\u00f3cios e interc\u00e2mbio cultural.<\/p>\n\n\n\n<p>E a primeira noite promete reunir grande p\u00fablico. \u00c0s 20h, o cantor Jau sobe ao Palco Arena como atra\u00e7\u00e3o principal, trazendo carisma e musicalidade para abrir a programa\u00e7\u00e3o art\u00edstica. Antes dele, a Orquestra Sanf\u00f4nica da Bahia recebe o p\u00fablico no mesmo palco. No Palco Nordestino, quem se apresenta \u00e0s 20h \u00e9 a cantora Joyce Fran\u00e7a, refor\u00e7ando a diversidade sonora que marca o evento.<\/p>\n\n\n\n<p>A 16\u00aa edi\u00e7\u00e3o re\u00fane 600 cooperativas e associa\u00e7\u00f5es dos 27 Territ\u00f3rios de Identidade da Bahia, com mais de seis mil produtos entre alimentos, bebidas, artesanato, flores, cosm\u00e9ticos, moda e itens da economia solid\u00e1ria, uma vitrine ampla e democr\u00e1tica da produ\u00e7\u00e3o rural baiana.<\/p>\n\n\n\n<p>A Feira \u00e9 realizada pelo Governo do Estado da Bahia, por meio da Secretaria de Desenvolvimento Rural (SDR) e da Companhia de Desenvolvimento e A\u00e7\u00e3o Regional (CAR), em parceria com o Minist\u00e9rio do Desenvolvimento Agr\u00e1rio e Agricultura Familiar (MDA) e a UNICAFES Bahia.<\/p>\n\n\n\n<p class=\"has-black-color has-text-color has-link-color has-medium-font-size wp-elements-b4312abc1bbb3fc15786698adde743ae\"><strong>Caminho da Ro\u00e7a: a grande novidade de 2025<\/strong><\/p>\n\n\n\n<p>O evento estreia o Caminho da Ro\u00e7a, um percurso imersivo que apresenta seis sistemas produtivos da agricultura familiar baiana: caf\u00e9, chocolate, mel, mandioca, caprinovinocultura e queijos artesanais. O espa\u00e7o oferece demonstra\u00e7\u00f5es ao vivo, degusta\u00e7\u00f5es e viv\u00eancias sensoriais que aproximam a cidade do campo.<\/p>\n\n\n\n<p class=\"has-black-color has-text-color has-link-color has-medium-font-size wp-elements-514335bdfbb9c0cfdd6f570f3cee44ee\"><strong>Sabores \u00fanicos e lan\u00e7amentos exclusivos<\/strong><\/p>\n\n\n\n<p>A gastronomia \u00e9 outro grande destaque da Feira, com duas pra\u00e7as gastron\u00f4micas que re\u00fanem pratos tradicionais, op\u00e7\u00f5es veganas, doces regionais, mariscos, bebidas artesanais, cacha\u00e7as e caf\u00e9s especiais. Entre as novidades deste ano, diversos lan\u00e7amentos prometem atrair a aten\u00e7\u00e3o do p\u00fablico, como a carne mo\u00edda de ovino, o milho de pipoca n\u00e3o transg\u00eanico, o penne de milho, o hamb\u00farguer de fibra de caju, o iogurte artesanal com geleia de uva e o chopp de mandioca, entre outros produtos exclusivos desenvolvidos por cooperativas da agricultura familiar baiana.<\/p>\n\n\n\n<p class=\"has-black-color has-text-color has-link-color has-medium-font-size wp-elements-c07fdefcc2bd6c1aa30c8f070d749273\"><strong>Programa\u00e7\u00e3o musical para todos os gostos<\/strong><\/p>\n\n\n\n<p>A programa\u00e7\u00e3o cultural chega ainda mais robusta nesta edi\u00e7\u00e3o, transformando a Feira em um grande palco aberto de celebra\u00e7\u00e3o da cultura baiana. Ser\u00e3o mais de 25 atra\u00e7\u00f5es distribu\u00eddas entre o Palco do Samba, o Palco Nordestino e o Palco Concha, reunindo artistas consagrados e talentos regionais.<\/p>\n\n\n\n<p>Ao longo dos cinco dias, passam pelos palcos nomes como Adelm\u00e1rio Coelho, Pedro Pond\u00e9, Samba Trator, Cicinho de Assis, Gereba, Jeanne Lima, Virg\u00edlio, Paulo Jequi\u00e9 e Fragmentos do Samba, entre muitos outros.<\/p>\n\n\n\n<p>Al\u00e9m dos shows, a Feira mant\u00e9m espa\u00e7os tradicionais aguardados pelo p\u00fablico, como a Tenda Quilombola, a Tenda Ind\u00edgena, a Tenda de Artesanato e a 3\u00aa Feira Agroecol\u00f3gica da Bahia, ampliando a express\u00e3o criativa e ancestral da agricultura familiar.<\/p>\n\n\n\n<p class=\"has-black-color has-text-color has-link-color has-medium-font-size wp-elements-86564a32402abb2117f6431ec44cde31\"><strong>Conte\u00fado t\u00e9cnico e compromisso ambiental<\/strong><\/p>\n\n\n\n<p>Com cerca de 30 atividades, entre encontros, oficinas, debates e rodas de di\u00e1logo, a Feira fortalece temas como inova\u00e7\u00e3o no campo, agrega\u00e7\u00e3o de valor, acesso a cr\u00e9dito, mercados e pol\u00edticas p\u00fablicas.<\/p>\n\n\n\n<p>Pela primeira vez, o evento implanta coleta seletiva de res\u00edduos org\u00e2nicos para compostagem, al\u00e9m de ampliar a reciclagem de res\u00edduos s\u00f3lidos, todos destinados a cooperativas habilitadas.<\/p>\n\n\n\n<p class=\"has-medium-font-size\"><strong><mark style=\"background-color:rgba(0, 0, 0, 0)\" class=\"has-inline-color has-vivid-red-color\">Funcionamento<\/mark><\/strong><br><\/p>\n\n\n\n<ul class=\"wp-block-list\">\n<li>10 a 14 de dezembro<\/li>\n\n\n\n<li>Quarta (10\/12): abertura oficial \u00e0s 17h<\/li>\n\n\n\n<li>Quinta: 12h \u00e0s 22h<\/li>\n\n\n\n<li>Sexta a domingo: 10h \u00e0s 22h<\/li>\n\n\n\n<li>Parque Costa Azul \u2013 Salvador<\/li>\n\n\n\n<li>Entrada gratuita<\/li>\n<\/ul>\n","protected":false},"excerpt":{"rendered":"<p>Blog do Eloilton Cajuhy &#8211; BEC O Parque Costa Azul, em Salvador, se transforma, a partir desta quarta-feira (10), no maior ponto de encontro do rural baiano com a abertura da 16\u00aa Feira Baiana da Agricultura Familiar e Economia Solid\u00e1ria, que segue at\u00e9 domingo (14), com entrada gratuita. Reconhecida como uma das maiores feiras do [&hellip;]<\/p>\n","protected":false},"author":2,"featured_media":88316,"comment_status":"open","ping_status":"open","sticky":false,"template":"","format":"standard","meta":{"_acf_changed":false,"_monsterinsights_skip_tracking":false,"_monsterinsights_sitenote_active":false,"_monsterinsights_sitenote_note":"","_monsterinsights_sitenote_category":0,"_jetpack_memberships_contains_paid_content":false,"footnotes":"","jetpack_publicize_message":"","jetpack_publicize_feature_enabled":true,"jetpack_social_post_already_shared":false,"jetpack_social_options":{"image_generator_settings":{"template":"highway","default_image_id":0,"font":"","enabled":false},"version":2}},"categories":[31],"tags":[],"class_list":["post-92092","post","type-post","status-publish","format-standard","has-post-thumbnail","hentry","category-economia"],"acf":[],"jetpack_publicize_connections":[],"jetpack_featured_media_url":"https:\/\/i0.wp.com\/blogdoeloiltoncajuhy.com.br\/site\/wp-content\/uploads\/2025\/06\/GOVBA_Agricultura-familiarSP-01.jpeg.jpg?fit=760%2C506&ssl=1","jetpack_sharing_enabled":true,"publishpress_future_workflow_manual_trigger":{"enabledWorkflows":[]},"_links":{"self":[{"href":"https:\/\/blogdoeloiltoncajuhy.com.br\/site\/wp-json\/wp\/v2\/posts\/92092","targetHints":{"allow":["GET"]}}],"collection":[{"href":"https:\/\/blogdoeloiltoncajuhy.com.br\/site\/wp-json\/wp\/v2\/posts"}],"about":[{"href":"https:\/\/blogdoeloiltoncajuhy.com.br\/site\/wp-json\/wp\/v2\/types\/post"}],"author":[{"embeddable":true,"href":"https:\/\/blogdoeloiltoncajuhy.com.br\/site\/wp-json\/wp\/v2\/users\/2"}],"replies":[{"embeddable":true,"href":"https:\/\/blogdoeloiltoncajuhy.com.br\/site\/wp-json\/wp\/v2\/comments?post=92092"}],"version-history":[{"count":1,"href":"https:\/\/blogdoeloiltoncajuhy.com.br\/site\/wp-json\/wp\/v2\/posts\/92092\/revisions"}],"predecessor-version":[{"id":92094,"href":"https:\/\/blogdoeloiltoncajuhy.com.br\/site\/wp-json\/wp\/v2\/posts\/92092\/revisions\/92094"}],"wp:featuredmedia":[{"embeddable":true,"href":"https:\/\/blogdoeloiltoncajuhy.com.br\/site\/wp-json\/wp\/v2\/media\/88316"}],"wp:attachment":[{"href":"https:\/\/blogdoeloiltoncajuhy.com.br\/site\/wp-json\/wp\/v2\/media?parent=92092"}],"wp:term":[{"taxonomy":"category","embeddable":true,"href":"https:\/\/blogdoeloiltoncajuhy.com.br\/site\/wp-json\/wp\/v2\/categories?post=92092"},{"taxonomy":"post_tag","embeddable":true,"href":"https:\/\/blogdoeloiltoncajuhy.com.br\/site\/wp-json\/wp\/v2\/tags?post=92092"}],"curies":[{"name":"wp","href":"https:\/\/api.w.org\/{rel}","templated":true}]}}