{"id":92089,"date":"2025-12-10T08:55:17","date_gmt":"2025-12-10T11:55:17","guid":{"rendered":"https:\/\/blogdoeloiltoncajuhy.com.br\/site\/?p=92089"},"modified":"2025-12-10T08:55:18","modified_gmt":"2025-12-10T11:55:18","slug":"congresso-isenta-ipva-de-veiculos-com-mais-de-20-anos","status":"publish","type":"post","link":"https:\/\/blogdoeloiltoncajuhy.com.br\/site\/congresso-isenta-ipva-de-veiculos-com-mais-de-20-anos\/","title":{"rendered":"Congresso isenta IPVA de ve\u00edculos com mais de 20 anos"},"content":{"rendered":"\n<p class=\"has-medium-font-size\"><strong>Emenda constitucional foi promulgada nesta ter\u00e7a-feira (09)<\/strong><\/p>\n\n\n\n<p><strong>Por Luciano Nascimento\/Ag\u00eancia Brasil<\/strong><\/p>\n\n\n\n<figure class=\"wp-block-image aligncenter size-full\"><a href=\"https:\/\/i0.wp.com\/blogdoeloiltoncajuhy.com.br\/site\/wp-content\/uploads\/2025\/12\/Transito-veiculos-Foto-Joedson-Alves-Agencia-Brasil.png?ssl=1\"><img data-recalc-dims=\"1\" fetchpriority=\"high\" decoding=\"async\" width=\"768\" height=\"459\" src=\"https:\/\/i0.wp.com\/blogdoeloiltoncajuhy.com.br\/site\/wp-content\/uploads\/2025\/12\/Transito-veiculos-Foto-Joedson-Alves-Agencia-Brasil.png?resize=768%2C459&#038;ssl=1\" alt=\"\" class=\"wp-image-92090\" srcset=\"https:\/\/i0.wp.com\/blogdoeloiltoncajuhy.com.br\/site\/wp-content\/uploads\/2025\/12\/Transito-veiculos-Foto-Joedson-Alves-Agencia-Brasil.png?w=768&amp;ssl=1 768w, https:\/\/i0.wp.com\/blogdoeloiltoncajuhy.com.br\/site\/wp-content\/uploads\/2025\/12\/Transito-veiculos-Foto-Joedson-Alves-Agencia-Brasil.png?resize=300%2C179&amp;ssl=1 300w\" sizes=\"(max-width: 768px) 100vw, 768px\" \/><\/a><figcaption class=\"wp-element-caption\"><sub>Foto: Jo\u00e9dson Alves\/Ag\u00eancia Brasil<\/sub><\/figcaption><\/figure>\n\n\n\n<p>O Congresso Nacional promulgou nesta ter\u00e7a-feira (09) a Emenda Constitucional 137\/25 que isenta ve\u00edculos com 20 anos ou mais de fabrica\u00e7\u00e3o do pagamento do Imposto sobre a Propriedade de Ve\u00edculos Automotores (IPVA). O texto foi aprovado pelo Senado em mar\u00e7o de 2024 e pela C\u00e2mara dos Deputados no \u00faltimo dia 2.<\/p>\n\n\n\n<p>A emenda altera o artigo 155 da Constitui\u00e7\u00e3o para proibir a cobran\u00e7a do imposto sobre carros de passeio, caminhonetes e ve\u00edculos de uso misto com mais de duas d\u00e9cadas de uso. O texto tamb\u00e9m estende a imunidade a micro-\u00f4nibus, \u00f4nibus, reboques e semirreboques.<\/p>\n\n\n\n<p><strong><a href=\"https:\/\/whatsapp.com\/channel\/0029VaAT7tDLI8Yfj5y9Z50Z\" target=\"_blank\" rel=\"noreferrer noopener\"><mark style=\"background-color:rgba(0, 0, 0, 0)\" class=\"has-inline-color has-luminous-vivid-orange-color\">>> Clique aqui e entre no canal do BEC no WhatsApp<\/mark><\/a><\/strong><\/p>\n\n\n\n<p>Segundo o presidente do Senado e do Congresso, Davi Alcolumbre (Uni\u00e3o-AP), a medida \u201celimina uma distor\u00e7\u00e3o que penalizava as fam\u00edlias mais pobres\u201d.<\/p>\n\n\n\n<p>\u201cEstamos falando de trabalho, de sustento, de mobilidade b\u00e1sica, de gente que depende de carro para garantir o p\u00e3o de cada dia, de gente que n\u00e3o tem um ve\u00edculo antigo porque quer, mas porque necessita e precisa&#8221;, afirmou.<\/p>\n\n\n\n<p>&#8220;Um autom\u00f3vel com mais de 20 anos n\u00e3o \u00e9, efetivamente, s\u00edmbolo de riqueza. \u00c9 s\u00edmbolo de necessidade e \u00e9, muitas vezes, a \u00fanica ferramenta para n\u00e3o perder o emprego, para levar um filho \u00e0 escola, para ir a uma igreja ou para chegar ao servi\u00e7o na hora\u201d, completou Alcolumbre.<\/p>\n","protected":false},"excerpt":{"rendered":"<p>Emenda constitucional foi promulgada nesta ter\u00e7a-feira (09) Por Luciano Nascimento\/Ag\u00eancia Brasil O Congresso Nacional promulgou nesta ter\u00e7a-feira (09) a Emenda Constitucional 137\/25 que isenta ve\u00edculos com 20 anos ou mais de fabrica\u00e7\u00e3o do pagamento do Imposto sobre a Propriedade de Ve\u00edculos Automotores (IPVA). O texto foi aprovado pelo Senado em mar\u00e7o de 2024 e pela [&hellip;]<\/p>\n","protected":false},"author":2,"featured_media":92090,"comment_status":"open","ping_status":"open","sticky":false,"template":"","format":"standard","meta":{"_acf_changed":false,"_monsterinsights_skip_tracking":false,"_monsterinsights_sitenote_active":false,"_monsterinsights_sitenote_note":"","_monsterinsights_sitenote_category":0,"_jetpack_memberships_contains_paid_content":false,"footnotes":"","jetpack_publicize_message":"","jetpack_publicize_feature_enabled":true,"jetpack_social_post_already_shared":true,"jetpack_social_options":{"image_generator_settings":{"template":"highway","default_image_id":0,"font":"","enabled":false},"version":2}},"categories":[3],"tags":[],"class_list":["post-92089","post","type-post","status-publish","format-standard","has-post-thumbnail","hentry","category-politica"],"acf":[],"jetpack_publicize_connections":[],"jetpack_featured_media_url":"https:\/\/i0.wp.com\/blogdoeloiltoncajuhy.com.br\/site\/wp-content\/uploads\/2025\/12\/Transito-veiculos-Foto-Joedson-Alves-Agencia-Brasil.png?fit=768%2C459&ssl=1","jetpack_sharing_enabled":true,"publishpress_future_workflow_manual_trigger":{"enabledWorkflows":[]},"_links":{"self":[{"href":"https:\/\/blogdoeloiltoncajuhy.com.br\/site\/wp-json\/wp\/v2\/posts\/92089","targetHints":{"allow":["GET"]}}],"collection":[{"href":"https:\/\/blogdoeloiltoncajuhy.com.br\/site\/wp-json\/wp\/v2\/posts"}],"about":[{"href":"https:\/\/blogdoeloiltoncajuhy.com.br\/site\/wp-json\/wp\/v2\/types\/post"}],"author":[{"embeddable":true,"href":"https:\/\/blogdoeloiltoncajuhy.com.br\/site\/wp-json\/wp\/v2\/users\/2"}],"replies":[{"embeddable":true,"href":"https:\/\/blogdoeloiltoncajuhy.com.br\/site\/wp-json\/wp\/v2\/comments?post=92089"}],"version-history":[{"count":1,"href":"https:\/\/blogdoeloiltoncajuhy.com.br\/site\/wp-json\/wp\/v2\/posts\/92089\/revisions"}],"predecessor-version":[{"id":92091,"href":"https:\/\/blogdoeloiltoncajuhy.com.br\/site\/wp-json\/wp\/v2\/posts\/92089\/revisions\/92091"}],"wp:featuredmedia":[{"embeddable":true,"href":"https:\/\/blogdoeloiltoncajuhy.com.br\/site\/wp-json\/wp\/v2\/media\/92090"}],"wp:attachment":[{"href":"https:\/\/blogdoeloiltoncajuhy.com.br\/site\/wp-json\/wp\/v2\/media?parent=92089"}],"wp:term":[{"taxonomy":"category","embeddable":true,"href":"https:\/\/blogdoeloiltoncajuhy.com.br\/site\/wp-json\/wp\/v2\/categories?post=92089"},{"taxonomy":"post_tag","embeddable":true,"href":"https:\/\/blogdoeloiltoncajuhy.com.br\/site\/wp-json\/wp\/v2\/tags?post=92089"}],"curies":[{"name":"wp","href":"https:\/\/api.w.org\/{rel}","templated":true}]}}