{"id":92086,"date":"2025-12-10T08:43:01","date_gmt":"2025-12-10T11:43:01","guid":{"rendered":"https:\/\/blogdoeloiltoncajuhy.com.br\/site\/?p=92086"},"modified":"2025-12-10T08:43:03","modified_gmt":"2025-12-10T11:43:03","slug":"dieta-escolar-pode-ganhar-peixe-para-impulsionar-desenvolvimento-infantil","status":"publish","type":"post","link":"https:\/\/blogdoeloiltoncajuhy.com.br\/site\/dieta-escolar-pode-ganhar-peixe-para-impulsionar-desenvolvimento-infantil\/","title":{"rendered":"Dieta escolar pode ganhar peixe para impulsionar desenvolvimento infantil"},"content":{"rendered":"\n<p class=\"has-medium-font-size\"><strong>O consumo regular de pescado, segundo FAO e OMS, pode elevar em at\u00e9 15% a capacidade de aten\u00e7\u00e3o das crian\u00e7as<\/strong><\/p>\n\n\n\n<p><strong>Blog do Eloilton Cajuhy &#8211; BEC<\/strong><\/p>\n\n\n\n<figure class=\"wp-block-image aligncenter size-full\"><a href=\"https:\/\/i0.wp.com\/blogdoeloiltoncajuhy.com.br\/site\/wp-content\/uploads\/2025\/12\/Merenda-Escolar-Foto-Lucio-Bernardo-Jr.-Agencia-Brasilia.jpeg?ssl=1\"><img data-recalc-dims=\"1\" fetchpriority=\"high\" decoding=\"async\" width=\"675\" height=\"450\" src=\"https:\/\/i0.wp.com\/blogdoeloiltoncajuhy.com.br\/site\/wp-content\/uploads\/2025\/12\/Merenda-Escolar-Foto-Lucio-Bernardo-Jr.-Agencia-Brasilia.jpeg?resize=675%2C450&#038;ssl=1\" alt=\"\" class=\"wp-image-92087\" srcset=\"https:\/\/i0.wp.com\/blogdoeloiltoncajuhy.com.br\/site\/wp-content\/uploads\/2025\/12\/Merenda-Escolar-Foto-Lucio-Bernardo-Jr.-Agencia-Brasilia.jpeg?w=675&amp;ssl=1 675w, https:\/\/i0.wp.com\/blogdoeloiltoncajuhy.com.br\/site\/wp-content\/uploads\/2025\/12\/Merenda-Escolar-Foto-Lucio-Bernardo-Jr.-Agencia-Brasilia.jpeg?resize=300%2C200&amp;ssl=1 300w\" sizes=\"(max-width: 675px) 100vw, 675px\" \/><\/a><figcaption class=\"wp-element-caption\"><sub>Foto: L\u00facio Bernardo Jr.\/Ag\u00eancia Bras\u00edlia<\/sub><\/figcaption><\/figure>\n\n\n\n<p>A Comiss\u00e3o de Educa\u00e7\u00e3o do Senado aprovou projeto de lei que objetiva incluir carne de peixe e seus derivados no card\u00e1pio escolar ao menos uma vez na semana. Com a medida, os senadores pretendem diversificar a dieta dos estudantes, contribuindo para seu pleno desenvolvimento f\u00edsico e mental.<\/p>\n\n\n\n<p>\u00c9 o que defende o autor do projeto, senador Jorge Seif, do PL de Santa Catarina, que tamb\u00e9m destacou o baixo consumo de pescados atualmente por parte do brasileiro.<\/p>\n\n\n\n<p>&#8220;O pescado \u00e9 uma das prote\u00ednas mais completas da alimenta\u00e7\u00e3o humana. Estudos da FAO e da OMS mostram que o consumo regular de peixe melhora a mem\u00f3ria e concentra\u00e7\u00e3o, podendo elevar em at\u00e9 15% a capacidade de aten\u00e7\u00e3o das crian\u00e7as. Hoje, o Brasil consome na m\u00e9dia 9,5 kg de peixe por habitante, bem abaixo dos 12 kg recomendados internacionalmente. Incluir pescado na merenda escolar \u00e9 uma pol\u00edtica estrat\u00e9gica para sa\u00fade, nutri\u00e7\u00e3o e aprendizagem&#8221;.<\/p>\n\n\n\n<p>Em seu relat\u00f3rio, o senador S\u00e9rgio Petec\u00e3o, do PSD do Acre, afirma que a medida pode fortalecer a produ\u00e7\u00e3o local, gerando emprego e renda e incluindo piscicultores e pescadores na cadeia produtiva. O projeto, agora, vai para a revis\u00e3o da C\u00e2mara dos Deputados.<\/p>\n","protected":false},"excerpt":{"rendered":"<p>O consumo regular de pescado, segundo FAO e OMS, pode elevar em at\u00e9 15% a capacidade de aten\u00e7\u00e3o das crian\u00e7as Blog do Eloilton Cajuhy &#8211; BEC A Comiss\u00e3o de Educa\u00e7\u00e3o do Senado aprovou projeto de lei que objetiva incluir carne de peixe e seus derivados no card\u00e1pio escolar ao menos uma vez na semana. Com [&hellip;]<\/p>\n","protected":false},"author":2,"featured_media":92087,"comment_status":"open","ping_status":"open","sticky":false,"template":"","format":"standard","meta":{"_acf_changed":false,"_monsterinsights_skip_tracking":false,"_monsterinsights_sitenote_active":false,"_monsterinsights_sitenote_note":"","_monsterinsights_sitenote_category":0,"_jetpack_memberships_contains_paid_content":false,"footnotes":"","jetpack_publicize_message":"","jetpack_publicize_feature_enabled":true,"jetpack_social_post_already_shared":false,"jetpack_social_options":{"image_generator_settings":{"template":"highway","default_image_id":0,"font":"","enabled":false},"version":2}},"categories":[14],"tags":[],"class_list":["post-92086","post","type-post","status-publish","format-standard","has-post-thumbnail","hentry","category-educacao"],"acf":[],"jetpack_publicize_connections":[],"jetpack_featured_media_url":"https:\/\/i0.wp.com\/blogdoeloiltoncajuhy.com.br\/site\/wp-content\/uploads\/2025\/12\/Merenda-Escolar-Foto-Lucio-Bernardo-Jr.-Agencia-Brasilia.jpeg?fit=675%2C450&ssl=1","jetpack_sharing_enabled":true,"publishpress_future_workflow_manual_trigger":{"enabledWorkflows":[]},"_links":{"self":[{"href":"https:\/\/blogdoeloiltoncajuhy.com.br\/site\/wp-json\/wp\/v2\/posts\/92086","targetHints":{"allow":["GET"]}}],"collection":[{"href":"https:\/\/blogdoeloiltoncajuhy.com.br\/site\/wp-json\/wp\/v2\/posts"}],"about":[{"href":"https:\/\/blogdoeloiltoncajuhy.com.br\/site\/wp-json\/wp\/v2\/types\/post"}],"author":[{"embeddable":true,"href":"https:\/\/blogdoeloiltoncajuhy.com.br\/site\/wp-json\/wp\/v2\/users\/2"}],"replies":[{"embeddable":true,"href":"https:\/\/blogdoeloiltoncajuhy.com.br\/site\/wp-json\/wp\/v2\/comments?post=92086"}],"version-history":[{"count":1,"href":"https:\/\/blogdoeloiltoncajuhy.com.br\/site\/wp-json\/wp\/v2\/posts\/92086\/revisions"}],"predecessor-version":[{"id":92088,"href":"https:\/\/blogdoeloiltoncajuhy.com.br\/site\/wp-json\/wp\/v2\/posts\/92086\/revisions\/92088"}],"wp:featuredmedia":[{"embeddable":true,"href":"https:\/\/blogdoeloiltoncajuhy.com.br\/site\/wp-json\/wp\/v2\/media\/92087"}],"wp:attachment":[{"href":"https:\/\/blogdoeloiltoncajuhy.com.br\/site\/wp-json\/wp\/v2\/media?parent=92086"}],"wp:term":[{"taxonomy":"category","embeddable":true,"href":"https:\/\/blogdoeloiltoncajuhy.com.br\/site\/wp-json\/wp\/v2\/categories?post=92086"},{"taxonomy":"post_tag","embeddable":true,"href":"https:\/\/blogdoeloiltoncajuhy.com.br\/site\/wp-json\/wp\/v2\/tags?post=92086"}],"curies":[{"name":"wp","href":"https:\/\/api.w.org\/{rel}","templated":true}]}}