{"id":92083,"date":"2025-12-10T08:33:30","date_gmt":"2025-12-10T11:33:30","guid":{"rendered":"https:\/\/blogdoeloiltoncajuhy.com.br\/site\/?p=92083"},"modified":"2025-12-10T08:33:31","modified_gmt":"2025-12-10T11:33:31","slug":"dez-pessoas-sao-presas-em-operacao-contra-trafico-internacional-de-drogas-e-lavagem-de-dinheiro-na-bahia","status":"publish","type":"post","link":"https:\/\/blogdoeloiltoncajuhy.com.br\/site\/dez-pessoas-sao-presas-em-operacao-contra-trafico-internacional-de-drogas-e-lavagem-de-dinheiro-na-bahia\/","title":{"rendered":"Dez pessoas s\u00e3o presas em opera\u00e7\u00e3o contra tr\u00e1fico internacional de drogas e lavagem de dinheiro na Bahia"},"content":{"rendered":"\n<p class=\"has-medium-font-size\"><strong>Grupo \u00e9 especializado no envio de coca\u00edna para a Europa, atrav\u00e9s de embarca\u00e7\u00f5es pesqueiras, tendo o extremo sul da Bahia como ponto estrat\u00e9gico e recorrente de apoio log\u00edstico<\/strong><\/p>\n\n\n\n<p><strong>Por g1 BA<\/strong><\/p>\n\n\n\n<figure class=\"wp-block-image aligncenter size-full\"><a href=\"https:\/\/i0.wp.com\/blogdoeloiltoncajuhy.com.br\/site\/wp-content\/uploads\/2025\/12\/Operacao-contra-trafico-internacional-de-drogas-e-lavagem-de-dinheiro-na-Bahia-%E2%80%94-Foto-Policia-Federal.png?ssl=1\"><img data-recalc-dims=\"1\" fetchpriority=\"high\" decoding=\"async\" width=\"521\" height=\"502\" src=\"https:\/\/i0.wp.com\/blogdoeloiltoncajuhy.com.br\/site\/wp-content\/uploads\/2025\/12\/Operacao-contra-trafico-internacional-de-drogas-e-lavagem-de-dinheiro-na-Bahia-%E2%80%94-Foto-Policia-Federal.png?resize=521%2C502&#038;ssl=1\" alt=\"\" class=\"wp-image-92084\" srcset=\"https:\/\/i0.wp.com\/blogdoeloiltoncajuhy.com.br\/site\/wp-content\/uploads\/2025\/12\/Operacao-contra-trafico-internacional-de-drogas-e-lavagem-de-dinheiro-na-Bahia-%E2%80%94-Foto-Policia-Federal.png?w=521&amp;ssl=1 521w, https:\/\/i0.wp.com\/blogdoeloiltoncajuhy.com.br\/site\/wp-content\/uploads\/2025\/12\/Operacao-contra-trafico-internacional-de-drogas-e-lavagem-de-dinheiro-na-Bahia-%E2%80%94-Foto-Policia-Federal.png?resize=300%2C289&amp;ssl=1 300w\" sizes=\"(max-width: 521px) 100vw, 521px\" \/><\/a><figcaption class=\"wp-element-caption\"><sub>Dez pessoas s\u00e3o presas em opera\u00e7\u00e3o contra tr\u00e1fico internacional de drogas e lavagem de dinheiro na Bahia \u2014 Foto: Pol\u00edcia Federal<\/sub><\/figcaption><\/figure>\n\n\n\n<p>Dez pessoas foram presas nesta quarta-feira (10), durante uma opera\u00e7\u00e3o de combate ao tr\u00e1fico internacional de drogas e \u00e0 lavagem de dinheiro no extremo sul da Bahia.<\/p>\n\n\n\n<p>Segundo informa\u00e7\u00f5es da Pol\u00edcia Federal (PF), as investiga\u00e7\u00f5es apontaram a exist\u00eancia de um grupo criminoso especializado no envio de coca\u00edna para a Europa, atrav\u00e9s de embarca\u00e7\u00f5es pesqueiras, tendo o extremo sul da Bahia como ponto estrat\u00e9gico e recorrente de apoio log\u00edstico.<\/p>\n\n\n\n<p>Al\u00e9m das pris\u00f5es, foram cumpridos 22 mandados de busca e apreens\u00e3o e outras medidas cautelares, entre elas o bloqueio de valores em contas banc\u00e1rias de at\u00e9 R$ 50 milh\u00f5es.<\/p>\n\n\n\n<p>De acordo com a PF, as investiga\u00e7\u00f5es come\u00e7aram ap\u00f3s uma embarca\u00e7\u00e3o pesqueira que saiu do sul da Bahia ser apreendida na regi\u00e3o de Cabo Verde, com aproximadamente 1.600 quilos de coca\u00edna, em dezembro de 2024.<\/p>\n\n\n\n<p><strong><a href=\"https:\/\/whatsapp.com\/channel\/0029VaAT7tDLI8Yfj5y9Z50Z\" target=\"_blank\" rel=\"noreferrer noopener\"><mark style=\"background-color:rgba(0, 0, 0, 0)\" class=\"has-inline-color has-luminous-vivid-orange-color\">>> Clique aqui e entre no canal do BEC no WhatsApp<\/mark><\/a><\/strong><\/p>\n\n\n\n<p>A PF informou ainda que chamou a aten\u00e7\u00e3o dos investigadores que alguns pescadores e empres\u00e1rios do ramo de embarca\u00e7\u00f5es pesqueiras se transformaram em empres\u00e1rios do tr\u00e1fico internacional de drogas, utilizando o conhecimento t\u00e9cnico que possuem sobre navega\u00e7\u00e3o e rotas mar\u00edtimas em favor das atividades criminosas.<\/p>\n\n\n\n<p>A investiga\u00e7\u00e3o teve o apoio direto da Europol e conta com coopera\u00e7\u00e3o jur\u00eddica internacional com Cabo Verde e com pa\u00edses da Europa, como Portugal, Espanha e Fran\u00e7a.<\/p>\n\n\n\n<p>Nesta quarta, foram apreendidos ve\u00edculos, celulares e outros bens, que ser\u00e3o submetidos \u00e0 an\u00e1lise.<\/p>\n\n\n\n<p>A Pol\u00edcia Federal informou que as investiga\u00e7\u00f5es seguem com o objetivo de identificar todos os autores e demais envolvidos nas a\u00e7\u00f5es criminosas, al\u00e9m de aprofundar a an\u00e1lise das estruturas financeiras utilizadas para a lavagem dos recursos provenientes do tr\u00e1fico internacional de drogas.<\/p>\n","protected":false},"excerpt":{"rendered":"<p>Grupo \u00e9 especializado no envio de coca\u00edna para a Europa, atrav\u00e9s de embarca\u00e7\u00f5es pesqueiras, tendo o extremo sul da Bahia como ponto estrat\u00e9gico e recorrente de apoio log\u00edstico Por g1 BA Dez pessoas foram presas nesta quarta-feira (10), durante uma opera\u00e7\u00e3o de combate ao tr\u00e1fico internacional de drogas e \u00e0 lavagem de dinheiro no extremo [&hellip;]<\/p>\n","protected":false},"author":2,"featured_media":86533,"comment_status":"open","ping_status":"open","sticky":false,"template":"","format":"standard","meta":{"_acf_changed":false,"_monsterinsights_skip_tracking":false,"_monsterinsights_sitenote_active":false,"_monsterinsights_sitenote_note":"","_monsterinsights_sitenote_category":0,"_jetpack_memberships_contains_paid_content":false,"footnotes":"","jetpack_publicize_message":"","jetpack_publicize_feature_enabled":true,"jetpack_social_post_already_shared":true,"jetpack_social_options":{"image_generator_settings":{"template":"highway","default_image_id":0,"font":"","enabled":false},"version":2}},"categories":[15],"tags":[],"class_list":["post-92083","post","type-post","status-publish","format-standard","has-post-thumbnail","hentry","category-policia"],"acf":[],"jetpack_publicize_connections":[],"jetpack_featured_media_url":"https:\/\/i0.wp.com\/blogdoeloiltoncajuhy.com.br\/site\/wp-content\/uploads\/2025\/03\/PF-2025-03-19_PF.jpeg?fit=720%2C480&ssl=1","jetpack_sharing_enabled":true,"publishpress_future_workflow_manual_trigger":{"enabledWorkflows":[]},"_links":{"self":[{"href":"https:\/\/blogdoeloiltoncajuhy.com.br\/site\/wp-json\/wp\/v2\/posts\/92083","targetHints":{"allow":["GET"]}}],"collection":[{"href":"https:\/\/blogdoeloiltoncajuhy.com.br\/site\/wp-json\/wp\/v2\/posts"}],"about":[{"href":"https:\/\/blogdoeloiltoncajuhy.com.br\/site\/wp-json\/wp\/v2\/types\/post"}],"author":[{"embeddable":true,"href":"https:\/\/blogdoeloiltoncajuhy.com.br\/site\/wp-json\/wp\/v2\/users\/2"}],"replies":[{"embeddable":true,"href":"https:\/\/blogdoeloiltoncajuhy.com.br\/site\/wp-json\/wp\/v2\/comments?post=92083"}],"version-history":[{"count":1,"href":"https:\/\/blogdoeloiltoncajuhy.com.br\/site\/wp-json\/wp\/v2\/posts\/92083\/revisions"}],"predecessor-version":[{"id":92085,"href":"https:\/\/blogdoeloiltoncajuhy.com.br\/site\/wp-json\/wp\/v2\/posts\/92083\/revisions\/92085"}],"wp:featuredmedia":[{"embeddable":true,"href":"https:\/\/blogdoeloiltoncajuhy.com.br\/site\/wp-json\/wp\/v2\/media\/86533"}],"wp:attachment":[{"href":"https:\/\/blogdoeloiltoncajuhy.com.br\/site\/wp-json\/wp\/v2\/media?parent=92083"}],"wp:term":[{"taxonomy":"category","embeddable":true,"href":"https:\/\/blogdoeloiltoncajuhy.com.br\/site\/wp-json\/wp\/v2\/categories?post=92083"},{"taxonomy":"post_tag","embeddable":true,"href":"https:\/\/blogdoeloiltoncajuhy.com.br\/site\/wp-json\/wp\/v2\/tags?post=92083"}],"curies":[{"name":"wp","href":"https:\/\/api.w.org\/{rel}","templated":true}]}}