{"id":92074,"date":"2025-12-10T00:10:00","date_gmt":"2025-12-10T03:10:00","guid":{"rendered":"https:\/\/blogdoeloiltoncajuhy.com.br\/site\/?p=92074"},"modified":"2025-12-09T17:39:26","modified_gmt":"2025-12-09T20:39:26","slug":"criancas-que-falam-mas-nao-se-comunicam-o-novo-desafio-da-era-digital","status":"publish","type":"post","link":"https:\/\/blogdoeloiltoncajuhy.com.br\/site\/criancas-que-falam-mas-nao-se-comunicam-o-novo-desafio-da-era-digital\/","title":{"rendered":"Crian\u00e7as que falam, mas n\u00e3o se comunicam: o novo desafio da era digital"},"content":{"rendered":"\n<p class=\"has-medium-font-size\"><strong>Especialista ressalta a import\u00e2ncia do equil\u00edbrio do uso da tecnologia com est\u00edmulos que promovam v\u00ednculos, intera\u00e7\u00e3o e o pleno desenvolvimento das crian\u00e7as em um mundo cada vez mais conectado<\/strong><\/p>\n\n\n\n<p><strong>Blog do Eloilton Cajuhy &#8211; BEC<\/strong><\/p>\n\n\n\n<figure class=\"wp-block-image aligncenter size-full\"><a href=\"https:\/\/i0.wp.com\/blogdoeloiltoncajuhy.com.br\/site\/wp-content\/uploads\/2025\/12\/Criancas-reproducao.jpg?ssl=1\"><img data-recalc-dims=\"1\" fetchpriority=\"high\" decoding=\"async\" width=\"680\" height=\"680\" src=\"https:\/\/i0.wp.com\/blogdoeloiltoncajuhy.com.br\/site\/wp-content\/uploads\/2025\/12\/Criancas-reproducao.jpg?resize=680%2C680&#038;ssl=1\" alt=\"\" class=\"wp-image-92075\" srcset=\"https:\/\/i0.wp.com\/blogdoeloiltoncajuhy.com.br\/site\/wp-content\/uploads\/2025\/12\/Criancas-reproducao.jpg?w=680&amp;ssl=1 680w, https:\/\/i0.wp.com\/blogdoeloiltoncajuhy.com.br\/site\/wp-content\/uploads\/2025\/12\/Criancas-reproducao.jpg?resize=300%2C300&amp;ssl=1 300w, https:\/\/i0.wp.com\/blogdoeloiltoncajuhy.com.br\/site\/wp-content\/uploads\/2025\/12\/Criancas-reproducao.jpg?resize=150%2C150&amp;ssl=1 150w\" sizes=\"(max-width: 680px) 100vw, 680px\" \/><\/a><figcaption class=\"wp-element-caption\"><sub>Reprodu\u00e7\u00e3o<\/sub><\/figcaption><\/figure>\n\n\n\n<p>Na era digital, um fen\u00f4meno preocupante tem ganhado destaque: o aumento no n\u00famero de crian\u00e7as que come\u00e7am a falar cedo, mas enfrentam dificuldades para sustentar conversas, compreender emo\u00e7\u00f5es ou interagir socialmente. De acordo com Mariana Ferraz Conti Uvo, professora do curso de Fonoaudiologia da UniCesumar, essas mudan\u00e7as no desenvolvimento da comunica\u00e7\u00e3o infantil refletem o impacto de um estilo de vida cada vez mais mediado por telas e menos baseado em intera\u00e7\u00f5es presenciais.<\/p>\n\n\n\n<blockquote class=\"wp-block-quote is-layout-flow wp-block-quote-is-layout-flow\">\n<p><strong><mark style=\"background-color:rgba(0, 0, 0, 0)\" class=\"has-inline-color has-black-color\">\u201cA fala e a comunica\u00e7\u00e3o s\u00e3o habilidades distintas. Muitas crian\u00e7as conseguem produzir palavras ou frases, mas t\u00eam dificuldade em us\u00e1-las de forma funcional, direcionada ou interativa. Isso est\u00e1 diretamente relacionado \u00e0 menor qualidade na intera\u00e7\u00e3o verbal, provocada pelo tempo excessivo de tela e pela redu\u00e7\u00e3o de est\u00edmulos presenciais\u201d, explica a especialista.<\/mark><\/strong><\/p>\n<\/blockquote>\n\n\n\n<p>Estudos recentes, como a revis\u00e3o sistem\u00e1tica publicada na revista cient\u00edfica Brain Sciences, confirmam a conex\u00e3o entre o uso precoce de telas e atrasos no desenvolvimento da linguagem. Uma pesquisa realizada no Cear\u00e1, intitulada de \u201cTempo de tela e desenvolvimento na primeira inf\u00e2ncia no Cear\u00e1, Brasil\u201d, da revista BMC Oublic Health, por exemplo, revelou que crian\u00e7as de at\u00e9 cinco anos com tempo excessivo de tela apresentaram menores escores no dom\u00ednio da comunica\u00e7\u00e3o, al\u00e9m de d\u00e9ficits em resolu\u00e7\u00e3o de problemas e habilidades socioemocionais.<\/p>\n\n\n\n<p>Por fim, o estudo internacional \u201cTempo de exposi\u00e7\u00e3o a telas aos 12 meses e atraso no desenvolvimento da comunica\u00e7\u00e3o e da resolu\u00e7\u00e3o de problemas aos 2 e 4 anos\u201d, publicado na revista JAMA Pediatrics, indica que a qualidade do conte\u00fado consumido \u2014 como materiais educativos acompanhados por um adulto \u2014 pode mitigar esses impactos negativos, enquanto a exposi\u00e7\u00e3o passiva \u00e0s telas tende a amplificar as dificuldades.<\/p>\n\n\n\n<p><strong><a href=\"https:\/\/whatsapp.com\/channel\/0029VaAT7tDLI8Yfj5y9Z50Z\" target=\"_blank\" rel=\"noreferrer noopener\"><mark style=\"background-color:rgba(0, 0, 0, 0)\" class=\"has-inline-color has-luminous-vivid-orange-color\">>> Clique aqui e entre no canal do BEC no WhatsApp<\/mark><\/a><\/strong><\/p>\n\n\n\n<p>Mas, afinal, o que significa dizer que uma crian\u00e7a \u201cfala, mas n\u00e3o se comunica\u201d? Mariana explica que \u201cna pr\u00e1tica, isso quer dizer que a crian\u00e7a pode ter o vocabul\u00e1rio b\u00e1sico, mas n\u00e3o inicia conversas, n\u00e3o mant\u00e9m um t\u00f3pico, n\u00e3o faz perguntas e n\u00e3o ajusta sua fala ao contexto ou ao interlocutor. Ou seja, falta \u00e0 comunica\u00e7\u00e3o o aspecto pragm\u00e1tico e interativo\u201d.<\/p>\n\n\n\n<p>Entre os sinais de alerta que pais e respons\u00e1veis devem observar est\u00e3o a aus\u00eancia de palavras significativas at\u00e9 os dois anos, dificuldades em interagir durante brincadeiras ou rotinas, repeti\u00e7\u00e3o mec\u00e2nica de palavras ou sons (sem engajamento espont\u00e2neo), e problemas no uso de gestos como apontar ou estabelecer contato visual antes de falar. Para casos mais graves, como regress\u00e3o nas habilidades comunicativas, \u00e9 essencial buscar avalia\u00e7\u00e3o profissional com um fonoaudi\u00f3logo.<\/p>\n\n\n\n<p>Apesar dos desafios impostos pela era digital, h\u00e1 solu\u00e7\u00f5es acess\u00edveis para prevenir ou minimizar essas dificuldades. Atividades simples como narrar tarefas di\u00e1rias, incentivar conversas durante as refei\u00e7\u00f5es, ler livros juntos e brincar de \u201cfaz de conta\u201d fortalecem os la\u00e7os comunicativos. A professora da UniCesumar destaca que n\u00e3o basta reduzir o tempo de tela, \u00e9 preciso promover intera\u00e7\u00f5es de qualidade. \u201cSupervisionar o conte\u00fado consumido pelas crian\u00e7as e transformar o tempo de tela em oportunidades de conversa s\u00e3o estrat\u00e9gias essenciais\u201d.<\/p>\n\n\n\n<p>Mariana refor\u00e7a que existem \u201cjanelas sens\u00edveis\u201d no desenvolvimento da linguagem, especialmente nos primeiros anos de vida, quando a plasticidade cerebral favorece a aquisi\u00e7\u00e3o de habilidades lingu\u00edsticas e sociais. Por isso, quanto mais cedo os est\u00edmulos adequados forem introduzidos, melhores ser\u00e3o os resultados no longo prazo.<\/p>\n\n\n\n<blockquote class=\"wp-block-quote is-layout-flow wp-block-quote-is-layout-flow\">\n<p><strong><mark style=\"background-color:rgba(0, 0, 0, 0)\" class=\"has-inline-color has-black-color\">\u201cNa era digital, mais do que nunca, precisamos resgatar a import\u00e2ncia da intera\u00e7\u00e3o humana para o desenvolvimento saud\u00e1vel das crian\u00e7as. \u00c9 no contato direto, no olhar, na troca de turnos durante uma conversa, que a linguagem ganha significado e a comunica\u00e7\u00e3o se torna uma ferramenta para compreender e se conectar com o mundo\u201d, conclui a docente.<\/mark><\/strong><\/p>\n<\/blockquote>\n","protected":false},"excerpt":{"rendered":"<p>Especialista ressalta a import\u00e2ncia do equil\u00edbrio do uso da tecnologia com est\u00edmulos que promovam v\u00ednculos, intera\u00e7\u00e3o e o pleno desenvolvimento das crian\u00e7as em um mundo cada vez mais conectado Blog do Eloilton Cajuhy &#8211; BEC Na era digital, um fen\u00f4meno preocupante tem ganhado destaque: o aumento no n\u00famero de crian\u00e7as que come\u00e7am a falar cedo, [&hellip;]<\/p>\n","protected":false},"author":2,"featured_media":92075,"comment_status":"open","ping_status":"open","sticky":false,"template":"","format":"standard","meta":{"_acf_changed":false,"_monsterinsights_skip_tracking":false,"_monsterinsights_sitenote_active":false,"_monsterinsights_sitenote_note":"","_monsterinsights_sitenote_category":0,"_jetpack_memberships_contains_paid_content":false,"footnotes":"","jetpack_publicize_message":"","jetpack_publicize_feature_enabled":true,"jetpack_social_post_already_shared":true,"jetpack_social_options":{"image_generator_settings":{"template":"highway","default_image_id":0,"font":"","enabled":false},"version":2}},"categories":[7],"tags":[],"class_list":["post-92074","post","type-post","status-publish","format-standard","has-post-thumbnail","hentry","category-saude"],"acf":[],"jetpack_publicize_connections":[],"jetpack_featured_media_url":"https:\/\/i0.wp.com\/blogdoeloiltoncajuhy.com.br\/site\/wp-content\/uploads\/2025\/12\/Criancas-reproducao.jpg?fit=680%2C680&ssl=1","jetpack_sharing_enabled":true,"publishpress_future_workflow_manual_trigger":{"enabledWorkflows":[]},"_links":{"self":[{"href":"https:\/\/blogdoeloiltoncajuhy.com.br\/site\/wp-json\/wp\/v2\/posts\/92074","targetHints":{"allow":["GET"]}}],"collection":[{"href":"https:\/\/blogdoeloiltoncajuhy.com.br\/site\/wp-json\/wp\/v2\/posts"}],"about":[{"href":"https:\/\/blogdoeloiltoncajuhy.com.br\/site\/wp-json\/wp\/v2\/types\/post"}],"author":[{"embeddable":true,"href":"https:\/\/blogdoeloiltoncajuhy.com.br\/site\/wp-json\/wp\/v2\/users\/2"}],"replies":[{"embeddable":true,"href":"https:\/\/blogdoeloiltoncajuhy.com.br\/site\/wp-json\/wp\/v2\/comments?post=92074"}],"version-history":[{"count":1,"href":"https:\/\/blogdoeloiltoncajuhy.com.br\/site\/wp-json\/wp\/v2\/posts\/92074\/revisions"}],"predecessor-version":[{"id":92076,"href":"https:\/\/blogdoeloiltoncajuhy.com.br\/site\/wp-json\/wp\/v2\/posts\/92074\/revisions\/92076"}],"wp:featuredmedia":[{"embeddable":true,"href":"https:\/\/blogdoeloiltoncajuhy.com.br\/site\/wp-json\/wp\/v2\/media\/92075"}],"wp:attachment":[{"href":"https:\/\/blogdoeloiltoncajuhy.com.br\/site\/wp-json\/wp\/v2\/media?parent=92074"}],"wp:term":[{"taxonomy":"category","embeddable":true,"href":"https:\/\/blogdoeloiltoncajuhy.com.br\/site\/wp-json\/wp\/v2\/categories?post=92074"},{"taxonomy":"post_tag","embeddable":true,"href":"https:\/\/blogdoeloiltoncajuhy.com.br\/site\/wp-json\/wp\/v2\/tags?post=92074"}],"curies":[{"name":"wp","href":"https:\/\/api.w.org\/{rel}","templated":true}]}}