{"id":92071,"date":"2025-12-09T17:18:56","date_gmt":"2025-12-09T20:18:56","guid":{"rendered":"https:\/\/blogdoeloiltoncajuhy.com.br\/site\/?p=92071"},"modified":"2025-12-09T17:18:58","modified_gmt":"2025-12-09T20:18:58","slug":"alunos-de-escolas-estaduais-poderao-fazer-cursos-de-ferias-gratuitos-na-bahia-veja-como-participar","status":"publish","type":"post","link":"https:\/\/blogdoeloiltoncajuhy.com.br\/site\/alunos-de-escolas-estaduais-poderao-fazer-cursos-de-ferias-gratuitos-na-bahia-veja-como-participar\/","title":{"rendered":"Alunos de escolas estaduais poder\u00e3o fazer cursos de f\u00e9rias gratuitos na Bahia; veja como participar"},"content":{"rendered":"\n<p class=\"has-medium-font-size\"><strong>Cursos de capoeira, teatro e dan\u00e7a ser\u00e3o ministrados em escolas estaduais. Estudantes tamb\u00e9m receber\u00e3o duas refei\u00e7\u00f5es<\/strong><\/p>\n\n\n\n<p><strong>Por g1 BA<\/strong><\/p>\n\n\n\n<figure class=\"wp-block-image aligncenter size-full\"><a href=\"https:\/\/i0.wp.com\/blogdoeloiltoncajuhy.com.br\/site\/wp-content\/uploads\/2025\/12\/Sala-de-aula-em-escola-na-Bahia-%E2%80%94-Foto-Divulgacao-Ascom-Sec.png?ssl=1\"><img data-recalc-dims=\"1\" fetchpriority=\"high\" decoding=\"async\" width=\"800\" height=\"531\" src=\"https:\/\/i0.wp.com\/blogdoeloiltoncajuhy.com.br\/site\/wp-content\/uploads\/2025\/12\/Sala-de-aula-em-escola-na-Bahia-%E2%80%94-Foto-Divulgacao-Ascom-Sec.png?resize=800%2C531&#038;ssl=1\" alt=\"\" class=\"wp-image-92072\" srcset=\"https:\/\/i0.wp.com\/blogdoeloiltoncajuhy.com.br\/site\/wp-content\/uploads\/2025\/12\/Sala-de-aula-em-escola-na-Bahia-%E2%80%94-Foto-Divulgacao-Ascom-Sec.png?w=815&amp;ssl=1 815w, https:\/\/i0.wp.com\/blogdoeloiltoncajuhy.com.br\/site\/wp-content\/uploads\/2025\/12\/Sala-de-aula-em-escola-na-Bahia-%E2%80%94-Foto-Divulgacao-Ascom-Sec.png?resize=300%2C199&amp;ssl=1 300w, https:\/\/i0.wp.com\/blogdoeloiltoncajuhy.com.br\/site\/wp-content\/uploads\/2025\/12\/Sala-de-aula-em-escola-na-Bahia-%E2%80%94-Foto-Divulgacao-Ascom-Sec.png?resize=768%2C510&amp;ssl=1 768w\" sizes=\"(max-width: 800px) 100vw, 800px\" \/><\/a><figcaption class=\"wp-element-caption\"><sub>Sala de aula em escola na Bahia \u2014 Foto: Divulga\u00e7\u00e3o\/Ascom Sec<\/sub><\/figcaption><\/figure>\n\n\n\n<p>Diversas escolas da Rede Estadual de Ensino da Bahia v\u00e3o oferecer oficinas e atividades gratuitas para os estudantes durante o per\u00edodo de f\u00e9rias. Al\u00e9m de participarem de cursos, os inscritos receber\u00e3o duas refei\u00e7\u00f5es di\u00e1rias.<\/p>\n\n\n\n<p>O projeto &#8220;F\u00e9rias na Escola&#8221; foi implementado em 2024 e, s\u00f3 na primeira edi\u00e7\u00e3o, mobilizou 58 mil estudantes em 55 escolas.<\/p>\n\n\n\n<p>Os alunos interessados devem ir at\u00e9 a escola em que estudam e verificar se ela integra a lista das unidades que participam do programa. As inscri\u00e7\u00f5es v\u00e3o acontecer nas pr\u00f3prias escolas participantes, entre os dias 7 e 9 de janeiro.<\/p>\n\n\n\n<p><strong><a href=\"https:\/\/whatsapp.com\/channel\/0029VaAT7tDLI8Yfj5y9Z50Z\" target=\"_blank\" rel=\"noreferrer noopener\"><mark style=\"background-color:rgba(0, 0, 0, 0)\" class=\"has-inline-color has-luminous-vivid-orange-color\">>> Clique aqui e entre no canal do BEC no WhatsApp<\/mark><\/a><\/strong><\/p>\n\n\n\n<p>As atividades ser\u00e3o realizadas durante o turno matutino, entre os dias 12 e 30 de janeiro. Entre as oficinas disponibilizadas, est\u00e3o as aulas de capoeira, dan\u00e7a e teatro.<\/p>\n\n\n\n<p class=\"has-black-color has-text-color has-link-color has-medium-font-size wp-elements-50767d67c05b2cae4798afcb4af29f47\"><strong>Cronograma do F\u00e9rias na Escola 2026<\/strong><\/p>\n\n\n\n<ul class=\"wp-block-list\">\n<li><strong><mark style=\"background-color:rgba(0, 0, 0, 0)\" class=\"has-inline-color has-black-color\">Inscri\u00e7\u00f5es para as oficinas:<\/mark><\/strong> 7 a 9 de janeiro de 2026<\/li>\n\n\n\n<li><strong><mark style=\"background-color:rgba(0, 0, 0, 0)\" class=\"has-inline-color has-black-color\">In\u00edcio das atividades:<\/mark><\/strong> 12 de janeiro de 2026<\/li>\n\n\n\n<li><strong><mark style=\"background-color:rgba(0, 0, 0, 0)\" class=\"has-inline-color has-black-color\">T\u00e9rmino das atividades:<\/mark><\/strong> 30 de janeiro de 2026<\/li>\n<\/ul>\n","protected":false},"excerpt":{"rendered":"<p>Cursos de capoeira, teatro e dan\u00e7a ser\u00e3o ministrados em escolas estaduais. Estudantes tamb\u00e9m receber\u00e3o duas refei\u00e7\u00f5es Por g1 BA Diversas escolas da Rede Estadual de Ensino da Bahia v\u00e3o oferecer oficinas e atividades gratuitas para os estudantes durante o per\u00edodo de f\u00e9rias. Al\u00e9m de participarem de cursos, os inscritos receber\u00e3o duas refei\u00e7\u00f5es di\u00e1rias. O projeto [&hellip;]<\/p>\n","protected":false},"author":2,"featured_media":92072,"comment_status":"open","ping_status":"open","sticky":false,"template":"","format":"standard","meta":{"_acf_changed":false,"_monsterinsights_skip_tracking":false,"_monsterinsights_sitenote_active":false,"_monsterinsights_sitenote_note":"","_monsterinsights_sitenote_category":0,"_jetpack_memberships_contains_paid_content":false,"footnotes":"","jetpack_publicize_message":"","jetpack_publicize_feature_enabled":true,"jetpack_social_post_already_shared":true,"jetpack_social_options":{"image_generator_settings":{"template":"highway","default_image_id":0,"font":"","enabled":false},"version":2}},"categories":[14],"tags":[],"class_list":["post-92071","post","type-post","status-publish","format-standard","has-post-thumbnail","hentry","category-educacao"],"acf":[],"jetpack_publicize_connections":[],"jetpack_featured_media_url":"https:\/\/i0.wp.com\/blogdoeloiltoncajuhy.com.br\/site\/wp-content\/uploads\/2025\/12\/Sala-de-aula-em-escola-na-Bahia-%E2%80%94-Foto-Divulgacao-Ascom-Sec.png?fit=815%2C541&ssl=1","jetpack_sharing_enabled":true,"publishpress_future_workflow_manual_trigger":{"enabledWorkflows":[]},"_links":{"self":[{"href":"https:\/\/blogdoeloiltoncajuhy.com.br\/site\/wp-json\/wp\/v2\/posts\/92071","targetHints":{"allow":["GET"]}}],"collection":[{"href":"https:\/\/blogdoeloiltoncajuhy.com.br\/site\/wp-json\/wp\/v2\/posts"}],"about":[{"href":"https:\/\/blogdoeloiltoncajuhy.com.br\/site\/wp-json\/wp\/v2\/types\/post"}],"author":[{"embeddable":true,"href":"https:\/\/blogdoeloiltoncajuhy.com.br\/site\/wp-json\/wp\/v2\/users\/2"}],"replies":[{"embeddable":true,"href":"https:\/\/blogdoeloiltoncajuhy.com.br\/site\/wp-json\/wp\/v2\/comments?post=92071"}],"version-history":[{"count":1,"href":"https:\/\/blogdoeloiltoncajuhy.com.br\/site\/wp-json\/wp\/v2\/posts\/92071\/revisions"}],"predecessor-version":[{"id":92073,"href":"https:\/\/blogdoeloiltoncajuhy.com.br\/site\/wp-json\/wp\/v2\/posts\/92071\/revisions\/92073"}],"wp:featuredmedia":[{"embeddable":true,"href":"https:\/\/blogdoeloiltoncajuhy.com.br\/site\/wp-json\/wp\/v2\/media\/92072"}],"wp:attachment":[{"href":"https:\/\/blogdoeloiltoncajuhy.com.br\/site\/wp-json\/wp\/v2\/media?parent=92071"}],"wp:term":[{"taxonomy":"category","embeddable":true,"href":"https:\/\/blogdoeloiltoncajuhy.com.br\/site\/wp-json\/wp\/v2\/categories?post=92071"},{"taxonomy":"post_tag","embeddable":true,"href":"https:\/\/blogdoeloiltoncajuhy.com.br\/site\/wp-json\/wp\/v2\/tags?post=92071"}],"curies":[{"name":"wp","href":"https:\/\/api.w.org\/{rel}","templated":true}]}}