{"id":92065,"date":"2025-12-09T20:30:00","date_gmt":"2025-12-09T23:30:00","guid":{"rendered":"https:\/\/blogdoeloiltoncajuhy.com.br\/site\/?p=92065"},"modified":"2025-12-09T16:51:09","modified_gmt":"2025-12-09T19:51:09","slug":"confio-no-tempo-certo-de-todas-as-coisas","status":"publish","type":"post","link":"https:\/\/blogdoeloiltoncajuhy.com.br\/site\/confio-no-tempo-certo-de-todas-as-coisas\/","title":{"rendered":"Confio no tempo certo de todas as coisas"},"content":{"rendered":"\n<p><strong>@carlos cabrita<\/strong><\/p>\n\n\n\n<figure class=\"wp-block-image aligncenter size-full is-resized\"><a href=\"https:\/\/i0.wp.com\/blogdoeloiltoncajuhy.com.br\/site\/wp-content\/uploads\/2025\/12\/PINTEREST-09122025.png?ssl=1\"><img data-recalc-dims=\"1\" fetchpriority=\"high\" decoding=\"async\" width=\"679\" height=\"680\" src=\"https:\/\/i0.wp.com\/blogdoeloiltoncajuhy.com.br\/site\/wp-content\/uploads\/2025\/12\/PINTEREST-09122025.png?resize=679%2C680&#038;ssl=1\" alt=\"\" class=\"wp-image-92066\" style=\"width:585px;height:auto\" srcset=\"https:\/\/i0.wp.com\/blogdoeloiltoncajuhy.com.br\/site\/wp-content\/uploads\/2025\/12\/PINTEREST-09122025.png?w=679&amp;ssl=1 679w, https:\/\/i0.wp.com\/blogdoeloiltoncajuhy.com.br\/site\/wp-content\/uploads\/2025\/12\/PINTEREST-09122025.png?resize=300%2C300&amp;ssl=1 300w, https:\/\/i0.wp.com\/blogdoeloiltoncajuhy.com.br\/site\/wp-content\/uploads\/2025\/12\/PINTEREST-09122025.png?resize=150%2C150&amp;ssl=1 150w\" sizes=\"(max-width: 679px) 100vw, 679px\" \/><\/a><figcaption class=\"wp-element-caption\"><sub>Imagem: Pinterest<\/sub><\/figcaption><\/figure>\n\n\n\n<p>Confio, mesmo quando me sinto cansado de esperar, mesmo quando a d\u00favida sopra mais alto do que a esperan\u00e7a. Confio, porque j\u00e1 vi florescer o que julguei perdido, j\u00e1 vi nascer o que pensei ter morrido em mim.<\/p>\n\n\n\n<p>Aprendi que a vida se move num compasso que n\u00e3o obedece ao meu rel\u00f3gio e, ainda assim, \u00e9 sempre perfeito no mist\u00e9rio que traz.<\/p>\n\n\n\n<p>H\u00e1 sementes que dormem no ventre da terra at\u00e9 que o sol certo as desperte. Assim tamb\u00e9m eu: guardo sonhos adormecidos no peito, mas sei que um dia, num instante de sil\u00eancio, eles rebentar\u00e3o em flor.<\/p>\n\n\n\n<p>Enquanto espero, cultivo f\u00e9. Enquanto espero, abra\u00e7o-me nos dias frios, aque\u00e7o-me com pequenas certezas: respiro, estou vivo, sou capaz de recome\u00e7ar quantas vezes for preciso.<\/p>\n\n\n\n<p>Nada me falta agora, porque o que \u00e9 meu est\u00e1 a caminho, com o seu passo lento, mas certo. Confio no tempo certo de todas as coisas.<\/p>\n\n\n\n<p>E quando duvido, repito baixinho: a vida sabe. E deixo que o cora\u00e7\u00e3o descanse nesse saber.<\/p>\n\n\n\n<p><strong><a href=\"https:\/\/whatsapp.com\/channel\/0029VaAT7tDLI8Yfj5y9Z50Z\" target=\"_blank\" rel=\"noreferrer noopener\"><mark style=\"background-color:rgba(0, 0, 0, 0)\" class=\"has-inline-color has-luminous-vivid-orange-color\">>> Clique aqui e entre no canal do BEC no WhatsApp<\/mark><\/a><\/strong><\/p>\n","protected":false},"excerpt":{"rendered":"<p>@carlos cabrita Confio, mesmo quando me sinto cansado de esperar, mesmo quando a d\u00favida sopra mais alto do que a esperan\u00e7a. Confio, porque j\u00e1 vi florescer o que julguei perdido, j\u00e1 vi nascer o que pensei ter morrido em mim. Aprendi que a vida se move num compasso que n\u00e3o obedece ao meu rel\u00f3gio e, [&hellip;]<\/p>\n","protected":false},"author":2,"featured_media":92066,"comment_status":"open","ping_status":"open","sticky":false,"template":"","format":"standard","meta":{"_acf_changed":false,"_monsterinsights_skip_tracking":false,"_monsterinsights_sitenote_active":false,"_monsterinsights_sitenote_note":"","_monsterinsights_sitenote_category":0,"_jetpack_memberships_contains_paid_content":false,"footnotes":"","jetpack_publicize_message":"","jetpack_publicize_feature_enabled":true,"jetpack_social_post_already_shared":true,"jetpack_social_options":{"image_generator_settings":{"template":"highway","default_image_id":0,"font":"","enabled":false},"version":2}},"categories":[9],"tags":[],"class_list":["post-92065","post","type-post","status-publish","format-standard","has-post-thumbnail","hentry","category-reflexao"],"acf":[],"jetpack_publicize_connections":[],"jetpack_featured_media_url":"https:\/\/i0.wp.com\/blogdoeloiltoncajuhy.com.br\/site\/wp-content\/uploads\/2025\/12\/PINTEREST-09122025.png?fit=679%2C680&ssl=1","jetpack_sharing_enabled":true,"publishpress_future_workflow_manual_trigger":{"enabledWorkflows":[]},"_links":{"self":[{"href":"https:\/\/blogdoeloiltoncajuhy.com.br\/site\/wp-json\/wp\/v2\/posts\/92065","targetHints":{"allow":["GET"]}}],"collection":[{"href":"https:\/\/blogdoeloiltoncajuhy.com.br\/site\/wp-json\/wp\/v2\/posts"}],"about":[{"href":"https:\/\/blogdoeloiltoncajuhy.com.br\/site\/wp-json\/wp\/v2\/types\/post"}],"author":[{"embeddable":true,"href":"https:\/\/blogdoeloiltoncajuhy.com.br\/site\/wp-json\/wp\/v2\/users\/2"}],"replies":[{"embeddable":true,"href":"https:\/\/blogdoeloiltoncajuhy.com.br\/site\/wp-json\/wp\/v2\/comments?post=92065"}],"version-history":[{"count":1,"href":"https:\/\/blogdoeloiltoncajuhy.com.br\/site\/wp-json\/wp\/v2\/posts\/92065\/revisions"}],"predecessor-version":[{"id":92067,"href":"https:\/\/blogdoeloiltoncajuhy.com.br\/site\/wp-json\/wp\/v2\/posts\/92065\/revisions\/92067"}],"wp:featuredmedia":[{"embeddable":true,"href":"https:\/\/blogdoeloiltoncajuhy.com.br\/site\/wp-json\/wp\/v2\/media\/92066"}],"wp:attachment":[{"href":"https:\/\/blogdoeloiltoncajuhy.com.br\/site\/wp-json\/wp\/v2\/media?parent=92065"}],"wp:term":[{"taxonomy":"category","embeddable":true,"href":"https:\/\/blogdoeloiltoncajuhy.com.br\/site\/wp-json\/wp\/v2\/categories?post=92065"},{"taxonomy":"post_tag","embeddable":true,"href":"https:\/\/blogdoeloiltoncajuhy.com.br\/site\/wp-json\/wp\/v2\/tags?post=92065"}],"curies":[{"name":"wp","href":"https:\/\/api.w.org\/{rel}","templated":true}]}}