{"id":92059,"date":"2025-12-09T08:21:18","date_gmt":"2025-12-09T11:21:18","guid":{"rendered":"https:\/\/blogdoeloiltoncajuhy.com.br\/site\/?p=92059"},"modified":"2025-12-09T08:21:19","modified_gmt":"2025-12-09T11:21:19","slug":"profissionais-do-sus-receberao-treinamento-em-cuidados-paliativos","status":"publish","type":"post","link":"https:\/\/blogdoeloiltoncajuhy.com.br\/site\/profissionais-do-sus-receberao-treinamento-em-cuidados-paliativos\/","title":{"rendered":"Profissionais do SUS receber\u00e3o treinamento em cuidados paliativos"},"content":{"rendered":"\n<p class=\"has-medium-font-size\"><strong>Objetivo \u00e9 oferecer mais qualidade de vida a quem tem doen\u00e7a grave<\/strong><\/p>\n\n\n\n<p><strong>Por Alana Gandra\/Ag\u00eancia Brasil<\/strong><\/p>\n\n\n\n<figure class=\"wp-block-image aligncenter size-full\"><a href=\"https:\/\/i0.wp.com\/blogdoeloiltoncajuhy.com.br\/site\/wp-content\/uploads\/2025\/12\/Cuidados-paliativos-Foto-INCA.png?ssl=1\"><img data-recalc-dims=\"1\" fetchpriority=\"high\" decoding=\"async\" width=\"768\" height=\"459\" src=\"https:\/\/i0.wp.com\/blogdoeloiltoncajuhy.com.br\/site\/wp-content\/uploads\/2025\/12\/Cuidados-paliativos-Foto-INCA.png?resize=768%2C459&#038;ssl=1\" alt=\"\" class=\"wp-image-92060\" srcset=\"https:\/\/i0.wp.com\/blogdoeloiltoncajuhy.com.br\/site\/wp-content\/uploads\/2025\/12\/Cuidados-paliativos-Foto-INCA.png?w=768&amp;ssl=1 768w, https:\/\/i0.wp.com\/blogdoeloiltoncajuhy.com.br\/site\/wp-content\/uploads\/2025\/12\/Cuidados-paliativos-Foto-INCA.png?resize=300%2C179&amp;ssl=1 300w\" sizes=\"(max-width: 768px) 100vw, 768px\" \/><\/a><figcaption class=\"wp-element-caption\"><sub>Foto: Inca<\/sub><\/figcaption><\/figure>\n\n\n\n<p>Profissionais de servi\u00e7os de aten\u00e7\u00e3o prim\u00e1ria \u00e0 sa\u00fade ser\u00e3o treinados para atuar em cuidados paliativos, com o objetivo de proporcionar mais qualidade de vida \u00e0s pessoas com doen\u00e7as graves. O novo ciclo do Projeto Cuidados Paliativos come\u00e7a em 2026 em 20 estados. O projeto \u00e9 uma parceria do Minist\u00e9rio da Sa\u00fade e do Hospital S\u00edrio-Liban\u00eas, por meio do Programa de Apoio ao Desenvolvimento Institucional do Sistema \u00danico de Sa\u00fade (Proadi-SUS).<\/p>\n\n\n\n<p>Em entrevista \u00e0 <strong>Ag\u00eancia Brasil<\/strong>, a paliativista e coordenadora m\u00e9dica do projeto no S\u00edrio-Liban\u00eas, Maria Perez, informou que o primeiro encontro com as 20 secretarias estaduais de Sa\u00fade j\u00e1 foi realizado. Ela explicou que a compreens\u00e3o mais frequente sobre os cuidados paliativos \u00e9 que eles s\u00e3o utilizados apenas em pacientes terminais, sem chance de cura. Mas isso n\u00e3o \u00e9 correto.<\/p>\n\n\n\n<p>De acordo com a Organiza\u00e7\u00e3o Mundial da Sa\u00fade (OMS), essa \u00e9 uma abordagem que foca a quest\u00e3o de qualidade de vida, olhando n\u00e3o s\u00f3 os sintomas f\u00edsicos, mas tamb\u00e9m quest\u00f5es emocionais, sociais, espirituais dos pacientes e seus familiares, ben\u00e9fica a todos os portadores de doen\u00e7as graves. Esses cuidados devem ser oferecidos junto com o tratamento espec\u00edfico para a doen\u00e7a de base que o paciente tiver<\/p>\n\n\n\n<blockquote class=\"wp-block-quote is-layout-flow wp-block-quote-is-layout-flow\">\n<p><strong><mark style=\"background-color:rgba(0, 0, 0, 0)\" class=\"has-inline-color has-black-color\">\u201cQuando a gente fala em abordagem de cuidados paliativos, n\u00e3o necessita necessariamente que seja um especialista em cuidados paliativos atuando. Mas que tenha esse olhar, pensando na qualidade de vida, trazendo a pessoa para o centro do cuidado, ter sempre uma aten\u00e7\u00e3o na comunica\u00e7\u00e3o e no manejo de sintomas&#8221;, afirmou Maria Perez.<\/mark><\/strong><\/p>\n<\/blockquote>\n\n\n\n<p>Para ela, isso deveria acontecer desde o diagn\u00f3stico de uma doen\u00e7a amea\u00e7adora da vida. &#8220;Os pacientes precisam muito dessa abordagem de cuidados paliativos. Que ela seja ofertada no momento da terminalidade, mas n\u00e3o s\u00f3\u201d, acrescentou.<\/p>\n\n\n\n<p>O projeto Cuidados Paliativos, via Proadi-SUS, come\u00e7ou a ser desenvolvido no Hospital S\u00edrio-Liban\u00eas em 2020, envolvendo profissionais de hospitais, ambulat\u00f3rios de especialidades e servi\u00e7os de atendimento domiciliar. Mais de 10 mil profissionais de sa\u00fade do SUS participaram de capacita\u00e7\u00f5es ofertadas por meio do projeto e mais de 12 mil pacientes com demandas de cuidados paliativos foram identificados por esses servi\u00e7os de sa\u00fade.<\/p>\n\n\n\n<p>A iniciativa \u00e9 focada na capacita\u00e7\u00e3o e na implementa\u00e7\u00e3o de novos protocolos para atender a esse perfil de paciente. Em 2024, ap\u00f3s o lan\u00e7amento da Pol\u00edtica Nacional de Cuidados Paliativos, o programa foi reformulado, transformando-se em projeto de apoio \u00e0 pol\u00edtica.<\/p>\n\n\n\n<blockquote class=\"wp-block-quote is-layout-flow wp-block-quote-is-layout-flow\">\n<p><strong><mark style=\"background-color:rgba(0, 0, 0, 0)\" class=\"has-inline-color has-black-color\">\u201cA\u00ed, a gente passou a trabalhar n\u00e3o s\u00f3 hospitais, ambulat\u00f3rios de especialidades e servi\u00e7os de atendimento, mas tamb\u00e9m unidades de Pronto Atendimento (UPAs) e Servi\u00e7os de Atendimento M\u00f3vel de Urg\u00eancia (Samus), que t\u00eam atua\u00e7\u00e3o mais pr\u00f3xima \u00e0s secretarias estaduais de Sa\u00fade&#8221;, disse<\/mark><\/strong><\/p>\n<\/blockquote>\n\n\n\n<p>No ciclo iniciado em 2024, mais de 150 servi\u00e7os de sa\u00fade de 19 estados e do Distrito Federal participaram do projeto, entre eles UPAs e servi\u00e7os de Atendimento M\u00e9dico de Urg\u00eancia (Samus). Como se tratam de servi\u00e7os de atendimento emergencial, Maria Perez conta que a primeira impress\u00e3o foi de estranhamento. &#8220;Mas \u00e0 medida que as equipes foram entendendo o conceito correto de cuidados paliativos, foram percebendo que j\u00e1 atendiam essas pessoas, com crises de dor e falta de ar e que acionam o Samu&#8221;, acrescentou.<\/p>\n","protected":false},"excerpt":{"rendered":"<p>Objetivo \u00e9 oferecer mais qualidade de vida a quem tem doen\u00e7a grave Por Alana Gandra\/Ag\u00eancia Brasil Profissionais de servi\u00e7os de aten\u00e7\u00e3o prim\u00e1ria \u00e0 sa\u00fade ser\u00e3o treinados para atuar em cuidados paliativos, com o objetivo de proporcionar mais qualidade de vida \u00e0s pessoas com doen\u00e7as graves. O novo ciclo do Projeto Cuidados Paliativos come\u00e7a em 2026 [&hellip;]<\/p>\n","protected":false},"author":2,"featured_media":92060,"comment_status":"open","ping_status":"open","sticky":false,"template":"","format":"standard","meta":{"_acf_changed":false,"_monsterinsights_skip_tracking":false,"_monsterinsights_sitenote_active":false,"_monsterinsights_sitenote_note":"","_monsterinsights_sitenote_category":0,"_jetpack_memberships_contains_paid_content":false,"footnotes":"","jetpack_publicize_message":"","jetpack_publicize_feature_enabled":true,"jetpack_social_post_already_shared":true,"jetpack_social_options":{"image_generator_settings":{"template":"highway","default_image_id":0,"font":"","enabled":false},"version":2}},"categories":[7],"tags":[],"class_list":["post-92059","post","type-post","status-publish","format-standard","has-post-thumbnail","hentry","category-saude"],"acf":[],"jetpack_publicize_connections":[],"jetpack_featured_media_url":"https:\/\/i0.wp.com\/blogdoeloiltoncajuhy.com.br\/site\/wp-content\/uploads\/2025\/12\/Cuidados-paliativos-Foto-INCA.png?fit=768%2C459&ssl=1","jetpack_sharing_enabled":true,"publishpress_future_workflow_manual_trigger":{"enabledWorkflows":[]},"_links":{"self":[{"href":"https:\/\/blogdoeloiltoncajuhy.com.br\/site\/wp-json\/wp\/v2\/posts\/92059","targetHints":{"allow":["GET"]}}],"collection":[{"href":"https:\/\/blogdoeloiltoncajuhy.com.br\/site\/wp-json\/wp\/v2\/posts"}],"about":[{"href":"https:\/\/blogdoeloiltoncajuhy.com.br\/site\/wp-json\/wp\/v2\/types\/post"}],"author":[{"embeddable":true,"href":"https:\/\/blogdoeloiltoncajuhy.com.br\/site\/wp-json\/wp\/v2\/users\/2"}],"replies":[{"embeddable":true,"href":"https:\/\/blogdoeloiltoncajuhy.com.br\/site\/wp-json\/wp\/v2\/comments?post=92059"}],"version-history":[{"count":1,"href":"https:\/\/blogdoeloiltoncajuhy.com.br\/site\/wp-json\/wp\/v2\/posts\/92059\/revisions"}],"predecessor-version":[{"id":92061,"href":"https:\/\/blogdoeloiltoncajuhy.com.br\/site\/wp-json\/wp\/v2\/posts\/92059\/revisions\/92061"}],"wp:featuredmedia":[{"embeddable":true,"href":"https:\/\/blogdoeloiltoncajuhy.com.br\/site\/wp-json\/wp\/v2\/media\/92060"}],"wp:attachment":[{"href":"https:\/\/blogdoeloiltoncajuhy.com.br\/site\/wp-json\/wp\/v2\/media?parent=92059"}],"wp:term":[{"taxonomy":"category","embeddable":true,"href":"https:\/\/blogdoeloiltoncajuhy.com.br\/site\/wp-json\/wp\/v2\/categories?post=92059"},{"taxonomy":"post_tag","embeddable":true,"href":"https:\/\/blogdoeloiltoncajuhy.com.br\/site\/wp-json\/wp\/v2\/tags?post=92059"}],"curies":[{"name":"wp","href":"https:\/\/api.w.org\/{rel}","templated":true}]}}