{"id":92056,"date":"2025-12-09T00:10:00","date_gmt":"2025-12-09T03:10:00","guid":{"rendered":"https:\/\/blogdoeloiltoncajuhy.com.br\/site\/?p=92056"},"modified":"2025-12-08T21:01:26","modified_gmt":"2025-12-09T00:01:26","slug":"tenho-preco-aliados-de-bolsonaro-veem-fala-de-flavio-como-desastrosa-e-candidatura-como-tentativa-de-agradar-trump","status":"publish","type":"post","link":"https:\/\/blogdoeloiltoncajuhy.com.br\/site\/tenho-preco-aliados-de-bolsonaro-veem-fala-de-flavio-como-desastrosa-e-candidatura-como-tentativa-de-agradar-trump\/","title":{"rendered":"&#8216;Tenho pre\u00e7o&#8217;: aliados de Bolsonaro veem fala de Fl\u00e1vio como desastrosa e candidatura como tentativa de agradar Trump"},"content":{"rendered":"\n<p class=\"has-medium-font-size\"><strong>Senador se lan\u00e7ou candidato na sexta (5) e, no domingo (7), disse estar disposto a desistir<\/strong><\/p>\n\n\n\n<p><strong>Por Andr\u00e9ia Sadi<\/strong><\/p>\n\n\n\n<figure class=\"wp-block-image aligncenter size-full is-resized\"><a href=\"https:\/\/i0.wp.com\/blogdoeloiltoncajuhy.com.br\/site\/wp-content\/uploads\/2025\/12\/Flavio-Bolsonaro-%E2%80%94-Foto-Evaristo-SA-AFP.jpg?ssl=1\"><img data-recalc-dims=\"1\" fetchpriority=\"high\" decoding=\"async\" width=\"800\" height=\"535\" src=\"https:\/\/i0.wp.com\/blogdoeloiltoncajuhy.com.br\/site\/wp-content\/uploads\/2025\/12\/Flavio-Bolsonaro-%E2%80%94-Foto-Evaristo-SA-AFP.jpg?resize=800%2C535&#038;ssl=1\" alt=\"\" class=\"wp-image-92057\" style=\"aspect-ratio:1.4955018109592242;width:689px;height:auto\" srcset=\"https:\/\/i0.wp.com\/blogdoeloiltoncajuhy.com.br\/site\/wp-content\/uploads\/2025\/12\/Flavio-Bolsonaro-%E2%80%94-Foto-Evaristo-SA-AFP.jpg?w=984&amp;ssl=1 984w, https:\/\/i0.wp.com\/blogdoeloiltoncajuhy.com.br\/site\/wp-content\/uploads\/2025\/12\/Flavio-Bolsonaro-%E2%80%94-Foto-Evaristo-SA-AFP.jpg?resize=300%2C201&amp;ssl=1 300w, https:\/\/i0.wp.com\/blogdoeloiltoncajuhy.com.br\/site\/wp-content\/uploads\/2025\/12\/Flavio-Bolsonaro-%E2%80%94-Foto-Evaristo-SA-AFP.jpg?resize=768%2C514&amp;ssl=1 768w\" sizes=\"(max-width: 800px) 100vw, 800px\" \/><\/a><figcaption class=\"wp-element-caption\"><sub>Fl\u00e1vio Bolsonaro visita o pai na sede da PF em Bras\u00edlia, em 25 de novembro de 2025 \u2014 Foto: Evaristo SA \/ AFP<\/sub><\/figcaption><\/figure>\n\n\n\n<p>Aliados de Jair Bolsonaro (PL) ouvidos pelo <strong>blog<\/strong> avaliam como desastrosa a afirma\u00e7\u00e3o do senador Fl\u00e1vio Bolsonaro (PL-RJ) de que tem um pre\u00e7o para desistir da candidatura \u00e0 presid\u00eancia em 2026.<\/p>\n\n\n\n<p>Na sexta-feira (5), Fl\u00e1vio se apresentou como escolhido do pai para enfrentar Lula (PT) na disputa pelo Pal\u00e1cio do Planalto, derrubando a bolsa, fazendo o d\u00f3lar subir e afastando lideran\u00e7as de centro-direita da fam\u00edlia do ex-presidente. Dois dias depois, sinalizou que poderia desistir.<\/p>\n\n\n\n<p><strong><a href=\"https:\/\/whatsapp.com\/channel\/0029VaAT7tDLI8Yfj5y9Z50Z\" target=\"_blank\" rel=\"noreferrer noopener\"><mark style=\"background-color:rgba(0, 0, 0, 0)\" class=\"has-inline-color has-luminous-vivid-orange-color\">>> Clique aqui e entre no canal do BEC no WhatsApp<\/mark><\/a><\/strong><\/p>\n\n\n\n<p>&#8220;Tem uma possibilidade de eu n\u00e3o ir at\u00e9 o fim e eu tenho um pre\u00e7o para isso, que eu vou negociar. Eu tenho um pre\u00e7o, s\u00f3 que eu s\u00f3 vou falar para voc\u00eas amanh\u00e3&#8221;, afirmou Fl\u00e1vio, no domingo (7).<\/p>\n\n\n\n<p>A afirma\u00e7\u00e3o foi considerada desastrosa por deixar evidente a falta de estrat\u00e9gia da fam\u00edlia Bolsonaro, al\u00e9m de expor que ela est\u00e1 disposta a vender o apoio pol\u00edtico em 2026 em troca da anistia para o ex-presidente, preso por tentativa de golpe de Estado e ineleg\u00edvel em raz\u00e3o de condena\u00e7\u00f5es tamb\u00e9m na Justi\u00e7a Eleitoral.<\/p>\n\n\n\n<p>No entorno de Bolsonaro, a iniciativa de Fl\u00e1vio \u00e9 vista como uma tentativa da fam\u00edlia de agradar o presidente dos Estados Unidos, Donald Trump, e evitar que o norte-americano retire as san\u00e7\u00f5es contra Alexandre de Moraes e outras autoridades brasileiras em raz\u00e3o do julgamento do golpe.<\/p>\n\n\n\n<p>Esse cen\u00e1rio, que passou a ser plaus\u00edvel com a aproxima\u00e7\u00e3o entre Trump e Lula, significaria uma derrota completa da empreitada da fam\u00edlia Bolsonaro junto aos EUA: incapaz de salvar o ex-presidente de uma condena\u00e7\u00e3o pelo STF, e um presente para o PT explorar na campanha eleitoral de 2026.<\/p>\n\n\n\n<p>Com Bolsonaro preso, a ideia, segundo o <strong>blog<\/strong> apurou, seria lan\u00e7ar algu\u00e9m com sobrenome Bolsonaro para sinalizar ao governo Trump ainda haver perspectiva de a fam\u00edlia voltar ao poder.<\/p>\n\n\n\n<p>Faltou combinar com a pol\u00edtica brasileira. Como o <strong>blog<\/strong> mostrou, a centro-direita n\u00e3o deve embarcar no projeto do senador, mas, sim, acelerar a constru\u00e7\u00e3o de um nome alternativo para disputar a presid\u00eancia em 2026.<\/p>\n","protected":false},"excerpt":{"rendered":"<p>Senador se lan\u00e7ou candidato na sexta (5) e, no domingo (7), disse estar disposto a desistir Por Andr\u00e9ia Sadi Aliados de Jair Bolsonaro (PL) ouvidos pelo blog avaliam como desastrosa a afirma\u00e7\u00e3o do senador Fl\u00e1vio Bolsonaro (PL-RJ) de que tem um pre\u00e7o para desistir da candidatura \u00e0 presid\u00eancia em 2026. Na sexta-feira (5), Fl\u00e1vio se [&hellip;]<\/p>\n","protected":false},"author":2,"featured_media":92057,"comment_status":"open","ping_status":"open","sticky":false,"template":"","format":"standard","meta":{"_acf_changed":false,"_monsterinsights_skip_tracking":false,"_monsterinsights_sitenote_active":false,"_monsterinsights_sitenote_note":"","_monsterinsights_sitenote_category":0,"_jetpack_memberships_contains_paid_content":false,"footnotes":"","jetpack_publicize_message":"","jetpack_publicize_feature_enabled":true,"jetpack_social_post_already_shared":true,"jetpack_social_options":{"image_generator_settings":{"template":"highway","default_image_id":0,"font":"","enabled":false},"version":2}},"categories":[3],"tags":[],"class_list":["post-92056","post","type-post","status-publish","format-standard","has-post-thumbnail","hentry","category-politica"],"acf":[],"jetpack_publicize_connections":[],"jetpack_featured_media_url":"https:\/\/i0.wp.com\/blogdoeloiltoncajuhy.com.br\/site\/wp-content\/uploads\/2025\/12\/Flavio-Bolsonaro-%E2%80%94-Foto-Evaristo-SA-AFP.jpg?fit=984%2C658&ssl=1","jetpack_sharing_enabled":true,"publishpress_future_workflow_manual_trigger":{"enabledWorkflows":[]},"_links":{"self":[{"href":"https:\/\/blogdoeloiltoncajuhy.com.br\/site\/wp-json\/wp\/v2\/posts\/92056","targetHints":{"allow":["GET"]}}],"collection":[{"href":"https:\/\/blogdoeloiltoncajuhy.com.br\/site\/wp-json\/wp\/v2\/posts"}],"about":[{"href":"https:\/\/blogdoeloiltoncajuhy.com.br\/site\/wp-json\/wp\/v2\/types\/post"}],"author":[{"embeddable":true,"href":"https:\/\/blogdoeloiltoncajuhy.com.br\/site\/wp-json\/wp\/v2\/users\/2"}],"replies":[{"embeddable":true,"href":"https:\/\/blogdoeloiltoncajuhy.com.br\/site\/wp-json\/wp\/v2\/comments?post=92056"}],"version-history":[{"count":1,"href":"https:\/\/blogdoeloiltoncajuhy.com.br\/site\/wp-json\/wp\/v2\/posts\/92056\/revisions"}],"predecessor-version":[{"id":92058,"href":"https:\/\/blogdoeloiltoncajuhy.com.br\/site\/wp-json\/wp\/v2\/posts\/92056\/revisions\/92058"}],"wp:featuredmedia":[{"embeddable":true,"href":"https:\/\/blogdoeloiltoncajuhy.com.br\/site\/wp-json\/wp\/v2\/media\/92057"}],"wp:attachment":[{"href":"https:\/\/blogdoeloiltoncajuhy.com.br\/site\/wp-json\/wp\/v2\/media?parent=92056"}],"wp:term":[{"taxonomy":"category","embeddable":true,"href":"https:\/\/blogdoeloiltoncajuhy.com.br\/site\/wp-json\/wp\/v2\/categories?post=92056"},{"taxonomy":"post_tag","embeddable":true,"href":"https:\/\/blogdoeloiltoncajuhy.com.br\/site\/wp-json\/wp\/v2\/tags?post=92056"}],"curies":[{"name":"wp","href":"https:\/\/api.w.org\/{rel}","templated":true}]}}