{"id":92051,"date":"2025-12-09T00:10:00","date_gmt":"2025-12-09T03:10:00","guid":{"rendered":"https:\/\/blogdoeloiltoncajuhy.com.br\/site\/?p=92051"},"modified":"2025-12-08T19:35:18","modified_gmt":"2025-12-08T22:35:18","slug":"lula-propoe-reuniao-dos-poderes-para-tratar-de-feminicidio","status":"publish","type":"post","link":"https:\/\/blogdoeloiltoncajuhy.com.br\/site\/lula-propoe-reuniao-dos-poderes-para-tratar-de-feminicidio\/","title":{"rendered":"Lula prop\u00f5e reuni\u00e3o dos Poderes para tratar de feminic\u00eddio"},"content":{"rendered":"\n<p class=\"has-medium-font-size\"><strong>Presidente defende mutir\u00e3o contra a viol\u00eancia de g\u00eanero<\/strong><\/p>\n\n\n\n<p><strong>Por Pedro Rafael Vilela\/Ag\u00eancia Brasil<\/strong><\/p>\n\n\n\n<figure class=\"wp-block-image aligncenter size-full\"><a href=\"https:\/\/i0.wp.com\/blogdoeloiltoncajuhy.com.br\/site\/wp-content\/uploads\/2025\/12\/GOVFED_Conferencia-SUAS-081225-Foto-Valter-Campanato-Agencia-Brasil.png?ssl=1\"><img data-recalc-dims=\"1\" fetchpriority=\"high\" decoding=\"async\" width=\"768\" height=\"459\" src=\"https:\/\/i0.wp.com\/blogdoeloiltoncajuhy.com.br\/site\/wp-content\/uploads\/2025\/12\/GOVFED_Conferencia-SUAS-081225-Foto-Valter-Campanato-Agencia-Brasil.png?resize=768%2C459&#038;ssl=1\" alt=\"\" class=\"wp-image-92052\" srcset=\"https:\/\/i0.wp.com\/blogdoeloiltoncajuhy.com.br\/site\/wp-content\/uploads\/2025\/12\/GOVFED_Conferencia-SUAS-081225-Foto-Valter-Campanato-Agencia-Brasil.png?w=768&amp;ssl=1 768w, https:\/\/i0.wp.com\/blogdoeloiltoncajuhy.com.br\/site\/wp-content\/uploads\/2025\/12\/GOVFED_Conferencia-SUAS-081225-Foto-Valter-Campanato-Agencia-Brasil.png?resize=300%2C179&amp;ssl=1 300w\" sizes=\"(max-width: 768px) 100vw, 768px\" \/><\/a><figcaption class=\"wp-element-caption\"><sub>Foto: Valter Campanato\/Ag\u00eancia Brasil<\/sub><\/figcaption><\/figure>\n\n\n\n<p>O presidente Luiz In\u00e1cio Lula da Silva anunciou nesta segunda-feira (8) que pretende convocar uma reuni\u00e3o com representantes dos Poderes da Rep\u00fablica e de segmentos sociais para promover o que chamou de &#8220;mutir\u00e3o educacional&#8221; de combate \u00e0 viol\u00eancia contra as mulheres. Em meio a uma onda de casos de feminic\u00eddios que v\u00eam chocando o pa\u00eds, milhares de pessoas em diversas cidades foram \u00e0s ruas neste fim de semana para denunciar a viol\u00eancia e pedir liberdade, respeito e seguran\u00e7a para as mulheres brasileiras.<\/p>\n\n\n\n<blockquote class=\"wp-block-quote is-layout-flow wp-block-quote-is-layout-flow\">\n<p><strong><mark style=\"background-color:rgba(0, 0, 0, 0)\" class=\"has-inline-color has-black-color\">&#8220;\u00c9 importante envolver Congresso Nacional &#8211; Senado e C\u00e2mara -, a Suprema Corte, o Superior Tribunal de Justi\u00e7a, os tribunais de Justi\u00e7a dos estados, os sindicalistas, os evang\u00e9licos, \u00e9 preciso todo mundo para gente fazer um mutir\u00e3o educacional&#8221;, afirmou Lula em discurso durante a 14\u00aa Confer\u00eancia Nacional de Assist\u00eancia Social, que ocorre em Bras\u00edlia.<\/mark><\/strong><\/p>\n<\/blockquote>\n\n\n\n<p>O presidente n\u00e3o especificou uma poss\u00edvel data, mas que tentaria realizar o encontro at\u00e9 o fim deste ano.<\/p>\n\n\n\n<p>&#8220;N\u00f3s temos que ficar indignados com a viol\u00eancia contra as mulheres&#8221;, destacou o presidente, que voltou a mencionar casos recentes, como o epis\u00f3dio em S\u00e3o Paulo envolvendo Douglas Alves da Silva, de 26 anos de idade, que atropelou e arrastou Tainara Souza Santos, 31 anos de idade. O crime ocorreu no dia 29 de novembro. Ela teve as pernas amputadas ap\u00f3s ter sido arrastada embaixo do ve\u00edculo por cerca de 1 quil\u00f4metro, e segue internada em um hospital da cidade.<\/p>\n\n\n\n<p><strong><a href=\"https:\/\/whatsapp.com\/channel\/0029VaAT7tDLI8Yfj5y9Z50Z\" target=\"_blank\" rel=\"noreferrer noopener\"><mark style=\"background-color:rgba(0, 0, 0, 0)\" class=\"has-inline-color has-luminous-vivid-orange-color\">>> Clique aqui e entre no canal do BEC no WhatsApp<\/mark><\/a><\/strong><\/p>\n\n\n\n<p>Lula tamb\u00e9m citou o caso do homem de 39 anos, preso em flagrante, no Recife, tamb\u00e9m no fim de novembro, acusado de provocar um inc\u00eandio que matou sua esposa, gr\u00e1vida, e os quatro filhos do casal.<\/p>\n\n\n\n<p>&#8220;Combater o feminic\u00eddio, combater a viol\u00eancia, \u00e9 uma tarefa das mulheres? Me perdoem, meus queridos homens, \u00e9 uma responsabilidade nossa&#8221;, disse Lula, que voltou a cobrar engajamento masculino na luta.<\/p>\n\n\n\n<blockquote class=\"wp-block-quote is-layout-flow wp-block-quote-is-layout-flow\">\n<p><strong><mark style=\"background-color:rgba(0, 0, 0, 0)\" class=\"has-inline-color has-black-color\">&#8220;A verdade nua e crua \u00e9 que a viol\u00eancia s\u00f3 tem um lado. Quem tem que mudar de comportamento n\u00e3o s\u00e3o as mulheres, s\u00e3o os homens&#8221;, afirmou.<\/mark><\/strong><\/p>\n<\/blockquote>\n\n\n\n<p>O presidente disse que far\u00e1 do combate \u00e0 viol\u00eancia contra mulher sua luta pol\u00edtica a partir de agora. &#8220;Aqui no Brasil n\u00f3s vamos ter que criar um movimento. \u00c9 um problema eminentemente educacional, vamos ter que aprender na escola, educar nossos filhos&#8221;, completou.<\/p>\n\n\n\n<p>H\u00e1 uma semana, Lula tem abordado o tema da viol\u00eancia de g\u00eanero nos eventos oficiais que participa. Cerca de 3,7 milh\u00f5es de mulheres brasileiras viveram um ou mais epis\u00f3dios de viol\u00eancia dom\u00e9stica nos \u00faltimos 12 meses, segundo o Mapa Nacional da Viol\u00eancia de G\u00eanero.<\/p>\n\n\n\n<p>Em 2024, 1.459 mulheres foram v\u00edtimas de feminic\u00eddios. Em m\u00e9dia, cerca de quatro mulheres foram assassinadas por dia em 2024 em raz\u00e3o do g\u00eanero, em contextos de viol\u00eancia dom\u00e9stica, familiar ou por menosprezo e discrimina\u00e7\u00e3o relacionados \u00e0 condi\u00e7\u00e3o do sexo feminino.<\/p>\n\n\n\n<p>Este ano, o Brasil j\u00e1 registrou mais de 1.180 feminic\u00eddios e quase 3 mil atendimentos di\u00e1rios pelo Ligue 180, segundo o Minist\u00e9rio das Mulheres.<\/p>\n","protected":false},"excerpt":{"rendered":"<p>Presidente defende mutir\u00e3o contra a viol\u00eancia de g\u00eanero Por Pedro Rafael Vilela\/Ag\u00eancia Brasil O presidente Luiz In\u00e1cio Lula da Silva anunciou nesta segunda-feira (8) que pretende convocar uma reuni\u00e3o com representantes dos Poderes da Rep\u00fablica e de segmentos sociais para promover o que chamou de &#8220;mutir\u00e3o educacional&#8221; de combate \u00e0 viol\u00eancia contra as mulheres. Em [&hellip;]<\/p>\n","protected":false},"author":2,"featured_media":92052,"comment_status":"open","ping_status":"open","sticky":false,"template":"","format":"standard","meta":{"_acf_changed":false,"_monsterinsights_skip_tracking":false,"_monsterinsights_sitenote_active":false,"_monsterinsights_sitenote_note":"","_monsterinsights_sitenote_category":0,"_jetpack_memberships_contains_paid_content":false,"footnotes":"","jetpack_publicize_message":"","jetpack_publicize_feature_enabled":true,"jetpack_social_post_already_shared":true,"jetpack_social_options":{"image_generator_settings":{"template":"highway","default_image_id":0,"font":"","enabled":false},"version":2}},"categories":[3],"tags":[],"class_list":["post-92051","post","type-post","status-publish","format-standard","has-post-thumbnail","hentry","category-politica"],"acf":[],"jetpack_publicize_connections":[],"jetpack_featured_media_url":"https:\/\/i0.wp.com\/blogdoeloiltoncajuhy.com.br\/site\/wp-content\/uploads\/2025\/12\/GOVFED_Conferencia-SUAS-081225-Foto-Valter-Campanato-Agencia-Brasil.png?fit=768%2C459&ssl=1","jetpack_sharing_enabled":true,"publishpress_future_workflow_manual_trigger":{"enabledWorkflows":[]},"_links":{"self":[{"href":"https:\/\/blogdoeloiltoncajuhy.com.br\/site\/wp-json\/wp\/v2\/posts\/92051","targetHints":{"allow":["GET"]}}],"collection":[{"href":"https:\/\/blogdoeloiltoncajuhy.com.br\/site\/wp-json\/wp\/v2\/posts"}],"about":[{"href":"https:\/\/blogdoeloiltoncajuhy.com.br\/site\/wp-json\/wp\/v2\/types\/post"}],"author":[{"embeddable":true,"href":"https:\/\/blogdoeloiltoncajuhy.com.br\/site\/wp-json\/wp\/v2\/users\/2"}],"replies":[{"embeddable":true,"href":"https:\/\/blogdoeloiltoncajuhy.com.br\/site\/wp-json\/wp\/v2\/comments?post=92051"}],"version-history":[{"count":1,"href":"https:\/\/blogdoeloiltoncajuhy.com.br\/site\/wp-json\/wp\/v2\/posts\/92051\/revisions"}],"predecessor-version":[{"id":92053,"href":"https:\/\/blogdoeloiltoncajuhy.com.br\/site\/wp-json\/wp\/v2\/posts\/92051\/revisions\/92053"}],"wp:featuredmedia":[{"embeddable":true,"href":"https:\/\/blogdoeloiltoncajuhy.com.br\/site\/wp-json\/wp\/v2\/media\/92052"}],"wp:attachment":[{"href":"https:\/\/blogdoeloiltoncajuhy.com.br\/site\/wp-json\/wp\/v2\/media?parent=92051"}],"wp:term":[{"taxonomy":"category","embeddable":true,"href":"https:\/\/blogdoeloiltoncajuhy.com.br\/site\/wp-json\/wp\/v2\/categories?post=92051"},{"taxonomy":"post_tag","embeddable":true,"href":"https:\/\/blogdoeloiltoncajuhy.com.br\/site\/wp-json\/wp\/v2\/tags?post=92051"}],"curies":[{"name":"wp","href":"https:\/\/api.w.org\/{rel}","templated":true}]}}