{"id":92049,"date":"2025-12-08T19:23:29","date_gmt":"2025-12-08T22:23:29","guid":{"rendered":"https:\/\/blogdoeloiltoncajuhy.com.br\/site\/?p=92049"},"modified":"2025-12-08T20:47:53","modified_gmt":"2025-12-08T23:47:53","slug":"homem-e-morto-a-tiros-em-senhor-do-bonfim","status":"publish","type":"post","link":"https:\/\/blogdoeloiltoncajuhy.com.br\/site\/homem-e-morto-a-tiros-em-senhor-do-bonfim\/","title":{"rendered":"Homem \u00e9 morto a tiros em Senhor do Bonfim"},"content":{"rendered":"\n<p class=\"has-medium-font-size\"><strong>Caso foi registrado agora a noite pela pol\u00edcia<\/strong><\/p>\n\n\n\n<p><strong>Por Blog do Eloilton Cajuhy &#8211; BEC<\/strong><\/p>\n\n\n\n<figure class=\"wp-block-image aligncenter size-full is-resized\"><a href=\"https:\/\/i0.wp.com\/blogdoeloiltoncajuhy.com.br\/site\/wp-content\/uploads\/2025\/04\/Policia-Civil-da-Bahia-%E2%80%94-Foto-Ascom-PC-BA_300425.jpeg\"><img data-recalc-dims=\"1\" fetchpriority=\"high\" decoding=\"async\" width=\"800\" height=\"533\" src=\"https:\/\/i0.wp.com\/blogdoeloiltoncajuhy.com.br\/site\/wp-content\/uploads\/2025\/04\/Policia-Civil-da-Bahia-%E2%80%94-Foto-Ascom-PC-BA_300425.jpeg?resize=800%2C533\" alt=\"\" class=\"wp-image-87404\" style=\"aspect-ratio:1.5023474178403755;width:617px;height:auto\" srcset=\"https:\/\/i0.wp.com\/blogdoeloiltoncajuhy.com.br\/site\/wp-content\/uploads\/2025\/04\/Policia-Civil-da-Bahia-%E2%80%94-Foto-Ascom-PC-BA_300425.jpeg?w=984&amp;ssl=1 984w, https:\/\/i0.wp.com\/blogdoeloiltoncajuhy.com.br\/site\/wp-content\/uploads\/2025\/04\/Policia-Civil-da-Bahia-%E2%80%94-Foto-Ascom-PC-BA_300425.jpeg?resize=300%2C200&amp;ssl=1 300w, https:\/\/i0.wp.com\/blogdoeloiltoncajuhy.com.br\/site\/wp-content\/uploads\/2025\/04\/Policia-Civil-da-Bahia-%E2%80%94-Foto-Ascom-PC-BA_300425.jpeg?resize=768%2C511&amp;ssl=1 768w\" sizes=\"(max-width: 800px) 100vw, 800px\" \/><\/a><figcaption class=\"wp-element-caption\"><sub>Foto: Ascom Pol\u00edcia Civil da Bahia<\/sub><\/figcaption><\/figure>\n\n\n\n<p>A pol\u00edcia de Senhor do Bonfim registrou agora a pouco um homic\u00eddio, ocorrido em um local conhecido como &#8220;Favelinha&#8221;, que pr\u00f3ximo ao Conjunto Residencial Brisas do Monte. A informa\u00e7\u00e3o \u00e9 do <strong>Blog do Netto Maravilha.<\/strong><\/p>\n\n\n\n<p>De acordo com informa\u00e7\u00f5es preliminares, a v\u00edtima foi identificada como <strong><mark style=\"background-color:rgba(0, 0, 0, 0)\" class=\"has-inline-color has-black-color\">Elton Rocha da Silva<\/mark><\/strong>, 46 anos, mais conhecido por <strong><mark style=\"background-color:rgba(0, 0, 0, 0)\" class=\"has-inline-color has-black-color\">\u201cXix\u00f3 da Borracharia\u201d<\/mark><\/strong>. Ele era propriet\u00e1rio de uma borracharia situada nas imedia\u00e7\u00f5es da Avenida Morgado, pr\u00f3ximo ao Col\u00e9gio Teixeira de Freitas.<\/p>\n\n\n\n<p>Ainda segundo relatos, <strong><mark style=\"background-color:rgba(0, 0, 0, 0)\" class=\"has-inline-color has-black-color\">Xix\u00f3<\/mark><\/strong> foi alvejado por dois disparos de arma de fogo, sendo um na cabe\u00e7a e outro no peito. N\u00e3o h\u00e1, at\u00e9 o momento, informa\u00e7\u00f5es sobre como ocorreu o crime, tampouco a motiva\u00e7\u00e3o ou autoria.<\/p>\n\n\n\n<p>A Pol\u00edcia Militar e a Pol\u00edcia Civil est\u00e3o em dilig\u00eancias para obter mais dados que possam ajudar a identificar os autores do homic\u00eddio.<\/p>\n\n\n\n<p><strong><a href=\"https:\/\/whatsapp.com\/channel\/0029VaAT7tDLI8Yfj5y9Z50Z\" target=\"_blank\" rel=\"noreferrer noopener\"><mark style=\"background-color:rgba(0, 0, 0, 0)\" class=\"has-inline-color has-luminous-vivid-orange-color\">&gt;&gt; Clique aqui e entre no canal do BEC no WhatsApp<\/mark><\/a><\/strong><\/p>\n","protected":false},"excerpt":{"rendered":"<p>Caso foi registrado agora a noite pela pol\u00edcia Por Blog do Eloilton Cajuhy &#8211; BEC A pol\u00edcia de Senhor do Bonfim registrou agora a pouco um homic\u00eddio, ocorrido em um local conhecido como &#8220;Favelinha&#8221;, que pr\u00f3ximo ao Conjunto Residencial Brisas do Monte. A informa\u00e7\u00e3o \u00e9 do Blog do Netto Maravilha. De acordo com informa\u00e7\u00f5es preliminares, [&hellip;]<\/p>\n","protected":false},"author":2,"featured_media":87578,"comment_status":"open","ping_status":"open","sticky":false,"template":"","format":"standard","meta":{"_acf_changed":false,"_monsterinsights_skip_tracking":false,"_monsterinsights_sitenote_active":false,"_monsterinsights_sitenote_note":"","_monsterinsights_sitenote_category":0,"_jetpack_memberships_contains_paid_content":false,"footnotes":"","jetpack_publicize_message":"","jetpack_publicize_feature_enabled":true,"jetpack_social_post_already_shared":true,"jetpack_social_options":{"image_generator_settings":{"template":"highway","default_image_id":0,"font":"","enabled":false},"version":2}},"categories":[15],"tags":[],"class_list":["post-92049","post","type-post","status-publish","format-standard","has-post-thumbnail","hentry","category-policia"],"acf":[],"jetpack_publicize_connections":[],"jetpack_featured_media_url":"https:\/\/i0.wp.com\/blogdoeloiltoncajuhy.com.br\/site\/wp-content\/uploads\/2025\/05\/Tres-homens-morrem-apos-troca-de-tiros-com-a-policia-em-Arataca-%E2%80%94-Foto-PM-BA.jpeg?fit=984%2C738&ssl=1","jetpack_sharing_enabled":true,"publishpress_future_workflow_manual_trigger":{"enabledWorkflows":[]},"_links":{"self":[{"href":"https:\/\/blogdoeloiltoncajuhy.com.br\/site\/wp-json\/wp\/v2\/posts\/92049","targetHints":{"allow":["GET"]}}],"collection":[{"href":"https:\/\/blogdoeloiltoncajuhy.com.br\/site\/wp-json\/wp\/v2\/posts"}],"about":[{"href":"https:\/\/blogdoeloiltoncajuhy.com.br\/site\/wp-json\/wp\/v2\/types\/post"}],"author":[{"embeddable":true,"href":"https:\/\/blogdoeloiltoncajuhy.com.br\/site\/wp-json\/wp\/v2\/users\/2"}],"replies":[{"embeddable":true,"href":"https:\/\/blogdoeloiltoncajuhy.com.br\/site\/wp-json\/wp\/v2\/comments?post=92049"}],"version-history":[{"count":2,"href":"https:\/\/blogdoeloiltoncajuhy.com.br\/site\/wp-json\/wp\/v2\/posts\/92049\/revisions"}],"predecessor-version":[{"id":92055,"href":"https:\/\/blogdoeloiltoncajuhy.com.br\/site\/wp-json\/wp\/v2\/posts\/92049\/revisions\/92055"}],"wp:featuredmedia":[{"embeddable":true,"href":"https:\/\/blogdoeloiltoncajuhy.com.br\/site\/wp-json\/wp\/v2\/media\/87578"}],"wp:attachment":[{"href":"https:\/\/blogdoeloiltoncajuhy.com.br\/site\/wp-json\/wp\/v2\/media?parent=92049"}],"wp:term":[{"taxonomy":"category","embeddable":true,"href":"https:\/\/blogdoeloiltoncajuhy.com.br\/site\/wp-json\/wp\/v2\/categories?post=92049"},{"taxonomy":"post_tag","embeddable":true,"href":"https:\/\/blogdoeloiltoncajuhy.com.br\/site\/wp-json\/wp\/v2\/tags?post=92049"}],"curies":[{"name":"wp","href":"https:\/\/api.w.org\/{rel}","templated":true}]}}