{"id":92046,"date":"2025-12-09T00:10:00","date_gmt":"2025-12-09T03:10:00","guid":{"rendered":"https:\/\/blogdoeloiltoncajuhy.com.br\/site\/?p=92046"},"modified":"2025-12-08T19:14:45","modified_gmt":"2025-12-08T22:14:45","slug":"brasileiro-criador-do-aedes-sem-dengue-entra-na-lista-de-cientistas-influentes-de-2025","status":"publish","type":"post","link":"https:\/\/blogdoeloiltoncajuhy.com.br\/site\/brasileiro-criador-do-aedes-sem-dengue-entra-na-lista-de-cientistas-influentes-de-2025\/","title":{"rendered":"Brasileiro criador do &#8220;Aedes&#8221; sem dengue entra na lista de cientistas influentes de 2025"},"content":{"rendered":"\n<p><strong>Por Gilberto Costa\/Ag\u00eancia Brasil<\/strong><\/p>\n\n\n\n<figure class=\"wp-block-image aligncenter size-full\"><a href=\"https:\/\/i0.wp.com\/blogdoeloiltoncajuhy.com.br\/site\/wp-content\/uploads\/2025\/12\/Luciano-Moreira-Foto-Peter-Ilicciev-WMP-Brasil-Fiocruz.png\"><img data-recalc-dims=\"1\" fetchpriority=\"high\" decoding=\"async\" width=\"768\" height=\"459\" src=\"https:\/\/i0.wp.com\/blogdoeloiltoncajuhy.com.br\/site\/wp-content\/uploads\/2025\/12\/Luciano-Moreira-Foto-Peter-Ilicciev-WMP-Brasil-Fiocruz.png?resize=768%2C459\" alt=\"\" class=\"wp-image-92047\" srcset=\"https:\/\/i0.wp.com\/blogdoeloiltoncajuhy.com.br\/site\/wp-content\/uploads\/2025\/12\/Luciano-Moreira-Foto-Peter-Ilicciev-WMP-Brasil-Fiocruz.png?w=768&amp;ssl=1 768w, https:\/\/i0.wp.com\/blogdoeloiltoncajuhy.com.br\/site\/wp-content\/uploads\/2025\/12\/Luciano-Moreira-Foto-Peter-Ilicciev-WMP-Brasil-Fiocruz.png?resize=300%2C179&amp;ssl=1 300w\" sizes=\"(max-width: 768px) 100vw, 768px\" \/><\/a><figcaption class=\"wp-element-caption\"><sub>Luciano Moreira &#8211; Foto: Peter Ilicciev\/WMP Brasil\/Fiocruz<\/sub><\/figcaption><\/figure>\n\n\n\n<p>O engenheiro agr\u00f4nomo <strong><mark style=\"background-color:rgba(0, 0, 0, 0)\" class=\"has-inline-color has-black-color\">Luciano Andrade Moreira<\/mark><\/strong> foi escolhido pelos editores da <strong><mark style=\"background-color:rgba(0, 0, 0, 0)\" class=\"has-inline-color has-black-color\">revista Nature<\/mark><\/strong> como uma das <strong><mark style=\"background-color:rgba(0, 0, 0, 0)\" class=\"has-inline-color has-black-color\">dez pessoas ao redor do mundo que moldaram a ci\u00eancia em 2025.<\/mark><\/strong> Seu nome configura na lista \u201cNature\u2019s 10\u201d.<\/p>\n\n\n\n<p>Em associa\u00e7\u00e3o com outros cientistas, Moreira estuda h\u00e1 mais de uma d\u00e9cada o uso da bact\u00e9ria natural Wolbachia, comum em diferentes insetos, em mosquito Aedes aegypti para bloquear a transmiss\u00e3o de v\u00edrus como os da dengue, zika e chikungunya.<\/p>\n\n\n\n<p>A t\u00e9cnica desenvolvida a partir da pesquisa \u00e9 chamada de \u201cM\u00e9todo Wolbachia.\u201d Como demonstrou em artigo assinado em 2009, os mosquitos portadores da bact\u00e9ria t\u00eam menor probabilidade de contrair esses v\u00edrus.<\/p>\n\n\n\n<p><strong><a href=\"https:\/\/whatsapp.com\/channel\/0029VaAT7tDLI8Yfj5y9Z50Z\" target=\"_blank\" rel=\"noreferrer noopener\"><mark style=\"background-color:rgba(0, 0, 0, 0)\" class=\"has-inline-color has-luminous-vivid-orange-color\">>> Clique aqui e entre no canal do BEC no WhatsApp<\/mark><\/a><\/strong><\/p>\n\n\n\n<p>Segundo a revista Nature, \u201cos cientistas ainda n\u00e3o compreendem o mecanismo, mas a bact\u00e9ria pode estar competindo com o v\u00edrus por recursos ou estimulando a produ\u00e7\u00e3o de prote\u00ednas antivirais\u201d.<\/p>\n\n\n\n<p>A aplica\u00e7\u00e3o do m\u00e9todo pode ser decisiva no controle de doen\u00e7as. Os mosquitos infectados com a bact\u00e9ria, chamados de wolbitos, ao serem liberados em \u00e1reas urbanas e ao se reproduzirem com outros Aedes aegypti reinfectam a bact\u00e9ria para as novas gera\u00e7\u00f5es de mosquitos.<\/p>\n\n\n\n<p class=\"has-black-color has-text-color has-link-color has-medium-font-size wp-elements-4b96d43827c0b443f69a36128fadc25c\"><strong>F\u00e1brica de mosquitos<\/strong><\/p>\n\n\n\n<p>\u00c9 isso que faz uma biof\u00e1brica de mosquitos wolbitos com sede em Curitiba (PR), dirigida por Luciano Andrade Moreira, e criada em parceria entre a Fiocruz, o Instituto de Biologia Molecular do Paran\u00e1 (IBMP) e o World Mosquito Program (WMP), uma organiza\u00e7\u00e3o sem fins lucrativos com atua\u00e7\u00e3o em 14 pa\u00edses.<\/p>\n\n\n\n<p>Atualmente, o M\u00e9todo Wolbachia faz parte da estrat\u00e9gia nacional de enfrentamento das arboviroses, do Minist\u00e9rio da Sa\u00fade, e est\u00e1 em implanta\u00e7\u00e3o em Balne\u00e1rio de Cambori\u00fa (SC), Bras\u00edlia (DF), Blumenau (SC), Joinville (SC), Luzi\u00e2nia (GO) e Valpara\u00edso de Goi\u00e1s (GO).<\/p>\n\n\n\n<p>A escolha das cidades \u00e9 feita pelo minist\u00e9rio considerando indicadores epidemiol\u00f3gicos \u2013 a ocorr\u00eancia de casos de arboviroses em padr\u00f5es elevados nos \u00faltimos anos.<\/p>\n\n\n\n<p>A Revista Nature \u00e9 uma publica\u00e7\u00e3o brit\u00e2nica em circula\u00e7\u00e3o desde 1869 e \u00e9 considerada a revista cient\u00edfica mais citada do mundo. A lista \u201cNature\u2019s 10\u201d n\u00e3o configura como pr\u00eamio ou ranking acad\u00eamico, mas coloca em destaque internacional pesquisadores e iniciativas de impacto.<\/p>\n\n\n\n<p>Em 2023, a ministra Marina Silva (Meio Ambiente e Mudan\u00e7a do Clima) foi inclu\u00edda na lista pelo trabalho no combate ao desmatamento na Amaz\u00f4nia Legal.<\/p>\n","protected":false},"excerpt":{"rendered":"<p>Por Gilberto Costa\/Ag\u00eancia Brasil O engenheiro agr\u00f4nomo Luciano Andrade Moreira foi escolhido pelos editores da revista Nature como uma das dez pessoas ao redor do mundo que moldaram a ci\u00eancia em 2025. Seu nome configura na lista \u201cNature\u2019s 10\u201d. Em associa\u00e7\u00e3o com outros cientistas, Moreira estuda h\u00e1 mais de uma d\u00e9cada o uso da bact\u00e9ria [&hellip;]<\/p>\n","protected":false},"author":2,"featured_media":92047,"comment_status":"open","ping_status":"open","sticky":false,"template":"","format":"standard","meta":{"_acf_changed":false,"_monsterinsights_skip_tracking":false,"_monsterinsights_sitenote_active":false,"_monsterinsights_sitenote_note":"","_monsterinsights_sitenote_category":0,"_jetpack_memberships_contains_paid_content":false,"footnotes":"","jetpack_publicize_message":"","jetpack_publicize_feature_enabled":true,"jetpack_social_post_already_shared":true,"jetpack_social_options":{"image_generator_settings":{"template":"highway","default_image_id":0,"font":"","enabled":false},"version":2}},"categories":[7],"tags":[],"class_list":["post-92046","post","type-post","status-publish","format-standard","has-post-thumbnail","hentry","category-saude"],"acf":[],"jetpack_publicize_connections":[],"jetpack_featured_media_url":"https:\/\/i0.wp.com\/blogdoeloiltoncajuhy.com.br\/site\/wp-content\/uploads\/2025\/12\/Luciano-Moreira-Foto-Peter-Ilicciev-WMP-Brasil-Fiocruz.png?fit=768%2C459&ssl=1","jetpack_sharing_enabled":true,"publishpress_future_workflow_manual_trigger":{"enabledWorkflows":[]},"_links":{"self":[{"href":"https:\/\/blogdoeloiltoncajuhy.com.br\/site\/wp-json\/wp\/v2\/posts\/92046","targetHints":{"allow":["GET"]}}],"collection":[{"href":"https:\/\/blogdoeloiltoncajuhy.com.br\/site\/wp-json\/wp\/v2\/posts"}],"about":[{"href":"https:\/\/blogdoeloiltoncajuhy.com.br\/site\/wp-json\/wp\/v2\/types\/post"}],"author":[{"embeddable":true,"href":"https:\/\/blogdoeloiltoncajuhy.com.br\/site\/wp-json\/wp\/v2\/users\/2"}],"replies":[{"embeddable":true,"href":"https:\/\/blogdoeloiltoncajuhy.com.br\/site\/wp-json\/wp\/v2\/comments?post=92046"}],"version-history":[{"count":1,"href":"https:\/\/blogdoeloiltoncajuhy.com.br\/site\/wp-json\/wp\/v2\/posts\/92046\/revisions"}],"predecessor-version":[{"id":92048,"href":"https:\/\/blogdoeloiltoncajuhy.com.br\/site\/wp-json\/wp\/v2\/posts\/92046\/revisions\/92048"}],"wp:featuredmedia":[{"embeddable":true,"href":"https:\/\/blogdoeloiltoncajuhy.com.br\/site\/wp-json\/wp\/v2\/media\/92047"}],"wp:attachment":[{"href":"https:\/\/blogdoeloiltoncajuhy.com.br\/site\/wp-json\/wp\/v2\/media?parent=92046"}],"wp:term":[{"taxonomy":"category","embeddable":true,"href":"https:\/\/blogdoeloiltoncajuhy.com.br\/site\/wp-json\/wp\/v2\/categories?post=92046"},{"taxonomy":"post_tag","embeddable":true,"href":"https:\/\/blogdoeloiltoncajuhy.com.br\/site\/wp-json\/wp\/v2\/tags?post=92046"}],"curies":[{"name":"wp","href":"https:\/\/api.w.org\/{rel}","templated":true}]}}