{"id":92028,"date":"2025-12-08T15:20:55","date_gmt":"2025-12-08T18:20:55","guid":{"rendered":"https:\/\/blogdoeloiltoncajuhy.com.br\/site\/?p=92028"},"modified":"2025-12-08T15:20:56","modified_gmt":"2025-12-08T18:20:56","slug":"fundador-de-fabrica-de-biscoitos-morre-apos-batida-entre-quatro-veiculos-na-bahia","status":"publish","type":"post","link":"https:\/\/blogdoeloiltoncajuhy.com.br\/site\/fundador-de-fabrica-de-biscoitos-morre-apos-batida-entre-quatro-veiculos-na-bahia\/","title":{"rendered":"Fundador de f\u00e1brica de biscoitos morre ap\u00f3s batida entre quatro ve\u00edculos na Bahia"},"content":{"rendered":"\n<p class=\"has-medium-font-size\"><strong>Acidente ocorreu na manh\u00e3 desta segunda-feira (8), na BR-101, trecho do munic\u00edpio de Concei\u00e7\u00e3o do Almeida<\/strong><\/p>\n\n\n\n<p><strong>Por g1 Feira de Santana e regi\u00e3o<\/strong><\/p>\n\n\n\n<figure class=\"wp-block-image aligncenter size-full\"><a href=\"https:\/\/i0.wp.com\/blogdoeloiltoncajuhy.com.br\/site\/wp-content\/uploads\/2025\/12\/Fundador-de-fabrica-de-biscoitos-morre-em-batida-na-BR-101-%E2%80%94-Foto-Redes-Sociais.png?ssl=1\"><img data-recalc-dims=\"1\" fetchpriority=\"high\" decoding=\"async\" width=\"315\" height=\"503\" src=\"https:\/\/i0.wp.com\/blogdoeloiltoncajuhy.com.br\/site\/wp-content\/uploads\/2025\/12\/Fundador-de-fabrica-de-biscoitos-morre-em-batida-na-BR-101-%E2%80%94-Foto-Redes-Sociais.png?resize=315%2C503&#038;ssl=1\" alt=\"\" class=\"wp-image-92029\" srcset=\"https:\/\/i0.wp.com\/blogdoeloiltoncajuhy.com.br\/site\/wp-content\/uploads\/2025\/12\/Fundador-de-fabrica-de-biscoitos-morre-em-batida-na-BR-101-%E2%80%94-Foto-Redes-Sociais.png?w=315&amp;ssl=1 315w, https:\/\/i0.wp.com\/blogdoeloiltoncajuhy.com.br\/site\/wp-content\/uploads\/2025\/12\/Fundador-de-fabrica-de-biscoitos-morre-em-batida-na-BR-101-%E2%80%94-Foto-Redes-Sociais.png?resize=188%2C300&amp;ssl=1 188w\" sizes=\"(max-width: 315px) 100vw, 315px\" \/><\/a><figcaption class=\"wp-element-caption\"><sub>Fundador de f\u00e1brica de biscoitos morre em batida na BR-101 \u2014 Foto: Redes Sociais<\/sub><\/figcaption><\/figure>\n\n\n\n<p>O empres\u00e1rio Honorato da Silva, fundador da marca de biscoitos Kigoma, morreu na manh\u00e3 desta segunda-feira (8), ap\u00f3s uma batida envolvendo uma kombi, um caminh\u00e3o e dois carros na BR-101, no trecho entre os munic\u00edpios de Concei\u00e7\u00e3o do Almeida e Dom Macedo Costa, no interior da Bahia.<\/p>\n\n\n\n<p>Segundo apura\u00e7\u00e3o da <strong>TV Suba\u00e9<\/strong>, Honorato, conhecido como Noratinho, seguia para Feira de Santana conduzindo a kombi quando colidiu com os outros ve\u00edculos. Ainda n\u00e3o h\u00e1 informa\u00e7\u00f5es sobre as causas do acidente.<\/p>\n\n\n\n<p><strong><a href=\"https:\/\/whatsapp.com\/channel\/0029VaAT7tDLI8Yfj5y9Z50Z\" target=\"_blank\" rel=\"noreferrer noopener\"><mark style=\"background-color:rgba(0, 0, 0, 0)\" class=\"has-inline-color has-luminous-vivid-orange-color\">>> Clique aqui e entre no canal do BEC no WhatsApp<\/mark><\/a><\/strong><\/p>\n\n\n\n<p>A Pol\u00edcia Rodovi\u00e1ria Federal (PRF) informou que duas outras pessoas que estavam em ve\u00edculos envolvidos na colis\u00e3o ficaram feridas e foram levadas para uma unidade de sa\u00fade. N\u00e3o h\u00e1 detalhes sobre o estado de sa\u00fade delas.<\/p>\n\n\n\n<figure class=\"wp-block-image aligncenter size-full is-resized\"><a href=\"https:\/\/i0.wp.com\/blogdoeloiltoncajuhy.com.br\/site\/wp-content\/uploads\/2025\/12\/Acidente-entre-quatro-veiculos-deixou-uma-pessoa-morta-na-BR-101-%E2%80%94-Foto-Redes-Sociais.png?ssl=1\"><img data-recalc-dims=\"1\" decoding=\"async\" width=\"800\" height=\"502\" src=\"https:\/\/i0.wp.com\/blogdoeloiltoncajuhy.com.br\/site\/wp-content\/uploads\/2025\/12\/Acidente-entre-quatro-veiculos-deixou-uma-pessoa-morta-na-BR-101-%E2%80%94-Foto-Redes-Sociais.png?resize=800%2C502&#038;ssl=1\" alt=\"\" class=\"wp-image-92030\" style=\"aspect-ratio:1.594618163697521;width:695px;height:auto\" srcset=\"https:\/\/i0.wp.com\/blogdoeloiltoncajuhy.com.br\/site\/wp-content\/uploads\/2025\/12\/Acidente-entre-quatro-veiculos-deixou-uma-pessoa-morta-na-BR-101-%E2%80%94-Foto-Redes-Sociais.png?w=818&amp;ssl=1 818w, https:\/\/i0.wp.com\/blogdoeloiltoncajuhy.com.br\/site\/wp-content\/uploads\/2025\/12\/Acidente-entre-quatro-veiculos-deixou-uma-pessoa-morta-na-BR-101-%E2%80%94-Foto-Redes-Sociais.png?resize=300%2C188&amp;ssl=1 300w, https:\/\/i0.wp.com\/blogdoeloiltoncajuhy.com.br\/site\/wp-content\/uploads\/2025\/12\/Acidente-entre-quatro-veiculos-deixou-uma-pessoa-morta-na-BR-101-%E2%80%94-Foto-Redes-Sociais.png?resize=768%2C482&amp;ssl=1 768w\" sizes=\"(max-width: 800px) 100vw, 800px\" \/><\/a><figcaption class=\"wp-element-caption\"><sub>Acidente entre quatro ve\u00edculos deixou uma pessoa morta na BR-101 \u2014 Foto: Redes Sociais<\/sub><\/figcaption><\/figure>\n\n\n\n<p>A marca lamentou o a morte do fundador e informou, atrav\u00e9s de nota, que ele \u201cparte deixando um legado de amor, car\u00e1ter e exemplo\u201d.<\/p>\n\n\n\n<p>A 1\u00aa Delegacia Territorial de Santo Ant\u00f4nio de Jesus registrou o caso. O corpo de Honorato foi encaminhado ao Departamento de Pol\u00edcia T\u00e9cnica (DPT) de Santo Ant\u00f4nio de Jesus para necropsia.<\/p>\n\n\n\n<p>A Pol\u00edcia Civil informou que realiza oitivas para esclarecer as circunst\u00e2ncias e eventuais responsabilidades pelo acidente.<\/p>\n\n\n\n<p class=\"has-black-color has-text-color has-link-color has-medium-font-size wp-elements-329e6f03399072fd14b71d1c106128b9\"><strong>Acidentes na regi\u00e3o<\/strong><\/p>\n\n\n\n<figure class=\"wp-block-image aligncenter size-full\"><a href=\"https:\/\/i0.wp.com\/blogdoeloiltoncajuhy.com.br\/site\/wp-content\/uploads\/2025\/12\/Homem-de-35-anos-morreu-apos-cair-da-motocicleta-em-Retirolandia-%E2%80%94-Foto-Redes-Sociais.png?ssl=1\"><img data-recalc-dims=\"1\" decoding=\"async\" width=\"331\" height=\"504\" src=\"https:\/\/i0.wp.com\/blogdoeloiltoncajuhy.com.br\/site\/wp-content\/uploads\/2025\/12\/Homem-de-35-anos-morreu-apos-cair-da-motocicleta-em-Retirolandia-%E2%80%94-Foto-Redes-Sociais.png?resize=331%2C504&#038;ssl=1\" alt=\"\" class=\"wp-image-92031\" srcset=\"https:\/\/i0.wp.com\/blogdoeloiltoncajuhy.com.br\/site\/wp-content\/uploads\/2025\/12\/Homem-de-35-anos-morreu-apos-cair-da-motocicleta-em-Retirolandia-%E2%80%94-Foto-Redes-Sociais.png?w=331&amp;ssl=1 331w, https:\/\/i0.wp.com\/blogdoeloiltoncajuhy.com.br\/site\/wp-content\/uploads\/2025\/12\/Homem-de-35-anos-morreu-apos-cair-da-motocicleta-em-Retirolandia-%E2%80%94-Foto-Redes-Sociais.png?resize=197%2C300&amp;ssl=1 197w\" sizes=\"(max-width: 331px) 100vw, 331px\" \/><\/a><figcaption class=\"wp-element-caption\"><sub>Homem de 35 anos morreu ap\u00f3s cair da motocicleta em Retirol\u00e2ndia \u2014 Foto: Redes Sociais<\/sub><\/figcaption><\/figure>\n\n\n\n<p>Dois acidentes envolvendo motocicletas deixaram dois homens mortos no domingo (7) em munic\u00edpios do interior da Bahia. As ocorr\u00eancias foram registradas nas cidades de Retirol\u00e2ndia e Concei\u00e7\u00e3o do Coit\u00e9.<\/p>\n\n\n\n<p>O primeiro caso aconteceu pela manh\u00e3, por volta das 11h30, na BA-412, zona rural de Retirol\u00e2ndia. Jo\u00e3o Ricardo Oliveira Cruz, de 35 anos, perdeu o controle da motocicleta que pilotava e caiu ap\u00f3s passar direto em uma curva. Segundo familiares, ele passeava de moto no momento do acidente.<\/p>\n\n\n\n<p>O Servi\u00e7o de Atendimento M\u00f3vel de Urg\u00eancia (Samu) foi acionado e socorreu Jo\u00e3o Ricardo ainda com vida para uma unidade de sa\u00fade, mas ele n\u00e3o resistiu aos ferimentos.<\/p>\n\n\n\n<p>A Delegacia Territorial (DT) de Riach\u00e3o do Jacu\u00edpe registrou a ocorr\u00eancia. Jo\u00e3o Ricardo ser\u00e1 enterrado nesta segunda-feira (8), em um cemit\u00e9rio de Concei\u00e7\u00e3o do Coit\u00e9.<\/p>\n\n\n\n<figure class=\"wp-block-image aligncenter size-full is-resized\"><a href=\"https:\/\/i0.wp.com\/blogdoeloiltoncajuhy.com.br\/site\/wp-content\/uploads\/2025\/12\/Jovem-morre-apos-colidir-motocicleta-com-arvore-em-Conceicao-do-Coite-%E2%80%94-Foto-Brigada-Voluntaria-Anjos-da-Vida.png?ssl=1\"><img data-recalc-dims=\"1\" loading=\"lazy\" decoding=\"async\" width=\"800\" height=\"506\" src=\"https:\/\/i0.wp.com\/blogdoeloiltoncajuhy.com.br\/site\/wp-content\/uploads\/2025\/12\/Jovem-morre-apos-colidir-motocicleta-com-arvore-em-Conceicao-do-Coite-%E2%80%94-Foto-Brigada-Voluntaria-Anjos-da-Vida.png?resize=800%2C506&#038;ssl=1\" alt=\"\" class=\"wp-image-92032\" style=\"aspect-ratio:1.5802956881385228;width:683px;height:auto\" srcset=\"https:\/\/i0.wp.com\/blogdoeloiltoncajuhy.com.br\/site\/wp-content\/uploads\/2025\/12\/Jovem-morre-apos-colidir-motocicleta-com-arvore-em-Conceicao-do-Coite-%E2%80%94-Foto-Brigada-Voluntaria-Anjos-da-Vida.png?w=817&amp;ssl=1 817w, https:\/\/i0.wp.com\/blogdoeloiltoncajuhy.com.br\/site\/wp-content\/uploads\/2025\/12\/Jovem-morre-apos-colidir-motocicleta-com-arvore-em-Conceicao-do-Coite-%E2%80%94-Foto-Brigada-Voluntaria-Anjos-da-Vida.png?resize=300%2C190&amp;ssl=1 300w, https:\/\/i0.wp.com\/blogdoeloiltoncajuhy.com.br\/site\/wp-content\/uploads\/2025\/12\/Jovem-morre-apos-colidir-motocicleta-com-arvore-em-Conceicao-do-Coite-%E2%80%94-Foto-Brigada-Voluntaria-Anjos-da-Vida.png?resize=768%2C486&amp;ssl=1 768w\" sizes=\"(max-width: 800px) 100vw, 800px\" \/><\/a><figcaption class=\"wp-element-caption\"><sub>Jovem morreu ap\u00f3s colidir motocicleta com \u00e1rvore em Concei\u00e7\u00e3o do Coit\u00e9 \u2014 Foto: Brigada Volunt\u00e1ria Anjos da Vida<\/sub><\/figcaption><\/figure>\n\n\n\n<p>O segundo acidente ocorreu \u00e0 noite, na BA-411, zona rural de Concei\u00e7\u00e3o do Coit\u00e9. Diego Oliveira Germano, de 24 anos, seguia em dire\u00e7\u00e3o \u00e0 sede do munic\u00edpio quando perdeu o controle da motocicleta e colidiu contra uma \u00e1rvore.<\/p>\n\n\n\n<p>Equipes da Brigada Anjos da Vida foram acionadas, mas o jovem morreu no local. A motocicleta dele foi encontrada a cerca de dez metros do corpo.<\/p>\n\n\n\n<p>A Delegacia Territorial (DT) de Concei\u00e7\u00e3o do Coit\u00e9 informou que foram expedidas as guias para remo\u00e7\u00e3o e per\u00edcia.<\/p>\n\n\n\n<p>Diego ser\u00e1 sepultado tamb\u00e9m nesta segunda-feira (8), em Concei\u00e7\u00e3o do Coit\u00e9.<\/p>\n","protected":false},"excerpt":{"rendered":"<p>Acidente ocorreu na manh\u00e3 desta segunda-feira (8), na BR-101, trecho do munic\u00edpio de Concei\u00e7\u00e3o do Almeida Por g1 Feira de Santana e regi\u00e3o O empres\u00e1rio Honorato da Silva, fundador da marca de biscoitos Kigoma, morreu na manh\u00e3 desta segunda-feira (8), ap\u00f3s uma batida envolvendo uma kombi, um caminh\u00e3o e dois carros na BR-101, no trecho [&hellip;]<\/p>\n","protected":false},"author":2,"featured_media":92029,"comment_status":"open","ping_status":"open","sticky":false,"template":"","format":"standard","meta":{"_acf_changed":false,"_monsterinsights_skip_tracking":false,"_monsterinsights_sitenote_active":false,"_monsterinsights_sitenote_note":"","_monsterinsights_sitenote_category":0,"_jetpack_memberships_contains_paid_content":false,"footnotes":"","jetpack_publicize_message":"","jetpack_publicize_feature_enabled":true,"jetpack_social_post_already_shared":true,"jetpack_social_options":{"image_generator_settings":{"template":"highway","default_image_id":0,"font":"","enabled":false},"version":2}},"categories":[15],"tags":[],"class_list":["post-92028","post","type-post","status-publish","format-standard","has-post-thumbnail","hentry","category-policia"],"acf":[],"jetpack_publicize_connections":[],"jetpack_featured_media_url":"https:\/\/i0.wp.com\/blogdoeloiltoncajuhy.com.br\/site\/wp-content\/uploads\/2025\/12\/Fundador-de-fabrica-de-biscoitos-morre-em-batida-na-BR-101-%E2%80%94-Foto-Redes-Sociais.png?fit=315%2C503&ssl=1","jetpack_sharing_enabled":true,"publishpress_future_workflow_manual_trigger":{"enabledWorkflows":[]},"_links":{"self":[{"href":"https:\/\/blogdoeloiltoncajuhy.com.br\/site\/wp-json\/wp\/v2\/posts\/92028","targetHints":{"allow":["GET"]}}],"collection":[{"href":"https:\/\/blogdoeloiltoncajuhy.com.br\/site\/wp-json\/wp\/v2\/posts"}],"about":[{"href":"https:\/\/blogdoeloiltoncajuhy.com.br\/site\/wp-json\/wp\/v2\/types\/post"}],"author":[{"embeddable":true,"href":"https:\/\/blogdoeloiltoncajuhy.com.br\/site\/wp-json\/wp\/v2\/users\/2"}],"replies":[{"embeddable":true,"href":"https:\/\/blogdoeloiltoncajuhy.com.br\/site\/wp-json\/wp\/v2\/comments?post=92028"}],"version-history":[{"count":1,"href":"https:\/\/blogdoeloiltoncajuhy.com.br\/site\/wp-json\/wp\/v2\/posts\/92028\/revisions"}],"predecessor-version":[{"id":92033,"href":"https:\/\/blogdoeloiltoncajuhy.com.br\/site\/wp-json\/wp\/v2\/posts\/92028\/revisions\/92033"}],"wp:featuredmedia":[{"embeddable":true,"href":"https:\/\/blogdoeloiltoncajuhy.com.br\/site\/wp-json\/wp\/v2\/media\/92029"}],"wp:attachment":[{"href":"https:\/\/blogdoeloiltoncajuhy.com.br\/site\/wp-json\/wp\/v2\/media?parent=92028"}],"wp:term":[{"taxonomy":"category","embeddable":true,"href":"https:\/\/blogdoeloiltoncajuhy.com.br\/site\/wp-json\/wp\/v2\/categories?post=92028"},{"taxonomy":"post_tag","embeddable":true,"href":"https:\/\/blogdoeloiltoncajuhy.com.br\/site\/wp-json\/wp\/v2\/tags?post=92028"}],"curies":[{"name":"wp","href":"https:\/\/api.w.org\/{rel}","templated":true}]}}