{"id":92025,"date":"2025-12-08T09:18:09","date_gmt":"2025-12-08T12:18:09","guid":{"rendered":"https:\/\/blogdoeloiltoncajuhy.com.br\/site\/?p=92025"},"modified":"2025-12-08T09:18:11","modified_gmt":"2025-12-08T12:18:11","slug":"deputado-bobo-entrega-55-novas-barracas-padronizadas-a-feirantes-de-senhor-do-bonfim","status":"publish","type":"post","link":"https:\/\/blogdoeloiltoncajuhy.com.br\/site\/deputado-bobo-entrega-55-novas-barracas-padronizadas-a-feirantes-de-senhor-do-bonfim\/","title":{"rendered":"Deputado Bob\u00f4 entrega 55 novas barracas padronizadas a feirantes de Senhor do Bonfim"},"content":{"rendered":"\n<p><strong>Blog do Eloilton Cajuhy &#8211; BEC<\/strong><\/p>\n\n\n\n<figure class=\"wp-block-image aligncenter size-full\"><a href=\"https:\/\/i0.wp.com\/blogdoeloiltoncajuhy.com.br\/site\/wp-content\/uploads\/2025\/12\/Bobo-Feira-2025-12-08.jpeg?ssl=1\"><img data-recalc-dims=\"1\" fetchpriority=\"high\" decoding=\"async\" width=\"768\" height=\"432\" src=\"https:\/\/i0.wp.com\/blogdoeloiltoncajuhy.com.br\/site\/wp-content\/uploads\/2025\/12\/Bobo-Feira-2025-12-08.jpeg?resize=768%2C432&#038;ssl=1\" alt=\"\" class=\"wp-image-92026\" srcset=\"https:\/\/i0.wp.com\/blogdoeloiltoncajuhy.com.br\/site\/wp-content\/uploads\/2025\/12\/Bobo-Feira-2025-12-08.jpeg?w=768&amp;ssl=1 768w, https:\/\/i0.wp.com\/blogdoeloiltoncajuhy.com.br\/site\/wp-content\/uploads\/2025\/12\/Bobo-Feira-2025-12-08.jpeg?resize=300%2C169&amp;ssl=1 300w\" sizes=\"(max-width: 768px) 100vw, 768px\" \/><\/a><figcaption class=\"wp-element-caption\"><sub>Foto: Ascom deputado Bob\u00f4<\/sub><\/figcaption><\/figure>\n\n\n\n<p>O deputado estadual Bob\u00f4 cumpriu agenda em Senhor do Bonfim no \u00faltimo s\u00e1bado (06), quando visitou a feira-livre do munic\u00edpio e realizou a entrega de 55 barracas padronizadas aos membros da Associa\u00e7\u00e3o de Vendedores Ambulantes e Feira Livre de Senhor do Bonfim (Avafli). Os novos equipamentos foram obtidos em parceria com o deputado federal Daniel Almeida, por meio do Governo do Estado, atrav\u00e9s da Companhia de A\u00e7\u00e3o e Desenvolvimento Regional (CAR).<\/p>\n\n\n\n<p>De acordo com o presidente da Avafli, Jorge do Nascimento, as novas estruturas representam um avan\u00e7o significativo para a organiza\u00e7\u00e3o da feira. Ele destacou que as barracas v\u00e3o melhorar a higieniza\u00e7\u00e3o dos produtos, qualificar o atendimento ao p\u00fablico e, consequentemente, impulsionar as vendas dos comerciantes.<\/p>\n\n\n\n<p><strong><a href=\"https:\/\/whatsapp.com\/channel\/0029VaAT7tDLI8Yfj5y9Z50Z\" target=\"_blank\" rel=\"noreferrer noopener\"><mark style=\"background-color:rgba(0, 0, 0, 0)\" class=\"has-inline-color has-luminous-vivid-orange-color\">>> Clique aqui e entre no canal do BEC no WhatsApp<\/mark><\/a><\/strong><\/p>\n\n\n\n<p>\u201cAproveito para agradecer aos deputados Bob\u00f4 e Daniel Almeida pelo apoio e compromisso n\u00e3o apenas com os feirantes, mas com toda a popula\u00e7\u00e3o, por meio de in\u00fameras a\u00e7\u00f5es e obras que v\u00eam melhorando a vida de cada bonfinense. Vale lembrar que o deputado Bob\u00f4 j\u00e1 havia destinado emendas para o mercado municipal, para o mercado popular e tamb\u00e9m para a nossa feira\u201d, afirmou Jorge.<\/p>\n\n\n\n<p>Durante a entrega, o deputado Bob\u00f4 ressaltou a satisfa\u00e7\u00e3o de contribuir novamente com sua terra natal. \u201cEstou muito feliz por estar aqui em Senhor do Bonfim realizando a entrega dessas 55 barracas padronizadas. Em breve, faremos a entrega de mais 45 unidades, que, com toda certeza, ir\u00e3o melhorar ainda mais o servi\u00e7o prestado \u00e0 popula\u00e7\u00e3o, oferecendo mais estrutura, higiene e dignidade aos feirantes que comercializam seus produtos na feira-livre\u201d, destacou.<\/p>\n\n\n\n<p>O evento contou com a presen\u00e7a do vereador Jeorge Catatau, da ex-vereadora L\u00facia Cerqueira, do diretor da Faceb, Nelson Pinheiro, al\u00e9m de outras lideran\u00e7as locais.<\/p>\n","protected":false},"excerpt":{"rendered":"<p>Blog do Eloilton Cajuhy &#8211; BEC O deputado estadual Bob\u00f4 cumpriu agenda em Senhor do Bonfim no \u00faltimo s\u00e1bado (06), quando visitou a feira-livre do munic\u00edpio e realizou a entrega de 55 barracas padronizadas aos membros da Associa\u00e7\u00e3o de Vendedores Ambulantes e Feira Livre de Senhor do Bonfim (Avafli). Os novos equipamentos foram obtidos em [&hellip;]<\/p>\n","protected":false},"author":2,"featured_media":92026,"comment_status":"open","ping_status":"open","sticky":false,"template":"","format":"standard","meta":{"_acf_changed":false,"_monsterinsights_skip_tracking":false,"_monsterinsights_sitenote_active":false,"_monsterinsights_sitenote_note":"","_monsterinsights_sitenote_category":0,"_jetpack_memberships_contains_paid_content":false,"footnotes":"","jetpack_publicize_message":"","jetpack_publicize_feature_enabled":true,"jetpack_social_post_already_shared":false,"jetpack_social_options":{"image_generator_settings":{"template":"highway","default_image_id":0,"font":"","enabled":false},"version":2}},"categories":[4],"tags":[],"class_list":["post-92025","post","type-post","status-publish","format-standard","has-post-thumbnail","hentry","category-local"],"acf":[],"jetpack_publicize_connections":[],"jetpack_featured_media_url":"https:\/\/i0.wp.com\/blogdoeloiltoncajuhy.com.br\/site\/wp-content\/uploads\/2025\/12\/Bobo-Feira-2025-12-08.jpeg?fit=768%2C432&ssl=1","jetpack_sharing_enabled":true,"publishpress_future_workflow_manual_trigger":{"enabledWorkflows":[]},"_links":{"self":[{"href":"https:\/\/blogdoeloiltoncajuhy.com.br\/site\/wp-json\/wp\/v2\/posts\/92025","targetHints":{"allow":["GET"]}}],"collection":[{"href":"https:\/\/blogdoeloiltoncajuhy.com.br\/site\/wp-json\/wp\/v2\/posts"}],"about":[{"href":"https:\/\/blogdoeloiltoncajuhy.com.br\/site\/wp-json\/wp\/v2\/types\/post"}],"author":[{"embeddable":true,"href":"https:\/\/blogdoeloiltoncajuhy.com.br\/site\/wp-json\/wp\/v2\/users\/2"}],"replies":[{"embeddable":true,"href":"https:\/\/blogdoeloiltoncajuhy.com.br\/site\/wp-json\/wp\/v2\/comments?post=92025"}],"version-history":[{"count":1,"href":"https:\/\/blogdoeloiltoncajuhy.com.br\/site\/wp-json\/wp\/v2\/posts\/92025\/revisions"}],"predecessor-version":[{"id":92027,"href":"https:\/\/blogdoeloiltoncajuhy.com.br\/site\/wp-json\/wp\/v2\/posts\/92025\/revisions\/92027"}],"wp:featuredmedia":[{"embeddable":true,"href":"https:\/\/blogdoeloiltoncajuhy.com.br\/site\/wp-json\/wp\/v2\/media\/92026"}],"wp:attachment":[{"href":"https:\/\/blogdoeloiltoncajuhy.com.br\/site\/wp-json\/wp\/v2\/media?parent=92025"}],"wp:term":[{"taxonomy":"category","embeddable":true,"href":"https:\/\/blogdoeloiltoncajuhy.com.br\/site\/wp-json\/wp\/v2\/categories?post=92025"},{"taxonomy":"post_tag","embeddable":true,"href":"https:\/\/blogdoeloiltoncajuhy.com.br\/site\/wp-json\/wp\/v2\/tags?post=92025"}],"curies":[{"name":"wp","href":"https:\/\/api.w.org\/{rel}","templated":true}]}}