{"id":92016,"date":"2025-12-07T19:44:42","date_gmt":"2025-12-07T22:44:42","guid":{"rendered":"https:\/\/blogdoeloiltoncajuhy.com.br\/site\/?p=92016"},"modified":"2025-12-07T19:44:44","modified_gmt":"2025-12-07T22:44:44","slug":"cantor-mauri-irmao-de-chitaozinho-e-xororo-morre-em-acidente","status":"publish","type":"post","link":"https:\/\/blogdoeloiltoncajuhy.com.br\/site\/cantor-mauri-irmao-de-chitaozinho-e-xororo-morre-em-acidente\/","title":{"rendered":"Cantor Mauri, irm\u00e3o de Chit\u00e3ozinho e Xoror\u00f3, morre em acidente"},"content":{"rendered":"\n<p class=\"has-medium-font-size\"><strong>Mauri fazia dupla com o irm\u00e3o Maur\u00edcio h\u00e1 35 anos. Acidente ocorreu na Rodovia R\u00e9gis Bittencourt (BR-116)<\/strong><\/p>\n\n\n\n<p><strong>Por Paola Patriarca, Maur\u00edcio Ferraz, Arthur Menicucci, Marcello Carvalho, g1 Campinas e Regi\u00e3o<\/strong><\/p>\n\n\n\n<figure class=\"wp-block-image aligncenter size-full\"><a href=\"https:\/\/i0.wp.com\/blogdoeloiltoncajuhy.com.br\/site\/wp-content\/uploads\/2025\/12\/Mauricio-e-Mauri-%E2%80%94-Foto-Reproducao-Instagram.png?ssl=1\"><img data-recalc-dims=\"1\" fetchpriority=\"high\" decoding=\"async\" width=\"725\" height=\"768\" src=\"https:\/\/i0.wp.com\/blogdoeloiltoncajuhy.com.br\/site\/wp-content\/uploads\/2025\/12\/Mauricio-e-Mauri-%E2%80%94-Foto-Reproducao-Instagram.png?resize=725%2C768&#038;ssl=1\" alt=\"\" class=\"wp-image-92017\" srcset=\"https:\/\/i0.wp.com\/blogdoeloiltoncajuhy.com.br\/site\/wp-content\/uploads\/2025\/12\/Mauricio-e-Mauri-%E2%80%94-Foto-Reproducao-Instagram.png?w=725&amp;ssl=1 725w, https:\/\/i0.wp.com\/blogdoeloiltoncajuhy.com.br\/site\/wp-content\/uploads\/2025\/12\/Mauricio-e-Mauri-%E2%80%94-Foto-Reproducao-Instagram.png?resize=283%2C300&amp;ssl=1 283w\" sizes=\"(max-width: 725px) 100vw, 725px\" \/><\/a><figcaption class=\"wp-element-caption\"><sub>Mauri (\u00e0 direita), irm\u00e3o de Chit\u00e3ozinho e Xoror\u00f3, morreu neste domingo \u2014 Foto: Reprodu\u00e7\u00e3o\/Instagram<\/sub><\/figcaption><\/figure>\n\n\n\n<p>O cantor <strong><mark style=\"background-color:rgba(0, 0, 0, 0)\" class=\"has-inline-color has-black-color\">Amauri Prud\u00eancio de Lima<\/mark><\/strong>, o <strong><mark style=\"background-color:rgba(0, 0, 0, 0)\" class=\"has-inline-color has-black-color\">Mauri, irm\u00e3o de Chit\u00e3ozinho e Xoror\u00f3<\/mark><\/strong>, morreu neste domingo (7) em um acidente na Rodovia R\u00e9gis Bittencourt (BR-116), em Miracatu (SP). Ele fazia dupla h\u00e1 35 anos com <strong><mark style=\"background-color:rgba(0, 0, 0, 0)\" class=\"has-inline-color has-black-color\">Maur\u00edcio<\/mark><\/strong>, que tamb\u00e9m \u00e9 irm\u00e3o de Chit\u00e3ozinho e Xoror\u00f3.<\/p>\n\n\n\n<p>O acidente ocorreu no km 373 sentido S\u00e3o Paulo da rodovia. Al\u00e9m dele, um integrante da equipe, n\u00e3o identificado at\u00e9 esta publica\u00e7\u00e3o, tamb\u00e9m morreu no acidente.<\/p>\n\n\n\n<p>Mauri tinha 55 anos e nasceu em Mau\u00e1, na Regi\u00e3o Metropolitana de S\u00e3o Paulo. Ele morava atualmente em Indaiatuba, na regi\u00e3o de Campinas.<\/p>\n\n\n\n<p>J\u00e1 Maur\u00edcio est\u00e1 bem fisicamente, segundo a assessoria de Chit\u00e3ozinho e Xoror\u00f3.<\/p>\n\n\n\n<blockquote class=\"wp-block-quote is-layout-flow wp-block-quote-is-layout-flow\">\n<p><strong><mark style=\"background-color:rgba(0, 0, 0, 0)\" class=\"has-inline-color has-black-color\">&#8220;O fato \u00e9 muito recente e as informa\u00e7\u00f5es ainda est\u00e3o sendo apuradas e consolidadas, mas informamos que Maur\u00edcio est\u00e1 fisicamente bem e sendo assistido. A fam\u00edlia agradece o carinho e o entendimento de todos em se reservarem neste momento de profunda dor&#8221;, informou a dupla.<\/mark><\/strong><\/p>\n<\/blockquote>\n\n\n\n<p>A dupla se apresentou no s\u00e1bado (7) em um evento fechado em Curitiba (PR). A informa\u00e7\u00e3o \u00e9 de que o acidente ocorreu quando Mauri e Maur\u00edcio voltavam para Indaiatuba.<\/p>\n\n\n\n<p class=\"has-black-color has-text-color has-link-color has-medium-font-size wp-elements-795e7bbfecbb70cf08d90dec0a53d1e4\"><strong>Carreira<\/strong><\/p>\n\n\n\n<figure class=\"wp-block-image aligncenter size-full\"><a href=\"https:\/\/i0.wp.com\/blogdoeloiltoncajuhy.com.br\/site\/wp-content\/uploads\/2025\/12\/Mauri-em-selfie-ao-lado-do-irmao-Mauricio-%E2%80%94-Foto-Instagram-Reproducao.jpg?ssl=1\"><img data-recalc-dims=\"1\" decoding=\"async\" width=\"800\" height=\"432\" src=\"https:\/\/i0.wp.com\/blogdoeloiltoncajuhy.com.br\/site\/wp-content\/uploads\/2025\/12\/Mauri-em-selfie-ao-lado-do-irmao-Mauricio-%E2%80%94-Foto-Instagram-Reproducao.jpg?resize=800%2C432&#038;ssl=1\" alt=\"\" class=\"wp-image-92018\" srcset=\"https:\/\/i0.wp.com\/blogdoeloiltoncajuhy.com.br\/site\/wp-content\/uploads\/2025\/12\/Mauri-em-selfie-ao-lado-do-irmao-Mauricio-%E2%80%94-Foto-Instagram-Reproducao.jpg?w=984&amp;ssl=1 984w, https:\/\/i0.wp.com\/blogdoeloiltoncajuhy.com.br\/site\/wp-content\/uploads\/2025\/12\/Mauri-em-selfie-ao-lado-do-irmao-Mauricio-%E2%80%94-Foto-Instagram-Reproducao.jpg?resize=300%2C162&amp;ssl=1 300w, https:\/\/i0.wp.com\/blogdoeloiltoncajuhy.com.br\/site\/wp-content\/uploads\/2025\/12\/Mauri-em-selfie-ao-lado-do-irmao-Mauricio-%E2%80%94-Foto-Instagram-Reproducao.jpg?resize=768%2C414&amp;ssl=1 768w\" sizes=\"(max-width: 800px) 100vw, 800px\" \/><\/a><figcaption class=\"wp-element-caption\"><sub>Mauri em selfie no dia 27 de novembro e em foto ao lado do irm\u00e3o Mauricio, sua dupla sertaneja \u2014 Foto: Instagram \/ Reprodu\u00e7\u00e3o<\/sub><\/figcaption><\/figure>\n\n\n\n<p>Antes de se juntarem nos palcos, em 1990, Mauri trabalhava nos bastidores dos shows dos irm\u00e3os mais famosos e Maur\u00edcio era backing vocal da dupla.<\/p>\n\n\n\n<p>O perfil oficial da dupla no Instagram tem mais de 83,3 mil seguidores. O pessoal de Mauri, 34,6 mil.<\/p>\n\n\n\n<p>Casado com a apresentadora do SBT, Andrea Fabyanna, o \u00faltimo post do sertanejo foi uma homenagem para a mulher, que fez anivers\u00e1rio h\u00e1 tr\u00eas dias, no dia 4 de dezembro.<\/p>\n\n\n\n<p>H\u00e1 uma semana, Mauri postou uma selfie na academia e afirmou &#8220;estar cuidando da sa\u00fade&#8221;.<\/p>\n\n\n\n<p class=\"has-black-color has-text-color has-link-color has-medium-font-size wp-elements-f099f37120f3aa432b7c40f6d57a8c06\"><strong>Leia a nota completa<\/strong><\/p>\n\n\n\n<p><em>&#8220;\u00c9 com profunda tristeza e enorme pesar que comunicamos o falecimento de Mauri Lima, irm\u00e3o de Chit\u00e3ozinho e Xoror\u00f3, em um tr\u00e1gico acidente ocorrido na tarde deste domingo, 7 de dezembro. O fato \u00e9 muito recente e as informa\u00e7\u00f5es ainda est\u00e3o sendo apuradas e consolidadas, mas informamos que Maur\u00edcio est\u00e1 fisicamente bem e sendo assistido. A fam\u00edlia agradece o carinho e o entendimento de todos em se reservarem neste momento de profunda dor&#8221;.<\/em><\/p>\n","protected":false},"excerpt":{"rendered":"<p>Mauri fazia dupla com o irm\u00e3o Maur\u00edcio h\u00e1 35 anos. Acidente ocorreu na Rodovia R\u00e9gis Bittencourt (BR-116) Por Paola Patriarca, Maur\u00edcio Ferraz, Arthur Menicucci, Marcello Carvalho, g1 Campinas e Regi\u00e3o O cantor Amauri Prud\u00eancio de Lima, o Mauri, irm\u00e3o de Chit\u00e3ozinho e Xoror\u00f3, morreu neste domingo (7) em um acidente na Rodovia R\u00e9gis Bittencourt (BR-116), [&hellip;]<\/p>\n","protected":false},"author":2,"featured_media":92019,"comment_status":"open","ping_status":"open","sticky":false,"template":"","format":"standard","meta":{"_acf_changed":false,"_monsterinsights_skip_tracking":false,"_monsterinsights_sitenote_active":false,"_monsterinsights_sitenote_note":"","_monsterinsights_sitenote_category":0,"_jetpack_memberships_contains_paid_content":false,"footnotes":"","jetpack_publicize_message":"","jetpack_publicize_feature_enabled":true,"jetpack_social_post_already_shared":true,"jetpack_social_options":{"image_generator_settings":{"template":"highway","default_image_id":0,"font":"","enabled":false},"version":2}},"categories":[8],"tags":[],"class_list":["post-92016","post","type-post","status-publish","format-standard","has-post-thumbnail","hentry","category-cultura"],"acf":[],"jetpack_publicize_connections":[],"jetpack_featured_media_url":"https:\/\/i0.wp.com\/blogdoeloiltoncajuhy.com.br\/site\/wp-content\/uploads\/2025\/12\/Mauri-Reproducao-Instagram.png?fit=597%2C651&ssl=1","jetpack_sharing_enabled":true,"publishpress_future_workflow_manual_trigger":{"enabledWorkflows":[]},"_links":{"self":[{"href":"https:\/\/blogdoeloiltoncajuhy.com.br\/site\/wp-json\/wp\/v2\/posts\/92016","targetHints":{"allow":["GET"]}}],"collection":[{"href":"https:\/\/blogdoeloiltoncajuhy.com.br\/site\/wp-json\/wp\/v2\/posts"}],"about":[{"href":"https:\/\/blogdoeloiltoncajuhy.com.br\/site\/wp-json\/wp\/v2\/types\/post"}],"author":[{"embeddable":true,"href":"https:\/\/blogdoeloiltoncajuhy.com.br\/site\/wp-json\/wp\/v2\/users\/2"}],"replies":[{"embeddable":true,"href":"https:\/\/blogdoeloiltoncajuhy.com.br\/site\/wp-json\/wp\/v2\/comments?post=92016"}],"version-history":[{"count":1,"href":"https:\/\/blogdoeloiltoncajuhy.com.br\/site\/wp-json\/wp\/v2\/posts\/92016\/revisions"}],"predecessor-version":[{"id":92020,"href":"https:\/\/blogdoeloiltoncajuhy.com.br\/site\/wp-json\/wp\/v2\/posts\/92016\/revisions\/92020"}],"wp:featuredmedia":[{"embeddable":true,"href":"https:\/\/blogdoeloiltoncajuhy.com.br\/site\/wp-json\/wp\/v2\/media\/92019"}],"wp:attachment":[{"href":"https:\/\/blogdoeloiltoncajuhy.com.br\/site\/wp-json\/wp\/v2\/media?parent=92016"}],"wp:term":[{"taxonomy":"category","embeddable":true,"href":"https:\/\/blogdoeloiltoncajuhy.com.br\/site\/wp-json\/wp\/v2\/categories?post=92016"},{"taxonomy":"post_tag","embeddable":true,"href":"https:\/\/blogdoeloiltoncajuhy.com.br\/site\/wp-json\/wp\/v2\/tags?post=92016"}],"curies":[{"name":"wp","href":"https:\/\/api.w.org\/{rel}","templated":true}]}}