{"id":91994,"date":"2025-12-05T17:48:03","date_gmt":"2025-12-05T20:48:03","guid":{"rendered":"https:\/\/blogdoeloiltoncajuhy.com.br\/site\/?p=91994"},"modified":"2025-12-05T17:48:05","modified_gmt":"2025-12-05T20:48:05","slug":"copa-do-mundo-2026-brasil-pega-marrocos-haiti-e-escocia","status":"publish","type":"post","link":"https:\/\/blogdoeloiltoncajuhy.com.br\/site\/copa-do-mundo-2026-brasil-pega-marrocos-haiti-e-escocia\/","title":{"rendered":"Copa do Mundo 2026: Brasil pega Marrocos, Haiti e Esc\u00f3cia"},"content":{"rendered":"\n<p class=\"has-medium-font-size\"><strong>Mundial ter\u00e1 48 participantes pela primeira vez<\/strong><\/p>\n\n\n\n<p><strong>Por ge<\/strong> \u2014 Washington<\/p>\n\n\n\n<figure class=\"wp-block-image aligncenter size-full\"><a href=\"https:\/\/i0.wp.com\/blogdoeloiltoncajuhy.com.br\/site\/wp-content\/uploads\/2025\/12\/Copa-do-Mundo-2026-Sorteio-051225-ge.jpg?ssl=1\"><img data-recalc-dims=\"1\" fetchpriority=\"high\" decoding=\"async\" width=\"797\" height=\"450\" src=\"https:\/\/i0.wp.com\/blogdoeloiltoncajuhy.com.br\/site\/wp-content\/uploads\/2025\/12\/Copa-do-Mundo-2026-Sorteio-051225-ge.jpg?resize=797%2C450&#038;ssl=1\" alt=\"\" class=\"wp-image-91995\" srcset=\"https:\/\/i0.wp.com\/blogdoeloiltoncajuhy.com.br\/site\/wp-content\/uploads\/2025\/12\/Copa-do-Mundo-2026-Sorteio-051225-ge.jpg?w=797&amp;ssl=1 797w, https:\/\/i0.wp.com\/blogdoeloiltoncajuhy.com.br\/site\/wp-content\/uploads\/2025\/12\/Copa-do-Mundo-2026-Sorteio-051225-ge.jpg?resize=300%2C169&amp;ssl=1 300w, https:\/\/i0.wp.com\/blogdoeloiltoncajuhy.com.br\/site\/wp-content\/uploads\/2025\/12\/Copa-do-Mundo-2026-Sorteio-051225-ge.jpg?resize=768%2C434&amp;ssl=1 768w\" sizes=\"(max-width: 797px) 100vw, 797px\" \/><\/a><figcaption class=\"wp-element-caption\"><sub>Reprodu\u00e7\u00e3o \/ ge<\/sub><\/figcaption><\/figure>\n\n\n\n<p>A Fifa sorteou nesta sexta-feira, em Washington, os 12 grupos da Copa do Mundo de 2026. O Brasil foi sorteado para o Grupo C e ter\u00e1 como advers\u00e1rios Marrocos, Haiti e Esc\u00f3cia. A estreia da Sele\u00e7\u00e3o ser\u00e1 diante dos marroquinos, no dia 13 de junho (s\u00e1bado). O duelo contra o Haiti ser\u00e1 no dia 19 (sexta-feira), e o confronto com a Esc\u00f3cia, no dia 24 (quarta-feira).<\/p>\n\n\n\n<p><strong><a href=\"https:\/\/whatsapp.com\/channel\/0029VaAT7tDLI8Yfj5y9Z50Z\" target=\"_blank\" rel=\"noreferrer noopener\"><mark style=\"background-color:rgba(0, 0, 0, 0)\" class=\"has-inline-color has-luminous-vivid-orange-color\">>> Clique aqui e entre no canal do BEC no WhatsApp<\/mark><\/a><\/strong><\/p>\n\n\n\n<p>Os jogos ser\u00e3o realizados em cidades do Leste dos Estados Unidos: as possibilidades s\u00e3o Atlanta, Boston, Miami, Nova York\/Nova Jersey e Filad\u00e9lfia. A tabela completa ser\u00e1 divulgada neste s\u00e1bado.<\/p>\n\n\n\n<p>A abertura da Copa ter\u00e1 o duelo entre M\u00e9xico e \u00c1frica do Sul, no dia 11 de junho, no Est\u00e1dio Azteca, na Cidade do M\u00e9xico &#8211; as mesmas sele\u00e7\u00f5es protagonizaram o primeiro jogo da Copa de 2010. A final ser\u00e1 no dia 19 de julho, no Est\u00e1dio MetLife, em New Jersey, cidade vizinha a Nova York.<\/p>\n\n\n\n<p>Se o Brasil avan\u00e7ar na primeira coloca\u00e7\u00e3o de seu grupo, enfrentar\u00e1 o segundo colocado do Grupo F, que tem Holanda, Jap\u00e3o, Tun\u00edsia e mais uma equipe a ser definida, vinda da repescagem europeia (Ucr\u00e2nia, Su\u00e9cia, Pol\u00f4nia ou Alb\u00e2nia).<\/p>\n\n\n\n<p>O Mundial, que ser\u00e1 realizado em tr\u00eas pa\u00edses &#8211; Estados Unidos, Canad\u00e1 e M\u00e9xico -, ter\u00e1 48 participantes pela primeira vez na hist\u00f3ria. Com isso, a primeira fase contar\u00e1 com 12 grupos de quatro sele\u00e7\u00f5es. Os dois primeiros colocados de cada chave garantem vaga no mata-mata, al\u00e9m dos oito melhores terceiros colocados.<\/p>\n\n\n\n<p>O sorteio desta sexta-feira foi realizado ainda sem a defini\u00e7\u00e3o de todos os participantes. Ao todo, 42 sele\u00e7\u00f5es j\u00e1 t\u00eam vagas garantidas. As outras seis ser\u00e3o definidas em mar\u00e7o, em duas repescagens: s\u00e3o 16 times disputando quatro vagas na Europa; e outras seis equipes de diferentes continentes duelando por duas vagas.<\/p>\n\n\n\n<figure class=\"wp-block-image aligncenter size-full\"><a href=\"https:\/\/i0.wp.com\/blogdoeloiltoncajuhy.com.br\/site\/wp-content\/uploads\/2025\/12\/Taca-da-Copa-do-Mundo-%E2%80%94-Foto-Reuters.jpg?ssl=1\"><img data-recalc-dims=\"1\" decoding=\"async\" width=\"800\" height=\"529\" src=\"https:\/\/i0.wp.com\/blogdoeloiltoncajuhy.com.br\/site\/wp-content\/uploads\/2025\/12\/Taca-da-Copa-do-Mundo-%E2%80%94-Foto-Reuters.jpg?resize=800%2C529&#038;ssl=1\" alt=\"\" class=\"wp-image-91996\" srcset=\"https:\/\/i0.wp.com\/blogdoeloiltoncajuhy.com.br\/site\/wp-content\/uploads\/2025\/12\/Taca-da-Copa-do-Mundo-%E2%80%94-Foto-Reuters.jpg?w=984&amp;ssl=1 984w, https:\/\/i0.wp.com\/blogdoeloiltoncajuhy.com.br\/site\/wp-content\/uploads\/2025\/12\/Taca-da-Copa-do-Mundo-%E2%80%94-Foto-Reuters.jpg?resize=300%2C198&amp;ssl=1 300w, https:\/\/i0.wp.com\/blogdoeloiltoncajuhy.com.br\/site\/wp-content\/uploads\/2025\/12\/Taca-da-Copa-do-Mundo-%E2%80%94-Foto-Reuters.jpg?resize=768%2C508&amp;ssl=1 768w\" sizes=\"(max-width: 800px) 100vw, 800px\" \/><\/a><figcaption class=\"wp-element-caption\"><sub>Ta\u00e7a da Copa do Mundo \u2014 Foto: Reuters<\/sub><\/figcaption><\/figure>\n","protected":false},"excerpt":{"rendered":"<p>Mundial ter\u00e1 48 participantes pela primeira vez Por ge \u2014 Washington A Fifa sorteou nesta sexta-feira, em Washington, os 12 grupos da Copa do Mundo de 2026. O Brasil foi sorteado para o Grupo C e ter\u00e1 como advers\u00e1rios Marrocos, Haiti e Esc\u00f3cia. A estreia da Sele\u00e7\u00e3o ser\u00e1 diante dos marroquinos, no dia 13 de [&hellip;]<\/p>\n","protected":false},"author":2,"featured_media":91996,"comment_status":"open","ping_status":"open","sticky":false,"template":"","format":"standard","meta":{"_acf_changed":false,"_monsterinsights_skip_tracking":false,"_monsterinsights_sitenote_active":false,"_monsterinsights_sitenote_note":"","_monsterinsights_sitenote_category":0,"_jetpack_memberships_contains_paid_content":false,"footnotes":"","jetpack_publicize_message":"","jetpack_publicize_feature_enabled":true,"jetpack_social_post_already_shared":true,"jetpack_social_options":{"image_generator_settings":{"template":"highway","default_image_id":0,"font":"","enabled":false},"version":2}},"categories":[6],"tags":[],"class_list":["post-91994","post","type-post","status-publish","format-standard","has-post-thumbnail","hentry","category-esportes"],"acf":[],"jetpack_publicize_connections":[],"jetpack_featured_media_url":"https:\/\/i0.wp.com\/blogdoeloiltoncajuhy.com.br\/site\/wp-content\/uploads\/2025\/12\/Taca-da-Copa-do-Mundo-%E2%80%94-Foto-Reuters.jpg?fit=984%2C651&ssl=1","jetpack_sharing_enabled":true,"publishpress_future_workflow_manual_trigger":{"enabledWorkflows":[]},"_links":{"self":[{"href":"https:\/\/blogdoeloiltoncajuhy.com.br\/site\/wp-json\/wp\/v2\/posts\/91994","targetHints":{"allow":["GET"]}}],"collection":[{"href":"https:\/\/blogdoeloiltoncajuhy.com.br\/site\/wp-json\/wp\/v2\/posts"}],"about":[{"href":"https:\/\/blogdoeloiltoncajuhy.com.br\/site\/wp-json\/wp\/v2\/types\/post"}],"author":[{"embeddable":true,"href":"https:\/\/blogdoeloiltoncajuhy.com.br\/site\/wp-json\/wp\/v2\/users\/2"}],"replies":[{"embeddable":true,"href":"https:\/\/blogdoeloiltoncajuhy.com.br\/site\/wp-json\/wp\/v2\/comments?post=91994"}],"version-history":[{"count":1,"href":"https:\/\/blogdoeloiltoncajuhy.com.br\/site\/wp-json\/wp\/v2\/posts\/91994\/revisions"}],"predecessor-version":[{"id":91997,"href":"https:\/\/blogdoeloiltoncajuhy.com.br\/site\/wp-json\/wp\/v2\/posts\/91994\/revisions\/91997"}],"wp:featuredmedia":[{"embeddable":true,"href":"https:\/\/blogdoeloiltoncajuhy.com.br\/site\/wp-json\/wp\/v2\/media\/91996"}],"wp:attachment":[{"href":"https:\/\/blogdoeloiltoncajuhy.com.br\/site\/wp-json\/wp\/v2\/media?parent=91994"}],"wp:term":[{"taxonomy":"category","embeddable":true,"href":"https:\/\/blogdoeloiltoncajuhy.com.br\/site\/wp-json\/wp\/v2\/categories?post=91994"},{"taxonomy":"post_tag","embeddable":true,"href":"https:\/\/blogdoeloiltoncajuhy.com.br\/site\/wp-json\/wp\/v2\/tags?post=91994"}],"curies":[{"name":"wp","href":"https:\/\/api.w.org\/{rel}","templated":true}]}}