{"id":91992,"date":"2025-12-05T17:35:05","date_gmt":"2025-12-05T20:35:05","guid":{"rendered":"https:\/\/blogdoeloiltoncajuhy.com.br\/site\/?p=91992"},"modified":"2025-12-05T17:35:07","modified_gmt":"2025-12-05T20:35:07","slug":"pagamento-de-gratificacao-de-estimulo-ao-aperfeicoamento-de-professores-e-coordenadores-pedagogicas-da-ba-e-aprovado","status":"publish","type":"post","link":"https:\/\/blogdoeloiltoncajuhy.com.br\/site\/pagamento-de-gratificacao-de-estimulo-ao-aperfeicoamento-de-professores-e-coordenadores-pedagogicas-da-ba-e-aprovado\/","title":{"rendered":"Pagamento de gratifica\u00e7\u00e3o de est\u00edmulo ao aperfei\u00e7oamento de professores e coordenadores pedag\u00f3gicas da BA \u00e9 aprovado"},"content":{"rendered":"\n<p class=\"has-medium-font-size\"><strong>Lista com os nomes dos beneficiados e as justificativas para o indeferimento dos pedidos pode ser conferida no Di\u00e1rio Oficial do Estado (DOE) desta sexta-feira (5)<\/strong><\/p>\n\n\n\n<p><strong>Por g1 BA<\/strong><\/p>\n\n\n\n<figure class=\"wp-block-image aligncenter size-full\"><a href=\"https:\/\/i0.wp.com\/blogdoeloiltoncajuhy.com.br\/site\/wp-content\/uploads\/2023\/01\/GOVBA_SalaAulaProfessores_Eloi-Correa.jpg\"><img data-recalc-dims=\"1\" fetchpriority=\"high\" decoding=\"async\" width=\"768\" height=\"512\" src=\"https:\/\/i0.wp.com\/blogdoeloiltoncajuhy.com.br\/site\/wp-content\/uploads\/2023\/01\/GOVBA_SalaAulaProfessores_Eloi-Correa.jpg?resize=768%2C512\" alt=\"\" class=\"wp-image-71783\" srcset=\"https:\/\/i0.wp.com\/blogdoeloiltoncajuhy.com.br\/site\/wp-content\/uploads\/2023\/01\/GOVBA_SalaAulaProfessores_Eloi-Correa.jpg?w=768&amp;ssl=1 768w, https:\/\/i0.wp.com\/blogdoeloiltoncajuhy.com.br\/site\/wp-content\/uploads\/2023\/01\/GOVBA_SalaAulaProfessores_Eloi-Correa.jpg?resize=300%2C200&amp;ssl=1 300w\" sizes=\"(max-width: 768px) 100vw, 768px\" \/><\/a><figcaption class=\"wp-element-caption\"><sub>Foto: Eloi Correa\/GOVBA<\/sub><\/figcaption><\/figure>\n\n\n\n<p>A Secretaria da Educa\u00e7\u00e3o da Bahia (SEC) aprovou, ap\u00f3s fim do prazo para an\u00e1lise de recursos, a concess\u00e3o da <strong><mark style=\"background-color:rgba(0, 0, 0, 0)\" class=\"has-inline-color has-black-color\">Gratifica\u00e7\u00e3o de Est\u00edmulo ao Aperfei\u00e7oamento Profissional e \u00e0 Melhoria do Ensino (Geapme)<\/mark><\/strong> para 2.375 <strong><mark style=\"background-color:rgba(0, 0, 0, 0)\" class=\"has-inline-color has-black-color\">professores e coordenadores pedag\u00f3gicos<\/mark><\/strong> integrantes do quadro do magist\u00e9rio p\u00fablico do ensino fundamental e m\u00e9dio, al\u00e9m da carreira ind\u00edgena.<\/p>\n\n\n\n<p>A lista com os nomes dos beneficiados e as justificativas para o indeferimento dos pedidos pode ser conferida no Di\u00e1rio Oficial do Estado (DOE) desta sexta-feira (5).<\/p>\n\n\n\n<p><strong><a href=\"https:\/\/whatsapp.com\/channel\/0029VaAT7tDLI8Yfj5y9Z50Z\" target=\"_blank\" rel=\"noreferrer noopener\"><mark style=\"background-color:rgba(0, 0, 0, 0)\" class=\"has-inline-color has-luminous-vivid-orange-color\">>> Clique aqui e entre no canal do BEC no WhatsApp<\/mark><\/a><\/strong><\/p>\n\n\n\n<p>Segundo o governo, esse n\u00famero representa um aumento de quase 146% em rela\u00e7\u00e3o aos pedidos deferidos em 2024 (966). O pagamento das novas gratifica\u00e7\u00f5es significa, ainda, um investimento anual de aproximadamente R$ 2,3 milh\u00f5es.<\/p>\n\n\n\n<p>A Geapme representa um acr\u00e9scimo entre 10 e 25% do sal\u00e1rio-base no contracheque dos profissionais beneficiados e foi criada para estimular os profissionais de educa\u00e7\u00e3o a continuarem estudando e se qualificando ao longo da carreira por meio de mestrados, doutorados ou cursos com o m\u00ednimo de 270 horas devidamente reconhecidos pelo Minist\u00e9rio da Educa\u00e7\u00e3o (MEC).<\/p>\n","protected":false},"excerpt":{"rendered":"<p>Lista com os nomes dos beneficiados e as justificativas para o indeferimento dos pedidos pode ser conferida no Di\u00e1rio Oficial do Estado (DOE) desta sexta-feira (5) Por g1 BA A Secretaria da Educa\u00e7\u00e3o da Bahia (SEC) aprovou, ap\u00f3s fim do prazo para an\u00e1lise de recursos, a concess\u00e3o da Gratifica\u00e7\u00e3o de Est\u00edmulo ao Aperfei\u00e7oamento Profissional e [&hellip;]<\/p>\n","protected":false},"author":2,"featured_media":71783,"comment_status":"open","ping_status":"open","sticky":false,"template":"","format":"standard","meta":{"_acf_changed":false,"_monsterinsights_skip_tracking":false,"_monsterinsights_sitenote_active":false,"_monsterinsights_sitenote_note":"","_monsterinsights_sitenote_category":0,"_jetpack_memberships_contains_paid_content":false,"footnotes":"","jetpack_publicize_message":"","jetpack_publicize_feature_enabled":true,"jetpack_social_post_already_shared":true,"jetpack_social_options":{"image_generator_settings":{"template":"highway","default_image_id":0,"font":"","enabled":false},"version":2}},"categories":[14],"tags":[],"class_list":["post-91992","post","type-post","status-publish","format-standard","has-post-thumbnail","hentry","category-educacao"],"acf":[],"jetpack_publicize_connections":[],"jetpack_featured_media_url":"https:\/\/i0.wp.com\/blogdoeloiltoncajuhy.com.br\/site\/wp-content\/uploads\/2023\/01\/GOVBA_SalaAulaProfessores_Eloi-Correa.jpg?fit=768%2C512&ssl=1","jetpack_sharing_enabled":true,"publishpress_future_workflow_manual_trigger":{"enabledWorkflows":[]},"_links":{"self":[{"href":"https:\/\/blogdoeloiltoncajuhy.com.br\/site\/wp-json\/wp\/v2\/posts\/91992","targetHints":{"allow":["GET"]}}],"collection":[{"href":"https:\/\/blogdoeloiltoncajuhy.com.br\/site\/wp-json\/wp\/v2\/posts"}],"about":[{"href":"https:\/\/blogdoeloiltoncajuhy.com.br\/site\/wp-json\/wp\/v2\/types\/post"}],"author":[{"embeddable":true,"href":"https:\/\/blogdoeloiltoncajuhy.com.br\/site\/wp-json\/wp\/v2\/users\/2"}],"replies":[{"embeddable":true,"href":"https:\/\/blogdoeloiltoncajuhy.com.br\/site\/wp-json\/wp\/v2\/comments?post=91992"}],"version-history":[{"count":1,"href":"https:\/\/blogdoeloiltoncajuhy.com.br\/site\/wp-json\/wp\/v2\/posts\/91992\/revisions"}],"predecessor-version":[{"id":91993,"href":"https:\/\/blogdoeloiltoncajuhy.com.br\/site\/wp-json\/wp\/v2\/posts\/91992\/revisions\/91993"}],"wp:featuredmedia":[{"embeddable":true,"href":"https:\/\/blogdoeloiltoncajuhy.com.br\/site\/wp-json\/wp\/v2\/media\/71783"}],"wp:attachment":[{"href":"https:\/\/blogdoeloiltoncajuhy.com.br\/site\/wp-json\/wp\/v2\/media?parent=91992"}],"wp:term":[{"taxonomy":"category","embeddable":true,"href":"https:\/\/blogdoeloiltoncajuhy.com.br\/site\/wp-json\/wp\/v2\/categories?post=91992"},{"taxonomy":"post_tag","embeddable":true,"href":"https:\/\/blogdoeloiltoncajuhy.com.br\/site\/wp-json\/wp\/v2\/tags?post=91992"}],"curies":[{"name":"wp","href":"https:\/\/api.w.org\/{rel}","templated":true}]}}