{"id":91989,"date":"2025-12-05T14:38:52","date_gmt":"2025-12-05T17:38:52","guid":{"rendered":"https:\/\/blogdoeloiltoncajuhy.com.br\/site\/?p=91989"},"modified":"2025-12-05T14:38:54","modified_gmt":"2025-12-05T17:38:54","slug":"vereador-de-jaguarari-e-mais-5-pessoas-sao-presas-na-ba-e-em-mg-durante-operacao-contra-grupo-que-movimentou-r-4-bi-com-trafico","status":"publish","type":"post","link":"https:\/\/blogdoeloiltoncajuhy.com.br\/site\/vereador-de-jaguarari-e-mais-5-pessoas-sao-presas-na-ba-e-em-mg-durante-operacao-contra-grupo-que-movimentou-r-4-bi-com-trafico\/","title":{"rendered":"Vereador de Jaguarari e mais 5 pessoas s\u00e3o presas na BA e em MG durante opera\u00e7\u00e3o contra grupo que movimentou R$ 4 bi com tr\u00e1fico"},"content":{"rendered":"\n<p class=\"has-medium-font-size\"><strong>\u201cAn\u00e1tema: Fase 2\u201d \u00e9 a continuidade da etapa iniciada em setembro, quando sete suspeitos de integrar uma organiza\u00e7\u00e3o criminosa comandada por F\u00e1bio Souza Santos, conhecido como \u201cGeleia\u201d, foram presos<\/strong><\/p>\n\n\n\n<p><strong>Por g1 BA<\/strong><\/p>\n\n\n\n<figure class=\"wp-block-image aligncenter size-full\"><a href=\"https:\/\/i0.wp.com\/blogdoeloiltoncajuhy.com.br\/site\/wp-content\/uploads\/2025\/12\/Anatema-Fase-2-e-a-continuidade-da-etapa-iniciada-em-setembro-%E2%80%94-Foto-Policia-Civil.png?ssl=1\"><img data-recalc-dims=\"1\" fetchpriority=\"high\" decoding=\"async\" width=\"800\" height=\"600\" src=\"https:\/\/i0.wp.com\/blogdoeloiltoncajuhy.com.br\/site\/wp-content\/uploads\/2025\/12\/Anatema-Fase-2-e-a-continuidade-da-etapa-iniciada-em-setembro-%E2%80%94-Foto-Policia-Civil.png?resize=800%2C600&#038;ssl=1\" alt=\"\" class=\"wp-image-91990\" srcset=\"https:\/\/i0.wp.com\/blogdoeloiltoncajuhy.com.br\/site\/wp-content\/uploads\/2025\/12\/Anatema-Fase-2-e-a-continuidade-da-etapa-iniciada-em-setembro-%E2%80%94-Foto-Policia-Civil.png?w=817&amp;ssl=1 817w, https:\/\/i0.wp.com\/blogdoeloiltoncajuhy.com.br\/site\/wp-content\/uploads\/2025\/12\/Anatema-Fase-2-e-a-continuidade-da-etapa-iniciada-em-setembro-%E2%80%94-Foto-Policia-Civil.png?resize=300%2C225&amp;ssl=1 300w, https:\/\/i0.wp.com\/blogdoeloiltoncajuhy.com.br\/site\/wp-content\/uploads\/2025\/12\/Anatema-Fase-2-e-a-continuidade-da-etapa-iniciada-em-setembro-%E2%80%94-Foto-Policia-Civil.png?resize=768%2C576&amp;ssl=1 768w\" sizes=\"(max-width: 800px) 100vw, 800px\" \/><\/a><figcaption class=\"wp-element-caption\"><sub>\u201cAn\u00e1tema: Fase 2\u201d \u00e9 a continuidade da etapa iniciada em setembro \u2014 Foto: Pol\u00edcia Civil<\/sub><\/figcaption><\/figure>\n\n\n\n<p>Seis pessoas, entre elas um vereador de Jaguarari, Bahia, foram presas na quinta-feira (4), durante a 2\u00aa fase de uma opera\u00e7\u00e3o que investiga um grupo criminoso que movimentou mais de R$ 4 bilh\u00f5es em cinco anos, com o tr\u00e1fico de drogas.<\/p>\n\n\n\n<p>Segundo informa\u00e7\u00f5es da Pol\u00edcia Civil, as pris\u00f5es aconteceram nos munic\u00edpios baianos de <strong>Santo Estev\u00e3o, Feira de Santana, Jaguarari e em Minas Gerais.<\/strong> Tamb\u00e9m foram cumpridos mandados de busca e apreens\u00e3o em <strong>Salvador, Lauro de Freitas, Sim\u00f5es Filho, e em munic\u00edpios do Paran\u00e1 e Santa Catarina.<\/strong><\/p>\n\n\n\n<p>Os mandados foram expedidos pela Vara dos Feitos Relativos a Delitos de Organiza\u00e7\u00e3o Criminosa de Salvador.<\/p>\n\n\n\n<p>A Opera\u00e7\u00e3o \u201cAn\u00e1tema: Fase 2\u201d \u00e9 a continuidade da etapa iniciada em setembro deste ano, quando sete suspeitos de integrar uma organiza\u00e7\u00e3o criminosa comandada por F\u00e1bio Souza Santos, conhecido como \u201cGeleia\u201d, foram presos.<\/p>\n\n\n\n<p><strong><a href=\"https:\/\/whatsapp.com\/channel\/0029VaAT7tDLI8Yfj5y9Z50Z\" target=\"_blank\" rel=\"noreferrer noopener\"><mark style=\"background-color:rgba(0, 0, 0, 0)\" class=\"has-inline-color has-luminous-vivid-orange-color\">>> Clique aqui e entre no canal do BEC no WhatsApp<\/mark><\/a><\/strong><\/p>\n\n\n\n<p>As investiga\u00e7\u00f5es apontaram que Geleia chefiava o n\u00facleo que movimentou mais de R$ 4 bilh\u00f5es em cinco anos, sobretudo por meio do tr\u00e1fico de drogas. Ele est\u00e1 foragido do sistema prisional desde 2023.<\/p>\n\n\n\n<p>A Pol\u00edcia Civil informou que o aprofundamento das an\u00e1lises financeiras, telem\u00e1ticas e patrimoniais fundamentou o avan\u00e7o da investiga\u00e7\u00e3o.<\/p>\n\n\n\n<p>A pol\u00edcia disse ainda que a opera\u00e7\u00e3o segue em andamento, com novas informa\u00e7\u00f5es a serem divulgadas conforme evolu\u00e7\u00e3o das dilig\u00eancias e autoriza\u00e7\u00e3o judicial.<\/p>\n","protected":false},"excerpt":{"rendered":"<p>\u201cAn\u00e1tema: Fase 2\u201d \u00e9 a continuidade da etapa iniciada em setembro, quando sete suspeitos de integrar uma organiza\u00e7\u00e3o criminosa comandada por F\u00e1bio Souza Santos, conhecido como \u201cGeleia\u201d, foram presos Por g1 BA Seis pessoas, entre elas um vereador de Jaguarari, Bahia, foram presas na quinta-feira (4), durante a 2\u00aa fase de uma opera\u00e7\u00e3o que investiga [&hellip;]<\/p>\n","protected":false},"author":2,"featured_media":91990,"comment_status":"open","ping_status":"open","sticky":false,"template":"","format":"standard","meta":{"_acf_changed":false,"_monsterinsights_skip_tracking":false,"_monsterinsights_sitenote_active":false,"_monsterinsights_sitenote_note":"","_monsterinsights_sitenote_category":0,"_jetpack_memberships_contains_paid_content":false,"footnotes":"","jetpack_publicize_message":"","jetpack_publicize_feature_enabled":true,"jetpack_social_post_already_shared":true,"jetpack_social_options":{"image_generator_settings":{"template":"highway","default_image_id":0,"font":"","enabled":false},"version":2}},"categories":[15],"tags":[],"class_list":["post-91989","post","type-post","status-publish","format-standard","has-post-thumbnail","hentry","category-policia"],"acf":[],"jetpack_publicize_connections":[],"jetpack_featured_media_url":"https:\/\/i0.wp.com\/blogdoeloiltoncajuhy.com.br\/site\/wp-content\/uploads\/2025\/12\/Anatema-Fase-2-e-a-continuidade-da-etapa-iniciada-em-setembro-%E2%80%94-Foto-Policia-Civil.png?fit=817%2C613&ssl=1","jetpack_sharing_enabled":true,"publishpress_future_workflow_manual_trigger":{"enabledWorkflows":[]},"_links":{"self":[{"href":"https:\/\/blogdoeloiltoncajuhy.com.br\/site\/wp-json\/wp\/v2\/posts\/91989","targetHints":{"allow":["GET"]}}],"collection":[{"href":"https:\/\/blogdoeloiltoncajuhy.com.br\/site\/wp-json\/wp\/v2\/posts"}],"about":[{"href":"https:\/\/blogdoeloiltoncajuhy.com.br\/site\/wp-json\/wp\/v2\/types\/post"}],"author":[{"embeddable":true,"href":"https:\/\/blogdoeloiltoncajuhy.com.br\/site\/wp-json\/wp\/v2\/users\/2"}],"replies":[{"embeddable":true,"href":"https:\/\/blogdoeloiltoncajuhy.com.br\/site\/wp-json\/wp\/v2\/comments?post=91989"}],"version-history":[{"count":1,"href":"https:\/\/blogdoeloiltoncajuhy.com.br\/site\/wp-json\/wp\/v2\/posts\/91989\/revisions"}],"predecessor-version":[{"id":91991,"href":"https:\/\/blogdoeloiltoncajuhy.com.br\/site\/wp-json\/wp\/v2\/posts\/91989\/revisions\/91991"}],"wp:featuredmedia":[{"embeddable":true,"href":"https:\/\/blogdoeloiltoncajuhy.com.br\/site\/wp-json\/wp\/v2\/media\/91990"}],"wp:attachment":[{"href":"https:\/\/blogdoeloiltoncajuhy.com.br\/site\/wp-json\/wp\/v2\/media?parent=91989"}],"wp:term":[{"taxonomy":"category","embeddable":true,"href":"https:\/\/blogdoeloiltoncajuhy.com.br\/site\/wp-json\/wp\/v2\/categories?post=91989"},{"taxonomy":"post_tag","embeddable":true,"href":"https:\/\/blogdoeloiltoncajuhy.com.br\/site\/wp-json\/wp\/v2\/tags?post=91989"}],"curies":[{"name":"wp","href":"https:\/\/api.w.org\/{rel}","templated":true}]}}