{"id":91987,"date":"2025-12-05T14:23:43","date_gmt":"2025-12-05T17:23:43","guid":{"rendered":"https:\/\/blogdoeloiltoncajuhy.com.br\/site\/?p=91987"},"modified":"2025-12-05T14:23:45","modified_gmt":"2025-12-05T17:23:45","slug":"financial-times-inclui-moraes-entre-as-25-pessoas-mais-influentes-do-ano-na-categoria-herois","status":"publish","type":"post","link":"https:\/\/blogdoeloiltoncajuhy.com.br\/site\/financial-times-inclui-moraes-entre-as-25-pessoas-mais-influentes-do-ano-na-categoria-herois\/","title":{"rendered":"&#8216;Financial Times&#8217; inclui Moraes entre as 25 pessoas mais influentes do ano, na categoria &#8216;her\u00f3is&#8217;"},"content":{"rendered":"\n<p class=\"has-medium-font-size\"><strong>Jornal brit\u00e2nico divulgou lista nesta sexta-feira (5)<\/strong><\/p>\n\n\n\n<p><strong>Por g1<\/strong> \u2014 Bras\u00edlia<\/p>\n\n\n\n<figure class=\"wp-block-image aligncenter size-full\"><a href=\"https:\/\/i0.wp.com\/blogdoeloiltoncajuhy.com.br\/site\/wp-content\/uploads\/2022\/08\/TSE_Ministro-Presidente-Alexandre-Moraes.jpg\"><img data-recalc-dims=\"1\" fetchpriority=\"high\" decoding=\"async\" width=\"710\" height=\"473\" src=\"https:\/\/i0.wp.com\/blogdoeloiltoncajuhy.com.br\/site\/wp-content\/uploads\/2022\/08\/TSE_Ministro-Presidente-Alexandre-Moraes.jpg?resize=710%2C473\" alt=\"\" class=\"wp-image-67832\" srcset=\"https:\/\/i0.wp.com\/blogdoeloiltoncajuhy.com.br\/site\/wp-content\/uploads\/2022\/08\/TSE_Ministro-Presidente-Alexandre-Moraes.jpg?w=710&amp;ssl=1 710w, https:\/\/i0.wp.com\/blogdoeloiltoncajuhy.com.br\/site\/wp-content\/uploads\/2022\/08\/TSE_Ministro-Presidente-Alexandre-Moraes.jpg?resize=300%2C200&amp;ssl=1 300w\" sizes=\"(max-width: 710px) 100vw, 710px\" \/><\/a><figcaption class=\"wp-element-caption\"><sub>Foto: TSE<\/sub><\/figcaption><\/figure>\n\n\n\n<p>O jornal brit\u00e2nico &#8220;Financial Times&#8221; incluiu o ministro Alexandre de Moraes, do Supremo Tribunal Federal (STF), na lista das 25 pessoas mais influentes do ano, divulgada nesta sexta-feira (5). Ele \u00e9 o \u00fanico brasileiro da lista deste ano.<\/p>\n\n\n\n<p>Moraes aparece na categoria &#8220;her\u00f3is&#8221;, ao lado de outros seis nomes, como o da atriz e ativista norte-americana Jane Fonda e o da escritora canadense Margaret Atwood.<\/p>\n\n\n\n<p>Segundo a publica\u00e7\u00e3o, Moraes &#8220;tornou-se um s\u00edmbolo de democracia e justi\u00e7a no Brasil&#8221; em um momento em que cortes supremas de outros pa\u00edses capitularam diante do poder de autocratas e &#8220;institui\u00e7\u00f5es democr\u00e1ticas demonstraram fragilidade frente a l\u00edderes populistas e de extrema direita&#8221;.<\/p>\n\n\n\n<p><strong><a href=\"https:\/\/whatsapp.com\/channel\/0029VaAT7tDLI8Yfj5y9Z50Z\" target=\"_blank\" rel=\"noreferrer noopener\"><mark style=\"background-color:rgba(0, 0, 0, 0)\" class=\"has-inline-color has-luminous-vivid-orange-color\">>> Clique aqui e entre no canal do BEC no WhatsApp<\/mark><\/a><\/strong><\/p>\n\n\n\n<p>O texto diz que o magistrado enfrentou a tentativa de golpe de Estado de 8 de janeiro de 2023 e que o ex-presidente Jair Bolsonaro (PL) e militares de alta patente foram presos &#8220;ap\u00f3s um julgamento p\u00fablico e transparente, transmitido em rede nacional&#8221;.<\/p>\n\n\n\n<p>Escrito pela historiadora e antrop\u00f3loga brasileira Lilia Moritz Schwarcz, o trecho referente a Moraes afirma ainda que a crescente centralidade das decis\u00f5es do ministro, &#8220;o uso de instrumentos jur\u00eddicos excepcionais e o amplo alcance de suas a\u00e7\u00f5es judiciais evidenciam uma tens\u00e3o entre firmeza e excesso&#8221;.<\/p>\n\n\n\n<p>&#8220;Em democracias, o poder deve sempre estar sujeito a contrapesos, mesmo quando exercido em nome da prote\u00e7\u00e3o&#8221;, pondera a publica\u00e7\u00e3o.<\/p>\n\n\n\n<p>Segundo o &#8220;Financial Times&#8221;, a lista foi feita a partir de uma consulta a rep\u00f3rteres, colunistas e editores do jornal, que buscaram responder a pergunta: &#8220;quem realmente fez diferen\u00e7a neste ano?&#8221;<\/p>\n\n\n\n<p>&#8220;A lista re\u00fane pessoas dos mundos da pol\u00edtica, dos neg\u00f3cios, da m\u00eddia, das artes e dos esportes, cujos talentos, descobertas, ideias e exemplos est\u00e3o transformando o mundo em que vivemos&#8221;, explica o jornal. Os nomes foram divididos nas categorias &#8220;criadores&#8221;, &#8220;l\u00edderes&#8221; e &#8220;her\u00f3is&#8221;.<\/p>\n","protected":false},"excerpt":{"rendered":"<p>Jornal brit\u00e2nico divulgou lista nesta sexta-feira (5) Por g1 \u2014 Bras\u00edlia O jornal brit\u00e2nico &#8220;Financial Times&#8221; incluiu o ministro Alexandre de Moraes, do Supremo Tribunal Federal (STF), na lista das 25 pessoas mais influentes do ano, divulgada nesta sexta-feira (5). Ele \u00e9 o \u00fanico brasileiro da lista deste ano. Moraes aparece na categoria &#8220;her\u00f3is&#8221;, ao [&hellip;]<\/p>\n","protected":false},"author":2,"featured_media":67832,"comment_status":"open","ping_status":"open","sticky":false,"template":"","format":"standard","meta":{"_acf_changed":false,"_monsterinsights_skip_tracking":false,"_monsterinsights_sitenote_active":false,"_monsterinsights_sitenote_note":"","_monsterinsights_sitenote_category":0,"_jetpack_memberships_contains_paid_content":false,"footnotes":"","jetpack_publicize_message":"","jetpack_publicize_feature_enabled":true,"jetpack_social_post_already_shared":true,"jetpack_social_options":{"image_generator_settings":{"template":"highway","default_image_id":0,"font":"","enabled":false},"version":2}},"categories":[5],"tags":[],"class_list":["post-91987","post","type-post","status-publish","format-standard","has-post-thumbnail","hentry","category-cotidiano"],"acf":[],"jetpack_publicize_connections":[],"jetpack_featured_media_url":"https:\/\/i0.wp.com\/blogdoeloiltoncajuhy.com.br\/site\/wp-content\/uploads\/2022\/08\/TSE_Ministro-Presidente-Alexandre-Moraes.jpg?fit=710%2C473&ssl=1","jetpack_sharing_enabled":true,"publishpress_future_workflow_manual_trigger":{"enabledWorkflows":[]},"_links":{"self":[{"href":"https:\/\/blogdoeloiltoncajuhy.com.br\/site\/wp-json\/wp\/v2\/posts\/91987","targetHints":{"allow":["GET"]}}],"collection":[{"href":"https:\/\/blogdoeloiltoncajuhy.com.br\/site\/wp-json\/wp\/v2\/posts"}],"about":[{"href":"https:\/\/blogdoeloiltoncajuhy.com.br\/site\/wp-json\/wp\/v2\/types\/post"}],"author":[{"embeddable":true,"href":"https:\/\/blogdoeloiltoncajuhy.com.br\/site\/wp-json\/wp\/v2\/users\/2"}],"replies":[{"embeddable":true,"href":"https:\/\/blogdoeloiltoncajuhy.com.br\/site\/wp-json\/wp\/v2\/comments?post=91987"}],"version-history":[{"count":1,"href":"https:\/\/blogdoeloiltoncajuhy.com.br\/site\/wp-json\/wp\/v2\/posts\/91987\/revisions"}],"predecessor-version":[{"id":91988,"href":"https:\/\/blogdoeloiltoncajuhy.com.br\/site\/wp-json\/wp\/v2\/posts\/91987\/revisions\/91988"}],"wp:featuredmedia":[{"embeddable":true,"href":"https:\/\/blogdoeloiltoncajuhy.com.br\/site\/wp-json\/wp\/v2\/media\/67832"}],"wp:attachment":[{"href":"https:\/\/blogdoeloiltoncajuhy.com.br\/site\/wp-json\/wp\/v2\/media?parent=91987"}],"wp:term":[{"taxonomy":"category","embeddable":true,"href":"https:\/\/blogdoeloiltoncajuhy.com.br\/site\/wp-json\/wp\/v2\/categories?post=91987"},{"taxonomy":"post_tag","embeddable":true,"href":"https:\/\/blogdoeloiltoncajuhy.com.br\/site\/wp-json\/wp\/v2\/tags?post=91987"}],"curies":[{"name":"wp","href":"https:\/\/api.w.org\/{rel}","templated":true}]}}