{"id":91985,"date":"2025-12-05T14:17:08","date_gmt":"2025-12-05T17:17:08","guid":{"rendered":"https:\/\/blogdoeloiltoncajuhy.com.br\/site\/?p=91985"},"modified":"2025-12-05T14:17:10","modified_gmt":"2025-12-05T17:17:10","slug":"dino-marca-para-fevereiro-de-2026-julgamento-do-caso-marielle-na-1a-turma-do-stf","status":"publish","type":"post","link":"https:\/\/blogdoeloiltoncajuhy.com.br\/site\/dino-marca-para-fevereiro-de-2026-julgamento-do-caso-marielle-na-1a-turma-do-stf\/","title":{"rendered":"Dino marca para fevereiro de 2026 julgamento do caso Marielle na 1\u00aa Turma do STF"},"content":{"rendered":"\n<p class=\"has-medium-font-size\"><strong>Sess\u00f5es foram convocadas para os dias 24 e 25 de fevereiro. Relator do caso \u00e9 o ministro Alexandre de Moraes<\/strong><\/p>\n\n\n\n<p><strong>Por M\u00e1rcio Falc\u00e3o, TV Globo<\/strong> \u2014 Bras\u00edlia<\/p>\n\n\n\n<figure class=\"wp-block-image aligncenter size-full\"><a href=\"https:\/\/i0.wp.com\/blogdoeloiltoncajuhy.com.br\/site\/wp-content\/uploads\/2025\/05\/Marielle-Franco-Foto-Nunah-Alle-Midia-NINJA-Flickr.jpeg\"><img data-recalc-dims=\"1\" fetchpriority=\"high\" decoding=\"async\" width=\"760\" height=\"455\" src=\"https:\/\/i0.wp.com\/blogdoeloiltoncajuhy.com.br\/site\/wp-content\/uploads\/2025\/05\/Marielle-Franco-Foto-Nunah-Alle-Midia-NINJA-Flickr.jpeg?resize=760%2C455\" alt=\"\" class=\"wp-image-87514\" srcset=\"https:\/\/i0.wp.com\/blogdoeloiltoncajuhy.com.br\/site\/wp-content\/uploads\/2025\/05\/Marielle-Franco-Foto-Nunah-Alle-Midia-NINJA-Flickr.jpeg?w=760&amp;ssl=1 760w, https:\/\/i0.wp.com\/blogdoeloiltoncajuhy.com.br\/site\/wp-content\/uploads\/2025\/05\/Marielle-Franco-Foto-Nunah-Alle-Midia-NINJA-Flickr.jpeg?resize=300%2C180&amp;ssl=1 300w\" sizes=\"(max-width: 760px) 100vw, 760px\" \/><\/a><figcaption class=\"wp-element-caption\"><sub>Foto: Nunah Alle\/M\u00eddia Ninja\/Flickr<\/sub><\/figcaption><\/figure>\n\n\n\n<p>O ministro Fl\u00e1vio Dino, do Supremo Tribunal Federal (STF), decidiu nesta sexta-feira (5) marcar para os dias 24 e 25 de fevereiro de 2026 o julgamento sobre o caso Marielle Franco na Primeira Turma da Corte.<\/p>\n\n\n\n<p>O processo, do qual Alexandre de Moraes \u00e9 relator, est\u00e1 pronto para ir a julgamento ap\u00f3s o encerramento da instru\u00e7\u00e3o e a entrega das alega\u00e7\u00f5es finais do Minist\u00e9rio P\u00fablico, das assistentes de acusa\u00e7\u00e3o e das defesas.<\/p>\n\n\n\n<p>Moraes pediu a convoca\u00e7\u00e3o do julgamento a Dino, que \u00e9 presidente da Primeira Turma, nesta quinta-feira (4).<\/p>\n\n\n\n<p class=\"has-medium-font-size\"><em>A vereadora Marielle Franco e o motorista Anderson Gomes foram mortos na noite de 14 de mar\u00e7o de 2018, no Centro do Rio de Janeiro. O carro em que eles estavam foi seguido pelos criminosos, que efetuaram disparos contra o ve\u00edculo da vereadora. Marielle e Anderson morreram na hora. A assessora Fernanda Chaves sobreviveu aos ataques.<\/em><\/p>\n\n\n\n<p><strong><a href=\"https:\/\/whatsapp.com\/channel\/0029VaAT7tDLI8Yfj5y9Z50Z\" target=\"_blank\" rel=\"noreferrer noopener\"><mark style=\"background-color:rgba(0, 0, 0, 0)\" class=\"has-inline-color has-luminous-vivid-orange-color\">>> Clique aqui e entre no canal do BEC no WhatsApp<\/mark><\/a><\/strong><\/p>\n\n\n\n<p class=\"has-black-color has-text-color has-link-color has-medium-font-size wp-elements-366c2de6545be18c695786bdb4fea670\"><strong>Quem s\u00e3o os r\u00e9us no STF<\/strong><\/p>\n\n\n\n<p>Respondem ao processo:<\/p>\n\n\n\n<ul class=\"wp-block-list\">\n<li><strong><mark style=\"background-color:rgba(0, 0, 0, 0)\" class=\"has-inline-color has-black-color\">Chiquinho Braz\u00e3o (deputado federal) e Domingos Braz\u00e3o (ex-conselheiro do Tribunal de Contas do Rio)<\/mark><\/strong> \u2014 apontados pela Pol\u00edcia Federal como mandantes do crime;<\/li>\n\n\n\n<li><strong><mark style=\"background-color:rgba(0, 0, 0, 0)\" class=\"has-inline-color has-black-color\">Rivaldo Barbosa<\/mark><\/strong> \u2014 delegado, ex-chefe da Pol\u00edcia Civil do RJ, acusado de ser o mentor intelectual do atentado;<\/li>\n\n\n\n<li><strong><mark style=\"background-color:rgba(0, 0, 0, 0)\" class=\"has-inline-color has-black-color\">Ronald Paulo Alves Pereira (Major Ronald)<\/mark><\/strong> \u2014 apontado por Ronnie Lessa (preso como executor do crime) como respons\u00e1vel por monitorar a rotina de Marielle;<\/li>\n\n\n\n<li><strong><mark style=\"background-color:rgba(0, 0, 0, 0)\" class=\"has-inline-color has-black-color\">Robson Calixto Fonseca (Peixe)<\/mark><\/strong> \u2014 ex-PM e ex-assessor de Domingos Braz\u00e3o, suspeito de ajudar a ocultar a arma e de integrar o n\u00facleo financeiro e imobili\u00e1rio do grupo.<\/li>\n<\/ul>\n\n\n\n<p><\/p>\n\n\n\n<p>A den\u00fancia, j\u00e1 recebida integralmente pela Primeira Turma, inclui crimes de homic\u00eddio qualificado, tentativa de homic\u00eddio e organiza\u00e7\u00e3o criminosa.<\/p>\n\n\n\n<p class=\"has-black-color has-text-color has-link-color has-medium-font-size wp-elements-5d411abf63616be75fc8a37bd6fe9ed1\"><strong>Como ser\u00e1 o julgamento?<\/strong><\/p>\n\n\n\n<ul class=\"wp-block-list\">\n<li>Relator do caso, Alexandre de Moraes, apresenta o relat\u00f3rio, que traz o resumo dos principais passos da investiga\u00e7\u00e3o.<\/li>\n\n\n\n<li>PGR apresenta a den\u00fancia, o tempo \u00e9 de uma hora. A manifesta\u00e7\u00e3o deve ser do vice-procurador-geral, Hindemburgo Chateaubriand;<\/li>\n\n\n\n<li>Cada advogado dos 5 acusados ter\u00e1 uma hora para apresentar a defesa;<\/li>\n\n\n\n<li>Finalizada essa etapa, come\u00e7am os votos dos ministros. Relator, Alexandre de Moraes \u00e9 o primeiro.<\/li>\n\n\n\n<li>Depois, Cristiano Zanin, C\u00e1rmen L\u00facia e, por \u00faltimo, o presidente da Turma, Fl\u00e1vio Dino. A ordem pode mudar se at\u00e9 l\u00e1 tiver o STF tiver um novo ministro)<\/li>\n\n\n\n<li>N\u00e3o h\u00e1 limites de tempo para o voto dos ministros.<\/li>\n<\/ul>\n","protected":false},"excerpt":{"rendered":"<p>Sess\u00f5es foram convocadas para os dias 24 e 25 de fevereiro. Relator do caso \u00e9 o ministro Alexandre de Moraes Por M\u00e1rcio Falc\u00e3o, TV Globo \u2014 Bras\u00edlia O ministro Fl\u00e1vio Dino, do Supremo Tribunal Federal (STF), decidiu nesta sexta-feira (5) marcar para os dias 24 e 25 de fevereiro de 2026 o julgamento sobre o [&hellip;]<\/p>\n","protected":false},"author":2,"featured_media":87513,"comment_status":"open","ping_status":"open","sticky":false,"template":"","format":"standard","meta":{"_acf_changed":false,"_monsterinsights_skip_tracking":false,"_monsterinsights_sitenote_active":false,"_monsterinsights_sitenote_note":"","_monsterinsights_sitenote_category":0,"_jetpack_memberships_contains_paid_content":false,"footnotes":"","jetpack_publicize_message":"","jetpack_publicize_feature_enabled":true,"jetpack_social_post_already_shared":true,"jetpack_social_options":{"image_generator_settings":{"template":"highway","default_image_id":0,"font":"","enabled":false},"version":2}},"categories":[3],"tags":[],"class_list":["post-91985","post","type-post","status-publish","format-standard","has-post-thumbnail","hentry","category-politica"],"acf":[],"jetpack_publicize_connections":[],"jetpack_featured_media_url":"https:\/\/i0.wp.com\/blogdoeloiltoncajuhy.com.br\/site\/wp-content\/uploads\/2025\/05\/Marielle-Franco-Foto-Governo-Federal.jpeg?fit=768%2C432&ssl=1","jetpack_sharing_enabled":true,"publishpress_future_workflow_manual_trigger":{"enabledWorkflows":[]},"_links":{"self":[{"href":"https:\/\/blogdoeloiltoncajuhy.com.br\/site\/wp-json\/wp\/v2\/posts\/91985","targetHints":{"allow":["GET"]}}],"collection":[{"href":"https:\/\/blogdoeloiltoncajuhy.com.br\/site\/wp-json\/wp\/v2\/posts"}],"about":[{"href":"https:\/\/blogdoeloiltoncajuhy.com.br\/site\/wp-json\/wp\/v2\/types\/post"}],"author":[{"embeddable":true,"href":"https:\/\/blogdoeloiltoncajuhy.com.br\/site\/wp-json\/wp\/v2\/users\/2"}],"replies":[{"embeddable":true,"href":"https:\/\/blogdoeloiltoncajuhy.com.br\/site\/wp-json\/wp\/v2\/comments?post=91985"}],"version-history":[{"count":1,"href":"https:\/\/blogdoeloiltoncajuhy.com.br\/site\/wp-json\/wp\/v2\/posts\/91985\/revisions"}],"predecessor-version":[{"id":91986,"href":"https:\/\/blogdoeloiltoncajuhy.com.br\/site\/wp-json\/wp\/v2\/posts\/91985\/revisions\/91986"}],"wp:featuredmedia":[{"embeddable":true,"href":"https:\/\/blogdoeloiltoncajuhy.com.br\/site\/wp-json\/wp\/v2\/media\/87513"}],"wp:attachment":[{"href":"https:\/\/blogdoeloiltoncajuhy.com.br\/site\/wp-json\/wp\/v2\/media?parent=91985"}],"wp:term":[{"taxonomy":"category","embeddable":true,"href":"https:\/\/blogdoeloiltoncajuhy.com.br\/site\/wp-json\/wp\/v2\/categories?post=91985"},{"taxonomy":"post_tag","embeddable":true,"href":"https:\/\/blogdoeloiltoncajuhy.com.br\/site\/wp-json\/wp\/v2\/tags?post=91985"}],"curies":[{"name":"wp","href":"https:\/\/api.w.org\/{rel}","templated":true}]}}