{"id":91979,"date":"2025-12-05T08:36:22","date_gmt":"2025-12-05T11:36:22","guid":{"rendered":"https:\/\/blogdoeloiltoncajuhy.com.br\/site\/?p=91979"},"modified":"2025-12-05T08:36:24","modified_gmt":"2025-12-05T11:36:24","slug":"idoso-e-preso-suspeito-de-estuprar-a-neta-de-12-anos-na-bahia-adolescente-relatou-a-situacao-na-escola","status":"publish","type":"post","link":"https:\/\/blogdoeloiltoncajuhy.com.br\/site\/idoso-e-preso-suspeito-de-estuprar-a-neta-de-12-anos-na-bahia-adolescente-relatou-a-situacao-na-escola\/","title":{"rendered":"Idoso \u00e9 preso suspeito de estuprar a neta de 12 anos na Bahia; adolescente relatou a situa\u00e7\u00e3o na escola"},"content":{"rendered":"\n<p class=\"has-medium-font-size\"><strong>Caso aconteceu em Lauro de Freitas, na Regi\u00e3o Metropolitana de Salvador. V\u00edtima disse que abusos come\u00e7aram no in\u00edcio de 2025<\/strong><\/p>\n\n\n\n<p><strong>Por g1 BA<\/strong><\/p>\n\n\n\n<figure class=\"wp-block-image aligncenter size-full\"><a href=\"https:\/\/i0.wp.com\/blogdoeloiltoncajuhy.com.br\/site\/wp-content\/uploads\/2025\/11\/Policia-Civil-da-Bahia_11.11.25-%E2%80%94-Foto-Policia-Civil.png\"><img data-recalc-dims=\"1\" fetchpriority=\"high\" decoding=\"async\" width=\"800\" height=\"501\" src=\"https:\/\/i0.wp.com\/blogdoeloiltoncajuhy.com.br\/site\/wp-content\/uploads\/2025\/11\/Policia-Civil-da-Bahia_11.11.25-%E2%80%94-Foto-Policia-Civil.png?resize=800%2C501\" alt=\"\" class=\"wp-image-91507\" srcset=\"https:\/\/i0.wp.com\/blogdoeloiltoncajuhy.com.br\/site\/wp-content\/uploads\/2025\/11\/Policia-Civil-da-Bahia_11.11.25-%E2%80%94-Foto-Policia-Civil.png?w=818&amp;ssl=1 818w, https:\/\/i0.wp.com\/blogdoeloiltoncajuhy.com.br\/site\/wp-content\/uploads\/2025\/11\/Policia-Civil-da-Bahia_11.11.25-%E2%80%94-Foto-Policia-Civil.png?resize=300%2C188&amp;ssl=1 300w, https:\/\/i0.wp.com\/blogdoeloiltoncajuhy.com.br\/site\/wp-content\/uploads\/2025\/11\/Policia-Civil-da-Bahia_11.11.25-%E2%80%94-Foto-Policia-Civil.png?resize=768%2C481&amp;ssl=1 768w\" sizes=\"(max-width: 800px) 100vw, 800px\" \/><\/a><figcaption class=\"wp-element-caption\"><sub>Foto: Pol\u00edcia Civil da Bahia<\/sub><\/figcaption><\/figure>\n\n\n\n<p>Um idoso de 67 anos foi preso na quinta-feira (4), em Lauro de Freitas, na Regi\u00e3o Metropolitana de Salvador, suspeito de estuprar a pr\u00f3pria neta, uma crian\u00e7a de 12 anos. Segundo a Pol\u00edcia Civil, as investiga\u00e7\u00f5es come\u00e7aram ap\u00f3s a v\u00edtima relatar a situa\u00e7\u00e3o na escola.<\/p>\n\n\n\n<p>De acordo com a pol\u00edcia, a menina contou, em depoimento, que os abusos tiveram in\u00edcio no come\u00e7o de 2025. O \u00faltimo ato aconteceu na tarde de 25 de novembro, logo ap\u00f3s a estudante sair do col\u00e9gio.<\/p>\n\n\n\n<p>A Pol\u00edcia Civil informou que as viol\u00eancias sexuais aconteciam na casa do investigado e que ele amea\u00e7ava a menina e familiares para evitar que o crime fosse denunciado.<\/p>\n\n\n\n<p><strong><a href=\"https:\/\/whatsapp.com\/channel\/0029VaAT7tDLI8Yfj5y9Z50Z\" target=\"_blank\" rel=\"noreferrer noopener\"><mark style=\"background-color:rgba(0, 0, 0, 0)\" class=\"has-inline-color has-luminous-vivid-orange-color\">>> Clique aqui e entre no canal do BEC no WhatsApp<\/mark><\/a><\/strong><\/p>\n\n\n\n<p>O caso \u00e9 investigado na 27\u00aa Delegacia Territorial (DT) de Itinga. O homem foi encontrado na casa onde mora, foi conduzido \u00e0 unidade policial e depois encaminhado \u00e0 Polinter, onde permanece \u00e0 disposi\u00e7\u00e3o da Justi\u00e7a.<\/p>\n\n\n\n<p>A v\u00edtima foi atendida e passar\u00e1 por acompanhamento do servi\u00e7o psicossocial, conforme prev\u00ea o Estatuto da Crian\u00e7a e do Adolescente (ECA).<\/p>\n\n\n\n<p class=\"has-black-color has-text-color has-link-color has-medium-font-size wp-elements-2d942318c8db98e210c16c936a12f892\"><strong>Estupro contra os filhos<\/strong><\/p>\n\n\n\n<p>Tamb\u00e9m na quinta-feira, um homem de 45 anos foi preso suspeito de estuprar os filhos, na zona rural de Correntina, no oeste do estado.<\/p>\n\n\n\n<p>Segundo a Pol\u00edcia Civil, as v\u00edtimas s\u00e3o uma jovem de 20 anos e um adolescente de 14. O \u00faltimo abuso ocorreu em 22 de novembro deste ano. As investiga\u00e7\u00f5es apontaram que, na ocasi\u00e3o, o investigado chegou na casa da fam\u00edlia embriagado e for\u00e7ou a v\u00edtima menor de idade a praticar atos sexuais.<\/p>\n\n\n\n<p>O inqu\u00e9rito apontou ainda que o pai usava uma arma de fogo para amea\u00e7ar de morte os familiares e garantir o sil\u00eancio sobre os abusos. O hist\u00f3rico do investigado inclui registros anteriores de den\u00fancias sobre viol\u00eancias sexuais e amea\u00e7as com uso de armamento artesanal e facas, em 2022 e 2023.<\/p>\n\n\n\n<p>O homem foi levado \u00e0 Delegacia Territorial (DT) de Correntina e permanece \u00e0 disposi\u00e7\u00e3o da Justi\u00e7a.<\/p>\n","protected":false},"excerpt":{"rendered":"<p>Caso aconteceu em Lauro de Freitas, na Regi\u00e3o Metropolitana de Salvador. V\u00edtima disse que abusos come\u00e7aram no in\u00edcio de 2025 Por g1 BA Um idoso de 67 anos foi preso na quinta-feira (4), em Lauro de Freitas, na Regi\u00e3o Metropolitana de Salvador, suspeito de estuprar a pr\u00f3pria neta, uma crian\u00e7a de 12 anos. Segundo a [&hellip;]<\/p>\n","protected":false},"author":2,"featured_media":91775,"comment_status":"open","ping_status":"open","sticky":false,"template":"","format":"standard","meta":{"_acf_changed":false,"_monsterinsights_skip_tracking":false,"_monsterinsights_sitenote_active":false,"_monsterinsights_sitenote_note":"","_monsterinsights_sitenote_category":0,"_jetpack_memberships_contains_paid_content":false,"footnotes":"","jetpack_publicize_message":"","jetpack_publicize_feature_enabled":true,"jetpack_social_post_already_shared":true,"jetpack_social_options":{"image_generator_settings":{"template":"highway","default_image_id":0,"font":"","enabled":false},"version":2}},"categories":[15],"tags":[],"class_list":["post-91979","post","type-post","status-publish","format-standard","has-post-thumbnail","hentry","category-policia"],"acf":[],"jetpack_publicize_connections":[],"jetpack_featured_media_url":"https:\/\/i0.wp.com\/blogdoeloiltoncajuhy.com.br\/site\/wp-content\/uploads\/2025\/11\/Policia-Civil-Foto-Ascom-PC-BA.png?fit=817%2C616&ssl=1","jetpack_sharing_enabled":true,"publishpress_future_workflow_manual_trigger":{"enabledWorkflows":[]},"_links":{"self":[{"href":"https:\/\/blogdoeloiltoncajuhy.com.br\/site\/wp-json\/wp\/v2\/posts\/91979","targetHints":{"allow":["GET"]}}],"collection":[{"href":"https:\/\/blogdoeloiltoncajuhy.com.br\/site\/wp-json\/wp\/v2\/posts"}],"about":[{"href":"https:\/\/blogdoeloiltoncajuhy.com.br\/site\/wp-json\/wp\/v2\/types\/post"}],"author":[{"embeddable":true,"href":"https:\/\/blogdoeloiltoncajuhy.com.br\/site\/wp-json\/wp\/v2\/users\/2"}],"replies":[{"embeddable":true,"href":"https:\/\/blogdoeloiltoncajuhy.com.br\/site\/wp-json\/wp\/v2\/comments?post=91979"}],"version-history":[{"count":1,"href":"https:\/\/blogdoeloiltoncajuhy.com.br\/site\/wp-json\/wp\/v2\/posts\/91979\/revisions"}],"predecessor-version":[{"id":91980,"href":"https:\/\/blogdoeloiltoncajuhy.com.br\/site\/wp-json\/wp\/v2\/posts\/91979\/revisions\/91980"}],"wp:featuredmedia":[{"embeddable":true,"href":"https:\/\/blogdoeloiltoncajuhy.com.br\/site\/wp-json\/wp\/v2\/media\/91775"}],"wp:attachment":[{"href":"https:\/\/blogdoeloiltoncajuhy.com.br\/site\/wp-json\/wp\/v2\/media?parent=91979"}],"wp:term":[{"taxonomy":"category","embeddable":true,"href":"https:\/\/blogdoeloiltoncajuhy.com.br\/site\/wp-json\/wp\/v2\/categories?post=91979"},{"taxonomy":"post_tag","embeddable":true,"href":"https:\/\/blogdoeloiltoncajuhy.com.br\/site\/wp-json\/wp\/v2\/tags?post=91979"}],"curies":[{"name":"wp","href":"https:\/\/api.w.org\/{rel}","templated":true}]}}