{"id":91976,"date":"2025-12-05T08:31:20","date_gmt":"2025-12-05T11:31:20","guid":{"rendered":"https:\/\/blogdoeloiltoncajuhy.com.br\/site\/?p=91976"},"modified":"2025-12-06T12:07:55","modified_gmt":"2025-12-06T15:07:55","slug":"mais-de-90-casos-de-raiva-em-animais-foram-registrados-na-bahia-ate-novembro","status":"publish","type":"post","link":"https:\/\/blogdoeloiltoncajuhy.com.br\/site\/mais-de-90-casos-de-raiva-em-animais-foram-registrados-na-bahia-ate-novembro\/","title":{"rendered":"Mais de 90 casos de raiva em animais foram registrados na Bahia at\u00e9 novembro"},"content":{"rendered":"\n<p class=\"has-medium-font-size\"><strong>Crescimento da doen\u00e7a equivale a 97% em compara\u00e7\u00e3o com 2021<\/strong><\/p>\n\n\n\n<p><strong>Por g1 BA<\/strong><\/p>\n\n\n\n<figure class=\"wp-block-image aligncenter size-full\"><a href=\"https:\/\/i0.wp.com\/blogdoeloiltoncajuhy.com.br\/site\/wp-content\/uploads\/2021\/10\/colagem-cachorros.jpg\"><img data-recalc-dims=\"1\" fetchpriority=\"high\" decoding=\"async\" width=\"800\" height=\"493\" src=\"https:\/\/i0.wp.com\/blogdoeloiltoncajuhy.com.br\/site\/wp-content\/uploads\/2021\/10\/colagem-cachorros.jpg?resize=800%2C493\" alt=\"\" class=\"wp-image-60265\" srcset=\"https:\/\/i0.wp.com\/blogdoeloiltoncajuhy.com.br\/site\/wp-content\/uploads\/2021\/10\/colagem-cachorros.jpg?w=984&amp;ssl=1 984w, https:\/\/i0.wp.com\/blogdoeloiltoncajuhy.com.br\/site\/wp-content\/uploads\/2021\/10\/colagem-cachorros.jpg?resize=300%2C185&amp;ssl=1 300w, https:\/\/i0.wp.com\/blogdoeloiltoncajuhy.com.br\/site\/wp-content\/uploads\/2021\/10\/colagem-cachorros.jpg?resize=768%2C474&amp;ssl=1 768w\" sizes=\"(max-width: 800px) 100vw, 800px\" \/><\/a><figcaption class=\"wp-element-caption\"><sub>Reprodu\u00e7\u00e3o<\/sub><\/figcaption><\/figure>\n\n\n\n<p>A Bahia teve 93 casos de raiva em animais, registrados somente de janeiro a novembro deste ano. Os dados foram repassados nesta quinta-feira (4) pela Secretaria da Sa\u00fade do Estado (Sesab).<\/p>\n\n\n\n<p><strong><a href=\"https:\/\/whatsapp.com\/channel\/0029VaAT7tDLI8Yfj5y9Z50Z\" target=\"_blank\" rel=\"noreferrer noopener\"><mark style=\"background-color:rgba(0, 0, 0, 0)\" class=\"has-inline-color has-luminous-vivid-orange-color\">&gt;&gt; Clique aqui e entre no canal do BEC no WhatsApp<\/mark><\/a><\/strong><\/p>\n\n\n\n<p>Segundo o balan\u00e7o compartilhado com o <strong>g1<\/strong>, morcegos (32), bovinos (24) e equinos (19) formaram a maioria no n\u00famero de registros. Com 14 casos, fevereiro foi o m\u00eas com mais confirma\u00e7\u00f5es, seguido de janeiro, com 12, e novembro, com 11. As cidades com a doen\u00e7a confirmada n\u00e3o foram detalhadas.<\/p>\n\n\n\n<p>Ainda em novembro, o n\u00famero j\u00e1 supera os registros dos \u00faltimos anos. Em 2021, ocorreram 47 casos no estado. O crescimento equivale a 97% em quatro anos.<\/p>\n\n\n\n<p class=\"has-black-color has-text-color has-link-color has-medium-font-size wp-elements-75c7501d916e379767b9141c699d754c\"><strong>N\u00famero de casos de raiva na Bahia nos \u00faltimos anos<\/strong><\/p>\n\n\n\n<figure class=\"wp-block-table\"><table class=\"has-fixed-layout\"><tbody><tr><td><strong><mark style=\"background-color:rgba(0, 0, 0, 0)\" class=\"has-inline-color has-black-color\">Anos<\/mark><\/strong><\/td><td><strong><mark style=\"background-color:rgba(0, 0, 0, 0)\" class=\"has-inline-color has-black-color\">N\u00fameros de raiva<\/mark><\/strong><\/td><\/tr><tr><td>2021<\/td><td>47<\/td><\/tr><tr><td>2022<\/td><td>34<\/td><\/tr><tr><td>2023<\/td><td>74<\/td><\/tr><tr><td>2024<\/td><td>79<\/td><\/tr><tr><td>2025<\/td><td>93<\/td><\/tr><\/tbody><\/table><\/figure>\n\n\n\n<p><sub>Fonte: Sesab<\/sub><\/p>\n\n\n\n<p class=\"has-black-color has-text-color has-link-color wp-elements-528a13dc00c0d428f5e968b0ca4b04de\"><strong>Confira os dados passados pela Sesab abaixo:<\/strong><\/p>\n\n\n\n<p class=\"has-black-color has-text-color has-link-color has-medium-font-size wp-elements-721346b2eb5bfc36ae24b7887d861d4c\"><strong>Casos de raiva na Bahia em 2025<\/strong><\/p>\n\n\n\n<figure class=\"wp-block-table\"><table class=\"has-fixed-layout\"><tbody><tr><td><strong><mark style=\"background-color:rgba(0, 0, 0, 0)\" class=\"has-inline-color has-black-color\">Animais infectados<\/mark><\/strong><\/td><td><mark style=\"background-color:rgba(0, 0, 0, 0)\" class=\"has-inline-color has-black-color\">N\u00fameros de casos<\/mark><\/td><\/tr><tr><td>Morcego<\/td><td>32<\/td><\/tr><tr><td>Bovino<\/td><td>24<\/td><\/tr><tr><td>Equino<\/td><td>19<\/td><\/tr><tr><td>Raposa<\/td><td>12<\/td><\/tr><tr><td>Gato<\/td><td>3<\/td><\/tr><tr><td>C\u00e3o<\/td><td>3<\/td><\/tr><tr><td><strong><mark style=\"background-color:rgba(0, 0, 0, 0)\" class=\"has-inline-color has-black-color\">Total<\/mark><\/strong><\/td><td><strong><mark style=\"background-color:rgba(0, 0, 0, 0)\" class=\"has-inline-color has-black-color\">93<\/mark><\/strong><\/td><\/tr><\/tbody><\/table><\/figure>\n\n\n\n<p><sub>Fonte: Sesab<\/sub><\/p>\n\n\n\n<p>Em humanos, conforme pontuou a pasta, o \u00faltimo caso de raiva ocorrido na Bahia foi em 2017, no munic\u00edpio de Paramirim, no sudoeste do estado. Na ocasi\u00e3o, a v\u00edtima foi infectada por um morcego.<\/p>\n\n\n\n<figure class=\"wp-block-image aligncenter size-full\"><a href=\"https:\/\/i0.wp.com\/blogdoeloiltoncajuhy.com.br\/site\/wp-content\/uploads\/2025\/12\/Vacinacao-contra-raiva-%E2%80%94-Foto-Reproducao-TV-Subae.png?ssl=1\"><img data-recalc-dims=\"1\" decoding=\"async\" width=\"800\" height=\"485\" src=\"https:\/\/i0.wp.com\/blogdoeloiltoncajuhy.com.br\/site\/wp-content\/uploads\/2025\/12\/Vacinacao-contra-raiva-%E2%80%94-Foto-Reproducao-TV-Subae.png?resize=800%2C485&#038;ssl=1\" alt=\"\" class=\"wp-image-91977\" srcset=\"https:\/\/i0.wp.com\/blogdoeloiltoncajuhy.com.br\/site\/wp-content\/uploads\/2025\/12\/Vacinacao-contra-raiva-%E2%80%94-Foto-Reproducao-TV-Subae.png?w=818&amp;ssl=1 818w, https:\/\/i0.wp.com\/blogdoeloiltoncajuhy.com.br\/site\/wp-content\/uploads\/2025\/12\/Vacinacao-contra-raiva-%E2%80%94-Foto-Reproducao-TV-Subae.png?resize=300%2C182&amp;ssl=1 300w, https:\/\/i0.wp.com\/blogdoeloiltoncajuhy.com.br\/site\/wp-content\/uploads\/2025\/12\/Vacinacao-contra-raiva-%E2%80%94-Foto-Reproducao-TV-Subae.png?resize=768%2C466&amp;ssl=1 768w\" sizes=\"(max-width: 800px) 100vw, 800px\" \/><\/a><figcaption class=\"wp-element-caption\"><sub>Vacina\u00e7\u00e3o contra raiva \u2014 Foto: Reprodu\u00e7\u00e3o\/TV Suba\u00e9<\/sub><\/figcaption><\/figure>\n","protected":false},"excerpt":{"rendered":"<p>Crescimento da doen\u00e7a equivale a 97% em compara\u00e7\u00e3o com 2021 Por g1 BA A Bahia teve 93 casos de raiva em animais, registrados somente de janeiro a novembro deste ano. Os dados foram repassados nesta quinta-feira (4) pela Secretaria da Sa\u00fade do Estado (Sesab). &gt;&gt; Clique aqui e entre no canal do BEC no WhatsApp [&hellip;]<\/p>\n","protected":false},"author":2,"featured_media":60265,"comment_status":"open","ping_status":"open","sticky":false,"template":"","format":"standard","meta":{"_acf_changed":false,"_monsterinsights_skip_tracking":false,"_monsterinsights_sitenote_active":false,"_monsterinsights_sitenote_note":"","_monsterinsights_sitenote_category":0,"_jetpack_memberships_contains_paid_content":false,"footnotes":"","jetpack_publicize_message":"","jetpack_publicize_feature_enabled":true,"jetpack_social_post_already_shared":true,"jetpack_social_options":{"image_generator_settings":{"template":"highway","default_image_id":0,"font":"","enabled":false},"version":2}},"categories":[7],"tags":[],"class_list":["post-91976","post","type-post","status-publish","format-standard","has-post-thumbnail","hentry","category-saude"],"acf":[],"jetpack_publicize_connections":[],"jetpack_featured_media_url":"https:\/\/i0.wp.com\/blogdoeloiltoncajuhy.com.br\/site\/wp-content\/uploads\/2021\/10\/colagem-cachorros.jpg?fit=984%2C607&ssl=1","jetpack_sharing_enabled":true,"publishpress_future_workflow_manual_trigger":{"enabledWorkflows":[]},"_links":{"self":[{"href":"https:\/\/blogdoeloiltoncajuhy.com.br\/site\/wp-json\/wp\/v2\/posts\/91976","targetHints":{"allow":["GET"]}}],"collection":[{"href":"https:\/\/blogdoeloiltoncajuhy.com.br\/site\/wp-json\/wp\/v2\/posts"}],"about":[{"href":"https:\/\/blogdoeloiltoncajuhy.com.br\/site\/wp-json\/wp\/v2\/types\/post"}],"author":[{"embeddable":true,"href":"https:\/\/blogdoeloiltoncajuhy.com.br\/site\/wp-json\/wp\/v2\/users\/2"}],"replies":[{"embeddable":true,"href":"https:\/\/blogdoeloiltoncajuhy.com.br\/site\/wp-json\/wp\/v2\/comments?post=91976"}],"version-history":[{"count":2,"href":"https:\/\/blogdoeloiltoncajuhy.com.br\/site\/wp-json\/wp\/v2\/posts\/91976\/revisions"}],"predecessor-version":[{"id":92010,"href":"https:\/\/blogdoeloiltoncajuhy.com.br\/site\/wp-json\/wp\/v2\/posts\/91976\/revisions\/92010"}],"wp:featuredmedia":[{"embeddable":true,"href":"https:\/\/blogdoeloiltoncajuhy.com.br\/site\/wp-json\/wp\/v2\/media\/60265"}],"wp:attachment":[{"href":"https:\/\/blogdoeloiltoncajuhy.com.br\/site\/wp-json\/wp\/v2\/media?parent=91976"}],"wp:term":[{"taxonomy":"category","embeddable":true,"href":"https:\/\/blogdoeloiltoncajuhy.com.br\/site\/wp-json\/wp\/v2\/categories?post=91976"},{"taxonomy":"post_tag","embeddable":true,"href":"https:\/\/blogdoeloiltoncajuhy.com.br\/site\/wp-json\/wp\/v2\/tags?post=91976"}],"curies":[{"name":"wp","href":"https:\/\/api.w.org\/{rel}","templated":true}]}}