{"id":91969,"date":"2025-12-04T15:42:17","date_gmt":"2025-12-04T18:42:17","guid":{"rendered":"https:\/\/blogdoeloiltoncajuhy.com.br\/site\/?p=91969"},"modified":"2025-12-04T15:42:19","modified_gmt":"2025-12-04T18:42:19","slug":"a-nova-orientacao-do-papa-sobre-sexo-no-casamento","status":"publish","type":"post","link":"https:\/\/blogdoeloiltoncajuhy.com.br\/site\/a-nova-orientacao-do-papa-sobre-sexo-no-casamento\/","title":{"rendered":"A nova orienta\u00e7\u00e3o do papa sobre sexo no casamento"},"content":{"rendered":"\n<p class=\"has-medium-font-size\"><strong>Sexo n\u00e3o \u00e9 s\u00f3 para ter filhos, afirma o Vaticano<\/strong><\/p>\n\n\n\n<p><strong>Por BBC<\/strong><\/p>\n\n\n\n<figure class=\"wp-block-image aligncenter size-full\"><a href=\"https:\/\/i0.wp.com\/blogdoeloiltoncajuhy.com.br\/site\/wp-content\/uploads\/2025\/05\/Papa-Leao-XIV-encontra-jornalistas-%E2%80%94-Foto-REUTERS-Guglielmo-Mangiapane.jpeg\"><img data-recalc-dims=\"1\" fetchpriority=\"high\" decoding=\"async\" width=\"800\" height=\"532\" src=\"https:\/\/i0.wp.com\/blogdoeloiltoncajuhy.com.br\/site\/wp-content\/uploads\/2025\/05\/Papa-Leao-XIV-encontra-jornalistas-%E2%80%94-Foto-REUTERS-Guglielmo-Mangiapane.jpeg?resize=800%2C532\" alt=\"\" class=\"wp-image-87608\" srcset=\"https:\/\/i0.wp.com\/blogdoeloiltoncajuhy.com.br\/site\/wp-content\/uploads\/2025\/05\/Papa-Leao-XIV-encontra-jornalistas-%E2%80%94-Foto-REUTERS-Guglielmo-Mangiapane.jpeg?w=984&amp;ssl=1 984w, https:\/\/i0.wp.com\/blogdoeloiltoncajuhy.com.br\/site\/wp-content\/uploads\/2025\/05\/Papa-Leao-XIV-encontra-jornalistas-%E2%80%94-Foto-REUTERS-Guglielmo-Mangiapane.jpeg?resize=300%2C199&amp;ssl=1 300w, https:\/\/i0.wp.com\/blogdoeloiltoncajuhy.com.br\/site\/wp-content\/uploads\/2025\/05\/Papa-Leao-XIV-encontra-jornalistas-%E2%80%94-Foto-REUTERS-Guglielmo-Mangiapane.jpeg?resize=768%2C510&amp;ssl=1 768w\" sizes=\"(max-width: 800px) 100vw, 800px\" \/><\/a><figcaption class=\"wp-element-caption\"><sub>Foto: Reuters\/Guglielmo Mangiapane<\/sub><\/figcaption><\/figure>\n\n\n\n<p>Documento divulgado pela Igreja no fim de novembro reconhece que h\u00e1 uma &#8220;finalidade unitiva da sexualidade&#8221;, enfatizando que os atos sexuais &#8220;n\u00e3o se limitam a assegurar a procria\u00e7\u00e3o, mas contribuem para enriquecer e fortalecer a uni\u00e3o \u00fanica e exclusiva e o sentimento de pertencimento m\u00fatuo&#8221;.<\/p>\n\n\n\n<p>Assinada pelo Dicast\u00e9rio para a Doutrina da F\u00e9 \u2014 nome atual do antigo Tribunal do Santo Of\u00edcio \u2014, a nota doutrinal divulgada com a aprova\u00e7\u00e3o do papa Le\u00e3o 14 \u00e9 uma defesa cat\u00f3lica da uni\u00e3o monog\u00e2mica entre homem e mulher. Mas apresenta nas entrelinhas esse entendimento de que o ato sexual tem uma fun\u00e7\u00e3o al\u00e9m da gera\u00e7\u00e3o de descendentes.<\/p>\n\n\n\n<p>Publicado apenas em italiano, o texto afirma que &#8220;nas \u00faltimas d\u00e9cadas&#8221; devido ao &#8220;contexto do individualismo consumista p\u00f3s-moderno&#8221;, diversos problemas se originaram da &#8220;busca excessiva e descontrolada pelo sexo ou da simples nega\u00e7\u00e3o da finalidade procriativa da sexualidade&#8221;.<\/p>\n\n\n\n<blockquote class=\"wp-block-quote is-layout-flow wp-block-quote-is-layout-flow\">\n<p><strong><mark style=\"background-color:rgba(0, 0, 0, 0)\" class=\"has-inline-color has-black-color\">Ao mesmo tempo, a nota lembra que tamb\u00e9m houve uma &#8220;nega\u00e7\u00e3o expl\u00edcita da finalidade unitiva da sexualidade e do pr\u00f3prio casamento&#8221; e incentiva &#8220;o desejo de troca emocional, pelas pr\u00f3prias rela\u00e7\u00f5es sexuais, mas tamb\u00e9m pelo di\u00e1logo e pela coopera\u00e7\u00e3o&#8221;.<\/mark><\/strong><\/p>\n<\/blockquote>\n\n\n\n<p>O documento diz que uma &#8220;vis\u00e3o integral da caridade conjugal&#8221; \u00e9 aquela que &#8220;n\u00e3o nega a sua fecundidade&#8221;. Mas que &#8220;a uni\u00e3o sexual, como forma de express\u00e3o da caridade conjugal&#8221;, ainda que &#8220;deva naturalmente permanecer aberta \u00e0 comunica\u00e7\u00e3o da vida&#8221;, n\u00e3o precisa ter nesse fim o &#8220;objetivo expl\u00edcito de cada ato sexual&#8221;.<\/p>\n\n\n\n<p>Nesse sentido, o texto apresenta tr\u00eas possibilidades.<\/p>\n\n\n\n<ul class=\"wp-block-list\">\n<li>A primeira \u00e9 a vida sexual de casais que n\u00e3o podem ter filhos.<\/li>\n\n\n\n<li>A segunda \u00e9 &#8220;que um casal n\u00e3o procure conscientemente um determinado ato sexual como meio de procria\u00e7\u00e3o&#8221;.<\/li>\n\n\n\n<li>Por fim, o terceiro item fala sobre respeitar &#8220;os per\u00edodos naturais de infertilidade&#8221; \u2014 &#8220;isso pode servir n\u00e3o s\u00f3 para regular as taxas de natalidade, mas tamb\u00e9m para escolher os momentos mais adequados para acolher uma nova vida&#8221;, observa o documento.<\/li>\n<\/ul>\n\n\n\n<p><\/p>\n\n\n\n<p>A nota enfatiza que &#8220;o casal pode aproveitar esses per\u00edodos como manifesta\u00e7\u00e3o de afeto e para salvaguardar a fidelidade m\u00fatua&#8221;. &#8220;Fazendo isso, demonstram um amor verdadeira e completamente honesto&#8221;, afirma.<\/p>\n","protected":false},"excerpt":{"rendered":"<p>Sexo n\u00e3o \u00e9 s\u00f3 para ter filhos, afirma o Vaticano Por BBC Documento divulgado pela Igreja no fim de novembro reconhece que h\u00e1 uma &#8220;finalidade unitiva da sexualidade&#8221;, enfatizando que os atos sexuais &#8220;n\u00e3o se limitam a assegurar a procria\u00e7\u00e3o, mas contribuem para enriquecer e fortalecer a uni\u00e3o \u00fanica e exclusiva e o sentimento de [&hellip;]<\/p>\n","protected":false},"author":2,"featured_media":87574,"comment_status":"open","ping_status":"open","sticky":false,"template":"","format":"standard","meta":{"_acf_changed":false,"_monsterinsights_skip_tracking":false,"_monsterinsights_sitenote_active":false,"_monsterinsights_sitenote_note":"","_monsterinsights_sitenote_category":0,"_jetpack_memberships_contains_paid_content":false,"footnotes":"","jetpack_publicize_message":"","jetpack_publicize_feature_enabled":true,"jetpack_social_post_already_shared":true,"jetpack_social_options":{"image_generator_settings":{"template":"highway","default_image_id":0,"font":"","enabled":false},"version":2}},"categories":[1],"tags":[],"class_list":["post-91969","post","type-post","status-publish","format-standard","has-post-thumbnail","hentry","category-noticias"],"acf":[],"jetpack_publicize_connections":[],"jetpack_featured_media_url":"https:\/\/i0.wp.com\/blogdoeloiltoncajuhy.com.br\/site\/wp-content\/uploads\/2025\/05\/Papa-Leao-XIV-celebra-primeira-missa-no-Vaticano-%E2%80%94-Foto-Vatican-Media-AFP.png?fit=700%2C444&ssl=1","jetpack_sharing_enabled":true,"publishpress_future_workflow_manual_trigger":{"enabledWorkflows":[]},"_links":{"self":[{"href":"https:\/\/blogdoeloiltoncajuhy.com.br\/site\/wp-json\/wp\/v2\/posts\/91969","targetHints":{"allow":["GET"]}}],"collection":[{"href":"https:\/\/blogdoeloiltoncajuhy.com.br\/site\/wp-json\/wp\/v2\/posts"}],"about":[{"href":"https:\/\/blogdoeloiltoncajuhy.com.br\/site\/wp-json\/wp\/v2\/types\/post"}],"author":[{"embeddable":true,"href":"https:\/\/blogdoeloiltoncajuhy.com.br\/site\/wp-json\/wp\/v2\/users\/2"}],"replies":[{"embeddable":true,"href":"https:\/\/blogdoeloiltoncajuhy.com.br\/site\/wp-json\/wp\/v2\/comments?post=91969"}],"version-history":[{"count":1,"href":"https:\/\/blogdoeloiltoncajuhy.com.br\/site\/wp-json\/wp\/v2\/posts\/91969\/revisions"}],"predecessor-version":[{"id":91970,"href":"https:\/\/blogdoeloiltoncajuhy.com.br\/site\/wp-json\/wp\/v2\/posts\/91969\/revisions\/91970"}],"wp:featuredmedia":[{"embeddable":true,"href":"https:\/\/blogdoeloiltoncajuhy.com.br\/site\/wp-json\/wp\/v2\/media\/87574"}],"wp:attachment":[{"href":"https:\/\/blogdoeloiltoncajuhy.com.br\/site\/wp-json\/wp\/v2\/media?parent=91969"}],"wp:term":[{"taxonomy":"category","embeddable":true,"href":"https:\/\/blogdoeloiltoncajuhy.com.br\/site\/wp-json\/wp\/v2\/categories?post=91969"},{"taxonomy":"post_tag","embeddable":true,"href":"https:\/\/blogdoeloiltoncajuhy.com.br\/site\/wp-json\/wp\/v2\/tags?post=91969"}],"curies":[{"name":"wp","href":"https:\/\/api.w.org\/{rel}","templated":true}]}}