{"id":91953,"date":"2025-12-04T08:53:48","date_gmt":"2025-12-04T11:53:48","guid":{"rendered":"https:\/\/blogdoeloiltoncajuhy.com.br\/site\/?p=91953"},"modified":"2025-12-04T08:53:50","modified_gmt":"2025-12-04T11:53:50","slug":"pai-filho-e-a-praca-uma-historia-de-rupturas-urbanas-em-senhor-do-bonfim","status":"publish","type":"post","link":"https:\/\/blogdoeloiltoncajuhy.com.br\/site\/pai-filho-e-a-praca-uma-historia-de-rupturas-urbanas-em-senhor-do-bonfim\/","title":{"rendered":"Pai, filho e a pra\u00e7a: uma hist\u00f3ria de rupturas urbanas em Senhor do Bonfim"},"content":{"rendered":"\n<p class=\"has-medium-font-size\"><strong>Entre a indigna\u00e7\u00e3o popular e novas propostas arquitet\u00f4nicas, a Pra\u00e7a Nova do Congresso viveu d\u00e9cadas de transforma\u00e7\u00e3o<\/strong><\/p>\n\n\n\n<p><strong>Blog do Eloilton Cajuhy &#8211; BEC<\/strong><\/p>\n\n\n\n<figure class=\"wp-block-image aligncenter size-full\"><a href=\"https:\/\/i0.wp.com\/blogdoeloiltoncajuhy.com.br\/site\/wp-content\/uploads\/2025\/12\/Praca-Nova-antiga-Foto-Mauro-Coelho.png?ssl=1\"><img data-recalc-dims=\"1\" fetchpriority=\"high\" decoding=\"async\" width=\"800\" height=\"449\" src=\"https:\/\/i0.wp.com\/blogdoeloiltoncajuhy.com.br\/site\/wp-content\/uploads\/2025\/12\/Praca-Nova-antiga-Foto-Mauro-Coelho.png?resize=800%2C449&#038;ssl=1\" alt=\"\" class=\"wp-image-91954\" srcset=\"https:\/\/i0.wp.com\/blogdoeloiltoncajuhy.com.br\/site\/wp-content\/uploads\/2025\/12\/Praca-Nova-antiga-Foto-Mauro-Coelho.png?w=980&amp;ssl=1 980w, https:\/\/i0.wp.com\/blogdoeloiltoncajuhy.com.br\/site\/wp-content\/uploads\/2025\/12\/Praca-Nova-antiga-Foto-Mauro-Coelho.png?resize=300%2C168&amp;ssl=1 300w, https:\/\/i0.wp.com\/blogdoeloiltoncajuhy.com.br\/site\/wp-content\/uploads\/2025\/12\/Praca-Nova-antiga-Foto-Mauro-Coelho.png?resize=768%2C431&amp;ssl=1 768w\" sizes=\"(max-width: 800px) 100vw, 800px\" \/><\/a><figcaption class=\"wp-element-caption\"><sub>Foto: Mauro Coelho<\/sub><\/figcaption><\/figure>\n\n\n\n<p><strong><a href=\"https:\/\/whatsapp.com\/channel\/0029VaAT7tDLI8Yfj5y9Z50Z\" target=\"_blank\" rel=\"noreferrer noopener\"><mark style=\"background-color:rgba(0, 0, 0, 0)\" class=\"has-inline-color has-luminous-vivid-orange-color\">>> Clique aqui e entre no canal do BEC no WhatsApp<\/mark><\/a><\/strong><\/p>\n\n\n\n<p>No final da d\u00e9cada de 1960, na gest\u00e3o do prefeito C\u00e2ndido F\u00e9lix Martins, foi realizada uma das mais controversas obras da hist\u00f3ria de Senhor do Bonfim.<\/p>\n\n\n\n<p>Durante a reforma da Pra\u00e7a Nova do Congresso, para constru\u00e7\u00e3o de uma suntuosa fonte luminosa, o antigo coreto foi demolido, fato que causou grande indigna\u00e7\u00e3o e revolta por parte da popula\u00e7\u00e3o.<\/p>\n\n\n\n<p>Ironicamente, no meado da d\u00e9cada de 1980, na administra\u00e7\u00e3o de C\u00e2ndido Augusto Martins, filho de C\u00e2ndido F\u00e9lix, outra mudan\u00e7a arquitet\u00f4nica foi realizada na pra\u00e7a, que culminou com a retirada da pol\u00eamica fonte luminosa.<\/p>\n\n\n\n<p><strong><em>Com informa\u00e7\u00f5es da p\u00e1gina Minha Cidade<\/em><\/strong><\/p>\n","protected":false},"excerpt":{"rendered":"<p>Entre a indigna\u00e7\u00e3o popular e novas propostas arquitet\u00f4nicas, a Pra\u00e7a Nova do Congresso viveu d\u00e9cadas de transforma\u00e7\u00e3o Blog do Eloilton Cajuhy &#8211; BEC >> Clique aqui e entre no canal do BEC no WhatsApp No final da d\u00e9cada de 1960, na gest\u00e3o do prefeito C\u00e2ndido F\u00e9lix Martins, foi realizada uma das mais controversas obras da [&hellip;]<\/p>\n","protected":false},"author":2,"featured_media":91954,"comment_status":"open","ping_status":"open","sticky":false,"template":"","format":"standard","meta":{"_acf_changed":false,"_monsterinsights_skip_tracking":false,"_monsterinsights_sitenote_active":false,"_monsterinsights_sitenote_note":"","_monsterinsights_sitenote_category":0,"_jetpack_memberships_contains_paid_content":false,"footnotes":"","jetpack_publicize_message":"","jetpack_publicize_feature_enabled":true,"jetpack_social_post_already_shared":true,"jetpack_social_options":{"image_generator_settings":{"template":"highway","default_image_id":0,"font":"","enabled":false},"version":2}},"categories":[4],"tags":[],"class_list":["post-91953","post","type-post","status-publish","format-standard","has-post-thumbnail","hentry","category-local"],"acf":[],"jetpack_publicize_connections":[],"jetpack_featured_media_url":"https:\/\/i0.wp.com\/blogdoeloiltoncajuhy.com.br\/site\/wp-content\/uploads\/2025\/12\/Praca-Nova-antiga-Foto-Mauro-Coelho.png?fit=980%2C550&ssl=1","jetpack_sharing_enabled":true,"publishpress_future_workflow_manual_trigger":{"enabledWorkflows":[]},"_links":{"self":[{"href":"https:\/\/blogdoeloiltoncajuhy.com.br\/site\/wp-json\/wp\/v2\/posts\/91953","targetHints":{"allow":["GET"]}}],"collection":[{"href":"https:\/\/blogdoeloiltoncajuhy.com.br\/site\/wp-json\/wp\/v2\/posts"}],"about":[{"href":"https:\/\/blogdoeloiltoncajuhy.com.br\/site\/wp-json\/wp\/v2\/types\/post"}],"author":[{"embeddable":true,"href":"https:\/\/blogdoeloiltoncajuhy.com.br\/site\/wp-json\/wp\/v2\/users\/2"}],"replies":[{"embeddable":true,"href":"https:\/\/blogdoeloiltoncajuhy.com.br\/site\/wp-json\/wp\/v2\/comments?post=91953"}],"version-history":[{"count":1,"href":"https:\/\/blogdoeloiltoncajuhy.com.br\/site\/wp-json\/wp\/v2\/posts\/91953\/revisions"}],"predecessor-version":[{"id":91955,"href":"https:\/\/blogdoeloiltoncajuhy.com.br\/site\/wp-json\/wp\/v2\/posts\/91953\/revisions\/91955"}],"wp:featuredmedia":[{"embeddable":true,"href":"https:\/\/blogdoeloiltoncajuhy.com.br\/site\/wp-json\/wp\/v2\/media\/91954"}],"wp:attachment":[{"href":"https:\/\/blogdoeloiltoncajuhy.com.br\/site\/wp-json\/wp\/v2\/media?parent=91953"}],"wp:term":[{"taxonomy":"category","embeddable":true,"href":"https:\/\/blogdoeloiltoncajuhy.com.br\/site\/wp-json\/wp\/v2\/categories?post=91953"},{"taxonomy":"post_tag","embeddable":true,"href":"https:\/\/blogdoeloiltoncajuhy.com.br\/site\/wp-json\/wp\/v2\/tags?post=91953"}],"curies":[{"name":"wp","href":"https:\/\/api.w.org\/{rel}","templated":true}]}}