{"id":91945,"date":"2025-12-04T08:18:46","date_gmt":"2025-12-04T11:18:46","guid":{"rendered":"https:\/\/blogdoeloiltoncajuhy.com.br\/site\/?p=91945"},"modified":"2025-12-04T08:18:48","modified_gmt":"2025-12-04T11:18:48","slug":"fim-de-ano-e-exageros-cresce-o-numero-de-pessoas-com-diabetes-e-brasil-e-o-6o-pais-mais-afetado-no-mundo","status":"publish","type":"post","link":"https:\/\/blogdoeloiltoncajuhy.com.br\/site\/fim-de-ano-e-exageros-cresce-o-numero-de-pessoas-com-diabetes-e-brasil-e-o-6o-pais-mais-afetado-no-mundo\/","title":{"rendered":"Fim de ano e exageros: Cresce o n\u00famero de pessoas com diabetes e Brasil \u00e9 o 6\u00ba pa\u00eds mais afetado no mundo"},"content":{"rendered":"\n<p class=\"has-medium-font-size\"><strong>Especialista alerta que, embora os sintomas sejam silenciosos, o descontrole pode causar complica\u00e7\u00f5es<\/strong><\/p>\n\n\n\n<p><strong>Blog do Eloilton Cajuhy &#8211; BEC<\/strong><\/p>\n\n\n\n<figure class=\"wp-block-image aligncenter size-full\"><a href=\"https:\/\/i0.wp.com\/blogdoeloiltoncajuhy.com.br\/site\/wp-content\/uploads\/2025\/12\/Diabetes-Doencas-Foto-Pixabay.jpg?ssl=1\"><img data-recalc-dims=\"1\" fetchpriority=\"high\" decoding=\"async\" width=\"768\" height=\"512\" src=\"https:\/\/i0.wp.com\/blogdoeloiltoncajuhy.com.br\/site\/wp-content\/uploads\/2025\/12\/Diabetes-Doencas-Foto-Pixabay.jpg?resize=768%2C512&#038;ssl=1\" alt=\"\" class=\"wp-image-91946\" srcset=\"https:\/\/i0.wp.com\/blogdoeloiltoncajuhy.com.br\/site\/wp-content\/uploads\/2025\/12\/Diabetes-Doencas-Foto-Pixabay.jpg?w=768&amp;ssl=1 768w, https:\/\/i0.wp.com\/blogdoeloiltoncajuhy.com.br\/site\/wp-content\/uploads\/2025\/12\/Diabetes-Doencas-Foto-Pixabay.jpg?resize=300%2C200&amp;ssl=1 300w\" sizes=\"(max-width: 768px) 100vw, 768px\" \/><\/a><figcaption class=\"wp-element-caption\"><sub>Foto: Pixabay<\/sub><\/figcaption><\/figure>\n\n\n\n<p>\u201cEu pensei que os exames alterados eram um erro, justamente porque n\u00e3o tinha sintomas\u201d, conta Nayara Dantas sobre o diagn\u00f3stico de diabetes. O relato sobre os sintomas \u2014 silenciosos \u2014 da m\u00e9dica veterin\u00e1ria \u00e9 parecido com o de muitos pacientes quando descobrem a doen\u00e7a. Cerca de 589 milh\u00f5es de pessoas entre 20 e 79 anos convivem com a condi\u00e7\u00e3o no mundo, sendo que mais de 16 milh\u00f5es s\u00e3o no Brasil, o que coloca o pa\u00eds em 6\u00ba no ranking mundial, de acordo com o atlas global da doen\u00e7a, publicado pela Federa\u00e7\u00e3o Internacional de Diabetes (IDF, na sigla em ingl\u00eas).<\/p>\n\n\n\n<p><strong><a href=\"https:\/\/whatsapp.com\/channel\/0029VaAT7tDLI8Yfj5y9Z50Z\" target=\"_blank\" rel=\"noreferrer noopener\"><mark style=\"background-color:rgba(0, 0, 0, 0)\" class=\"has-inline-color has-luminous-vivid-orange-color\">>> Clique aqui e entre no canal do BEC no WhatsApp<\/mark><\/a><\/strong><\/p>\n\n\n\n<p>Nos \u00faltimos quatro anos, o pa\u00eds teve uma alta de quase 6% no n\u00famero de pessoas que desenvolveram a doen\u00e7a. Segundo o Dr. Humberto Guedes, especialista em sa\u00fade metab\u00f3lica, um dos principais desafios da diabetes no Brasil \u00e9 a neglig\u00eancia com a pr\u00f3pria sa\u00fade e a falta de preven\u00e7\u00e3o.<\/p>\n\n\n\n<blockquote class=\"wp-block-quote is-layout-flow wp-block-quote-is-layout-flow\">\n<p><strong><mark style=\"background-color:rgba(0, 0, 0, 0)\" class=\"has-inline-color has-black-color\">\u201cO brasileiro n\u00e3o tem o costume de realizar exames preventivos e deixa a sa\u00fade em segundo plano, indo ao m\u00e9dico apenas quando realmente se sente doente. E a diabetes, principalmente a tipo 2, n\u00e3o possui sintomas at\u00e9 maiores complica\u00e7\u00f5es\u201d.<\/mark><\/strong><\/p>\n<\/blockquote>\n\n\n\n<p>Existem alguns tipos de diabetes, sendo que as mais comuns s\u00e3o a tipo 1, considerada uma doen\u00e7a autoimune em que o p\u00e2ncreas n\u00e3o produz insulina o suficiente, portanto, n\u00e3o h\u00e1 formas de prevenir; j\u00e1 a tipo 2 \u00e9 comumente relacionada ao estilo de vida e gen\u00e9tica, sendo poss\u00edvel de preveni-la. \u201cA diabetes tipo 2 precisa de acompanhamento e de mudan\u00e7a dos h\u00e1bitos alimentares e de vida. Sabemos que o sedentarismo e a m\u00e1 alimenta\u00e7\u00e3o est\u00e3o muito presentes e as pessoas n\u00e3o est\u00e3o dispostas a mudar. A popula\u00e7\u00e3o anda cada vez mais estressada e dormindo cada vez menos e com pior qualidade. Cessar o tabagismo e ter controle do consumo de \u00e1lcool s\u00e3o alguns dos fatores primordiais quando falamos de preven\u00e7\u00e3o da diabetes\u201d, explica o m\u00e9dico.<\/p>\n\n\n\n<p class=\"has-black-color has-text-color has-link-color has-medium-font-size wp-elements-cc8cd7da854a20ae8ec8f7e6439f8049\"><strong>Descontrole resulta em casos mais graves<\/strong><\/p>\n\n\n\n<p>A melhoria nos h\u00e1bitos de vida n\u00e3o \u00e9 apenas uma forma de prevenir, mas tamb\u00e9m de controlar a doen\u00e7a quando ela de fato \u00e9 diagnosticada. Apesar de n\u00e3o ter cura, \u00e9 poss\u00edvel uma remiss\u00e3o na diabetes tipo 2, at\u00e9 mesmo para sair das medica\u00e7\u00f5es. Mas quando o estilo de vida n\u00e3o muda, as complica\u00e7\u00f5es aumentam, como a demora na cicatriza\u00e7\u00e3o de feridas e les\u00f5es, o que leva a infec\u00e7\u00f5es, vis\u00e3o turva, fadiga e cansa\u00e7o extremo. \u201cEu j\u00e1 tive crise de ansiedade, fiquei em coma e quase perdi a vis\u00e3o de um olho por conta de uma retinopatia, uma complica\u00e7\u00e3o causada pelo descontrole da doen\u00e7a\u201d, alerta Nayara.<\/p>\n\n\n\n<p>A m\u00e9dica veterin\u00e1ria conta que, por conta dos cuidados com o seu filho, deixou a atividade f\u00edsica de lado, mas afirma que a diabetes \u00e9 sin\u00f4nimo de controle, tanto da alimenta\u00e7\u00e3o, quanto do emocional e nos h\u00e1bitos.<\/p>\n\n\n\n<blockquote class=\"wp-block-quote is-layout-flow wp-block-quote-is-layout-flow\">\n<p><strong><mark style=\"background-color:rgba(0, 0, 0, 0)\" class=\"has-inline-color has-black-color\">\u201c\u00c9 muito dif\u00edcil, porque a gente n\u00e3o sente dor e s\u00f3 percebe algum problema quando a doen\u00e7a realmente est\u00e1 descontrolada, como no caso da hipoglicemia, ou quando ela est\u00e1 alta por muito tempo. A mensagem que eu deixo \u00e9 cuidem e controlem, porque os problemas da diabetes voc\u00ea v\u00ea com o passar do tempo\u201d.<\/mark><\/strong><\/p>\n<\/blockquote>\n\n\n\n<p>De acordo com Humberto, alguns pacientes que possuem a doen\u00e7a perdem a sensibilidade dos membros, pois a diabetes afeta as termina\u00e7\u00f5es nervosas, o que resulta em feridas e les\u00f5es com dif\u00edcil cicatriza\u00e7\u00e3o.<\/p>\n\n\n\n<blockquote class=\"wp-block-quote is-layout-flow wp-block-quote-is-layout-flow\">\n<p><strong><mark style=\"background-color:rgba(0, 0, 0, 0)\" class=\"has-inline-color has-black-color\">\u201cA diabetes afeta a vida das pessoas e muitas n\u00e3o entendem o impacto negativo. Quanto mais cedo entender e tratar, menores ser\u00e3o as complica\u00e7\u00f5es e o impacto psicol\u00f3gico e f\u00edsico, al\u00e9m de um melhor progn\u00f3stico econ\u00f4mico e social\u201d.<\/mark><\/strong><\/p>\n<\/blockquote>\n\n\n\n<p>O m\u00e9dico ainda afirma que os gastos para mudar os h\u00e1bitos de vida s\u00e3o menores do que os custos com poss\u00edveis interna\u00e7\u00f5es e medicamentos.<\/p>\n\n\n\n<p class=\"has-black-color has-text-color has-link-color has-medium-font-size wp-elements-fac4deb86ad3a4db57fa366e97a2198e\"><strong>Tratamento e diagn\u00f3stico<\/strong><\/p>\n\n\n\n<p>Atualmente, as medica\u00e7\u00f5es que tratam a doen\u00e7a visam diminuir a resist\u00eancia \u00e0 insulina. \u201cO corpo de uma pessoa diab\u00e9tica come\u00e7a a ter resist\u00eancia \u00e0 insulina, ou seja, ela tem que ser cada vez mais alta para que o seu organismo absorva o excesso de a\u00e7\u00facar no seu sangue\u201d, explica Humberto. Como parte do tratamento, tamb\u00e9m est\u00e1 a mudan\u00e7a de h\u00e1bitos, que auxilia na remiss\u00e3o.<\/p>\n\n\n\n<p>Al\u00e9m dos f\u00e1rmacos, existe a necessidade de monitoramento da glicose. A frequ\u00eancia depende do tipo e do plano de tratamento. Nayara utiliza um sensor colado na pele, que indica os n\u00edveis de glicose, eliminando a necessidade de picadas no dedo e facilitando o controle. Al\u00e9m disso, seu tratamento consiste na aplica\u00e7\u00e3o de insulina basal todos os dias.<\/p>\n","protected":false},"excerpt":{"rendered":"<p>Especialista alerta que, embora os sintomas sejam silenciosos, o descontrole pode causar complica\u00e7\u00f5es Blog do Eloilton Cajuhy &#8211; BEC \u201cEu pensei que os exames alterados eram um erro, justamente porque n\u00e3o tinha sintomas\u201d, conta Nayara Dantas sobre o diagn\u00f3stico de diabetes. O relato sobre os sintomas \u2014 silenciosos \u2014 da m\u00e9dica veterin\u00e1ria \u00e9 parecido com [&hellip;]<\/p>\n","protected":false},"author":2,"featured_media":91946,"comment_status":"open","ping_status":"open","sticky":false,"template":"","format":"standard","meta":{"_acf_changed":false,"_monsterinsights_skip_tracking":false,"_monsterinsights_sitenote_active":false,"_monsterinsights_sitenote_note":"","_monsterinsights_sitenote_category":0,"_jetpack_memberships_contains_paid_content":false,"footnotes":"","jetpack_publicize_message":"","jetpack_publicize_feature_enabled":true,"jetpack_social_post_already_shared":false,"jetpack_social_options":{"image_generator_settings":{"template":"highway","default_image_id":0,"font":"","enabled":false},"version":2}},"categories":[7],"tags":[],"class_list":["post-91945","post","type-post","status-publish","format-standard","has-post-thumbnail","hentry","category-saude"],"acf":[],"jetpack_publicize_connections":[],"jetpack_featured_media_url":"https:\/\/i0.wp.com\/blogdoeloiltoncajuhy.com.br\/site\/wp-content\/uploads\/2025\/12\/Diabetes-Doencas-Foto-Pixabay.jpg?fit=768%2C512&ssl=1","jetpack_sharing_enabled":true,"publishpress_future_workflow_manual_trigger":{"enabledWorkflows":[]},"_links":{"self":[{"href":"https:\/\/blogdoeloiltoncajuhy.com.br\/site\/wp-json\/wp\/v2\/posts\/91945","targetHints":{"allow":["GET"]}}],"collection":[{"href":"https:\/\/blogdoeloiltoncajuhy.com.br\/site\/wp-json\/wp\/v2\/posts"}],"about":[{"href":"https:\/\/blogdoeloiltoncajuhy.com.br\/site\/wp-json\/wp\/v2\/types\/post"}],"author":[{"embeddable":true,"href":"https:\/\/blogdoeloiltoncajuhy.com.br\/site\/wp-json\/wp\/v2\/users\/2"}],"replies":[{"embeddable":true,"href":"https:\/\/blogdoeloiltoncajuhy.com.br\/site\/wp-json\/wp\/v2\/comments?post=91945"}],"version-history":[{"count":1,"href":"https:\/\/blogdoeloiltoncajuhy.com.br\/site\/wp-json\/wp\/v2\/posts\/91945\/revisions"}],"predecessor-version":[{"id":91947,"href":"https:\/\/blogdoeloiltoncajuhy.com.br\/site\/wp-json\/wp\/v2\/posts\/91945\/revisions\/91947"}],"wp:featuredmedia":[{"embeddable":true,"href":"https:\/\/blogdoeloiltoncajuhy.com.br\/site\/wp-json\/wp\/v2\/media\/91946"}],"wp:attachment":[{"href":"https:\/\/blogdoeloiltoncajuhy.com.br\/site\/wp-json\/wp\/v2\/media?parent=91945"}],"wp:term":[{"taxonomy":"category","embeddable":true,"href":"https:\/\/blogdoeloiltoncajuhy.com.br\/site\/wp-json\/wp\/v2\/categories?post=91945"},{"taxonomy":"post_tag","embeddable":true,"href":"https:\/\/blogdoeloiltoncajuhy.com.br\/site\/wp-json\/wp\/v2\/tags?post=91945"}],"curies":[{"name":"wp","href":"https:\/\/api.w.org\/{rel}","templated":true}]}}