{"id":91940,"date":"2025-12-03T18:07:02","date_gmt":"2025-12-03T21:07:02","guid":{"rendered":"https:\/\/blogdoeloiltoncajuhy.com.br\/site\/?p=91940"},"modified":"2025-12-03T18:07:04","modified_gmt":"2025-12-03T21:07:04","slug":"expectativa-de-vida-quase-dobra-mas-pais-envelhece-mal","status":"publish","type":"post","link":"https:\/\/blogdoeloiltoncajuhy.com.br\/site\/expectativa-de-vida-quase-dobra-mas-pais-envelhece-mal\/","title":{"rendered":"Expectativa de vida quase dobra, mas pa\u00eds envelhece mal"},"content":{"rendered":"\n<p class=\"has-medium-font-size\"><strong>\u00c9 urgente criar pol\u00edticas de sa\u00fade p\u00fablica para cuidar dos idosos<\/strong><\/p>\n\n\n\n<p><strong>*Por Drauzio Varella<\/strong><\/p>\n\n\n\n<figure class=\"wp-block-image aligncenter size-full\"><a href=\"https:\/\/i0.wp.com\/blogdoeloiltoncajuhy.com.br\/site\/wp-content\/uploads\/2024\/05\/Idosos_Foto-O-Segredo.jpg\"><img data-recalc-dims=\"1\" fetchpriority=\"high\" decoding=\"async\" width=\"780\" height=\"542\" src=\"https:\/\/i0.wp.com\/blogdoeloiltoncajuhy.com.br\/site\/wp-content\/uploads\/2024\/05\/Idosos_Foto-O-Segredo.jpg?resize=780%2C542\" alt=\"\" class=\"wp-image-80832\" srcset=\"https:\/\/i0.wp.com\/blogdoeloiltoncajuhy.com.br\/site\/wp-content\/uploads\/2024\/05\/Idosos_Foto-O-Segredo.jpg?w=780&amp;ssl=1 780w, https:\/\/i0.wp.com\/blogdoeloiltoncajuhy.com.br\/site\/wp-content\/uploads\/2024\/05\/Idosos_Foto-O-Segredo.jpg?resize=300%2C208&amp;ssl=1 300w, https:\/\/i0.wp.com\/blogdoeloiltoncajuhy.com.br\/site\/wp-content\/uploads\/2024\/05\/Idosos_Foto-O-Segredo.jpg?resize=768%2C534&amp;ssl=1 768w\" sizes=\"(max-width: 780px) 100vw, 780px\" \/><\/a><figcaption class=\"wp-element-caption\"><sub>Foto: O Segredo<\/sub><\/figcaption><\/figure>\n\n\n\n<p>&#8220;\u00d4nibus entrou na casa humilde e foi apanhar a velhinha de 42 anos&#8221;, dizia a manchete na primeira p\u00e1gina do Jornal do Commercio de Manaus, em janeiro de 1904.<\/p>\n\n\n\n<p>N\u00e3o se considere ofendida, prezada leitora, essa era a m\u00e9dia de expectativa de vida na Manaus do in\u00edcio do s\u00e9culo 20.<\/p>\n\n\n\n<p>Desde ent\u00e3o, esse n\u00famero quase duplicou no Brasil: no ano passado atingiu 76,6 anos, segundo o IBGE. Para os homens, 73,9 anos; para as mulheres, 79,9 anos. Apesar da disparidade, poucos t\u00eam consci\u00eancia de que, se existe um sexo fr\u00e1gil, somos n\u00f3s, n\u00e3o elas.<\/p>\n\n\n\n<p>A primeira raz\u00e3o para esse salto num\u00e9rico foi o desenvolvimento econ\u00f4mico: \u00e9ramos um pa\u00eds muito pobre, assolado por endemias rurais, com altas taxas de mortalidade infantil, rec\u00e9m-sa\u00eddo da escravid\u00e3o, que abandonara \u00e0 pr\u00f3pria sorte a popula\u00e7\u00e3o negra &#8220;libertada&#8221;.<\/p>\n\n\n\n<p>A cria\u00e7\u00e3o do SUS e os avan\u00e7os da medicina foram decisivos: vacinas, antibi\u00f3ticos, pasteuriza\u00e7\u00e3o do leite, saneamento b\u00e1sico (limitado at\u00e9 hoje) e o soro caseiro.<\/p>\n\n\n\n<p><strong><a href=\"https:\/\/whatsapp.com\/channel\/0029VaAT7tDLI8Yfj5y9Z50Z\" target=\"_blank\" rel=\"noreferrer noopener\"><mark style=\"background-color:rgba(0, 0, 0, 0)\" class=\"has-inline-color has-luminous-vivid-orange-color\">>> Clique aqui e entre no canal do BEC no WhatsApp<\/mark><\/a><\/strong><\/p>\n\n\n\n<p>A introdu\u00e7\u00e3o do soro caseiro foi considerada pela Organiza\u00e7\u00e3o Mundial da Sa\u00fade e pela revista m\u00e9dica The Lancet o procedimento que mais vidas salvou no mundo no decorrer do s\u00e9culo 20. Aqui tamb\u00e9m: a Pastoral da Crian\u00e7a, conduzida pela doutora Zilda Arns e por dom Geraldo Agnello, teve papel decisivo na implanta\u00e7\u00e3o do programa de populariza\u00e7\u00e3o do soro caseiro, com grande impacto na redu\u00e7\u00e3o da mortalidade infantil.<\/p>\n\n\n\n<p>Quando eu nasci, na d\u00e9cada de 1940, a mortalidade infantil era de quase 150 em cada 1.000 nascimentos. No ano passado, esse \u00edndice caiu para 12,3. Ainda assim, estamos longe dos 2,4 da Su\u00e9cia e dos 4,1 da Fran\u00e7a.<\/p>\n\n\n\n<p>Nos \u00faltimos anos, deixamos de ser um pa\u00eds de crian\u00e7as, adolescentes e adultos jovens. Hoje, a faixa et\u00e1ria que mais cresce \u00e9 a que passou dos 60 anos. Somos mais de 32 milh\u00f5es.<\/p>\n\n\n\n<p>O problema \u00e9 que envelhecemos mal. De acordo com a Sociedade Brasileira de Cardiologia, de 60% a 65% das mulheres e dos homens chegam aos 60 anos com hipertens\u00e3o arterial. Segundo a Sociedade Brasileira de Endocrinologia, h\u00e1 pelo menos 16 milh\u00f5es de pessoas com diabetes, a maioria das quais nessa faixa et\u00e1ria.<\/p>\n\n\n\n<p>Essas duas condi\u00e7\u00f5es s\u00e3o as principais causas de infartos do mioc\u00e1rdio, AVCs e outras enfermidades cardiovasculares, insufici\u00eancia renal cr\u00f4nica, cegueira e amputa\u00e7\u00f5es de membros, entre outros males que trazem sofrimento, encurtam a vida e elevam \u00e0s alturas os custos da sa\u00fade.<\/p>\n\n\n\n<p>\u00c9 verdade que todos querem viver muito, mas n\u00e3o a qualquer pre\u00e7o. Ningu\u00e9m quer passar seus \u00faltimos anos jogado numa cama, de fralda, com uma sonda no est\u00f4mago, dando trabalho para familiares que ele nem reconhece mais. O Minist\u00e9rio da Sa\u00fade calcula que pelo menos 8,5% dos que chegam aos 60 anos apresentam algum grau de dem\u00eancia, n\u00famero que certamente subestima o total.<\/p>\n\n\n\n<p>Nenhum pa\u00eds est\u00e1 preparado para amparar essa multid\u00e3o de pessoas com d\u00e9ficits cognitivos, debilitadas, incapazes de executar as tarefas mais comezinhas. Nem o Jap\u00e3o, pa\u00eds rico, em que a expectativa m\u00e9dia est\u00e1 ao redor dos 85 anos.<\/p>\n\n\n\n<p>Uma pessoa com dem\u00eancia exige aten\u00e7\u00e3o permanente para enfrentar um cortejo de complica\u00e7\u00f5es: confus\u00e3o mental, ins\u00f4nia, fases de agressividade, transtornos de personalidade, comportamentos inadequados, desorienta\u00e7\u00e3o, dificuldade progressiva de coordena\u00e7\u00e3o motora, entre outras.<\/p>\n\n\n\n<p>Nessas condi\u00e7\u00f5es, h\u00e1 demanda permanente de profissionais de v\u00e1rias \u00e1reas: fisioterapia, fonoaudiologia, terapia ocupacional, psicologia e psiquiatria, m\u00e9dicos, enfermeiras e cuidadores. Nem o SUS nem os planos de sa\u00fade est\u00e3o estruturados para atender esses pacientes.<\/p>\n\n\n\n<p>Sem contar com a ajuda do sistema de sa\u00fade, s\u00f3 resta \u00e0s fam\u00edlias enfrentar o problema por conta pr\u00f3pria. Em geral, a responsabilidade \u00e9 assumida por uma mulher, seja esposa, seja filha, que desiste da vida pessoal para atender \u00e0s necessidades do outro.<\/p>\n\n\n\n<p>Com o tempo, a acompanhante fica esgotada e sujeita a transtornos psiqui\u00e1tricos que v\u00e3o da ansiedade generalizada \u00e0 depress\u00e3o grave, quadro que alguns chamam de &#8220;s\u00edndrome da cuidadora&#8221;. Quando isso acontece, passamos a ter duas pessoas doentes na mesma casa.<\/p>\n\n\n\n<p>J\u00e1 est\u00e1 dif\u00edcil encontrar uma fam\u00edlia que n\u00e3o tenha parentes pr\u00f3ximos com algum grau de dem\u00eancia. \u00c9 urgente criar pol\u00edticas de sa\u00fade p\u00fablica para cuidar deles. Mesmo porque, se tivermos a sorte de n\u00e3o morrer cedo, o risco de nos tornarmos um deles ser\u00e1 cada vez mais alto.<\/p>\n\n\n\n<p><strong>Drauzio Varella<\/strong><br><em>M\u00e9dico cancerologista, autor de \u201cEsta\u00e7\u00e3o Carandiru\u201d<\/em><\/p>\n","protected":false},"excerpt":{"rendered":"<p>\u00c9 urgente criar pol\u00edticas de sa\u00fade p\u00fablica para cuidar dos idosos *Por Drauzio Varella &#8220;\u00d4nibus entrou na casa humilde e foi apanhar a velhinha de 42 anos&#8221;, dizia a manchete na primeira p\u00e1gina do Jornal do Commercio de Manaus, em janeiro de 1904. N\u00e3o se considere ofendida, prezada leitora, essa era a m\u00e9dia de expectativa [&hellip;]<\/p>\n","protected":false},"author":2,"featured_media":80832,"comment_status":"open","ping_status":"open","sticky":false,"template":"","format":"standard","meta":{"_acf_changed":false,"_monsterinsights_skip_tracking":false,"_monsterinsights_sitenote_active":false,"_monsterinsights_sitenote_note":"","_monsterinsights_sitenote_category":0,"_jetpack_memberships_contains_paid_content":false,"footnotes":"","jetpack_publicize_message":"","jetpack_publicize_feature_enabled":true,"jetpack_social_post_already_shared":true,"jetpack_social_options":{"image_generator_settings":{"template":"highway","default_image_id":0,"font":"","enabled":false},"version":2}},"categories":[2],"tags":[],"class_list":["post-91940","post","type-post","status-publish","format-standard","has-post-thumbnail","hentry","category-opiniao"],"acf":[],"jetpack_publicize_connections":[],"jetpack_featured_media_url":"https:\/\/i0.wp.com\/blogdoeloiltoncajuhy.com.br\/site\/wp-content\/uploads\/2024\/05\/Idosos_Foto-O-Segredo.jpg?fit=780%2C542&ssl=1","jetpack_sharing_enabled":true,"publishpress_future_workflow_manual_trigger":{"enabledWorkflows":[]},"_links":{"self":[{"href":"https:\/\/blogdoeloiltoncajuhy.com.br\/site\/wp-json\/wp\/v2\/posts\/91940","targetHints":{"allow":["GET"]}}],"collection":[{"href":"https:\/\/blogdoeloiltoncajuhy.com.br\/site\/wp-json\/wp\/v2\/posts"}],"about":[{"href":"https:\/\/blogdoeloiltoncajuhy.com.br\/site\/wp-json\/wp\/v2\/types\/post"}],"author":[{"embeddable":true,"href":"https:\/\/blogdoeloiltoncajuhy.com.br\/site\/wp-json\/wp\/v2\/users\/2"}],"replies":[{"embeddable":true,"href":"https:\/\/blogdoeloiltoncajuhy.com.br\/site\/wp-json\/wp\/v2\/comments?post=91940"}],"version-history":[{"count":1,"href":"https:\/\/blogdoeloiltoncajuhy.com.br\/site\/wp-json\/wp\/v2\/posts\/91940\/revisions"}],"predecessor-version":[{"id":91941,"href":"https:\/\/blogdoeloiltoncajuhy.com.br\/site\/wp-json\/wp\/v2\/posts\/91940\/revisions\/91941"}],"wp:featuredmedia":[{"embeddable":true,"href":"https:\/\/blogdoeloiltoncajuhy.com.br\/site\/wp-json\/wp\/v2\/media\/80832"}],"wp:attachment":[{"href":"https:\/\/blogdoeloiltoncajuhy.com.br\/site\/wp-json\/wp\/v2\/media?parent=91940"}],"wp:term":[{"taxonomy":"category","embeddable":true,"href":"https:\/\/blogdoeloiltoncajuhy.com.br\/site\/wp-json\/wp\/v2\/categories?post=91940"},{"taxonomy":"post_tag","embeddable":true,"href":"https:\/\/blogdoeloiltoncajuhy.com.br\/site\/wp-json\/wp\/v2\/tags?post=91940"}],"curies":[{"name":"wp","href":"https:\/\/api.w.org\/{rel}","templated":true}]}}