{"id":91937,"date":"2025-12-03T17:43:42","date_gmt":"2025-12-03T20:43:42","guid":{"rendered":"https:\/\/blogdoeloiltoncajuhy.com.br\/site\/?p=91937"},"modified":"2025-12-03T17:43:44","modified_gmt":"2025-12-03T20:43:44","slug":"marilia-mendonca-tem-musicas-para-mais-de-20-anos-diz-empresario","status":"publish","type":"post","link":"https:\/\/blogdoeloiltoncajuhy.com.br\/site\/marilia-mendonca-tem-musicas-para-mais-de-20-anos-diz-empresario\/","title":{"rendered":"Mar\u00edlia Mendon\u00e7a tem m\u00fasicas para \u2018mais de 20 anos\u2019, diz empres\u00e1rio"},"content":{"rendered":"\n<p class=\"has-medium-font-size\"><strong>Acervo da cantora inclui faixas guardadas em pen drive<\/strong><\/p>\n\n\n\n<p><strong>Por Billboard Brasil<\/strong><\/p>\n\n\n\n<figure class=\"wp-block-image aligncenter size-full\"><a href=\"https:\/\/i0.wp.com\/blogdoeloiltoncajuhy.com.br\/site\/wp-content\/uploads\/2025\/12\/Marilia-Mendonca-Foto-Adriano-Vizoni-Folhapress-ILUSTRADA.jpg?ssl=1\"><img data-recalc-dims=\"1\" fetchpriority=\"high\" decoding=\"async\" width=\"800\" height=\"533\" src=\"https:\/\/i0.wp.com\/blogdoeloiltoncajuhy.com.br\/site\/wp-content\/uploads\/2025\/12\/Marilia-Mendonca-Foto-Adriano-Vizoni-Folhapress-ILUSTRADA.jpg?resize=800%2C533&#038;ssl=1\" alt=\"\" class=\"wp-image-91938\" srcset=\"https:\/\/i0.wp.com\/blogdoeloiltoncajuhy.com.br\/site\/wp-content\/uploads\/2025\/12\/Marilia-Mendonca-Foto-Adriano-Vizoni-Folhapress-ILUSTRADA.jpg?w=800&amp;ssl=1 800w, https:\/\/i0.wp.com\/blogdoeloiltoncajuhy.com.br\/site\/wp-content\/uploads\/2025\/12\/Marilia-Mendonca-Foto-Adriano-Vizoni-Folhapress-ILUSTRADA.jpg?resize=300%2C200&amp;ssl=1 300w, https:\/\/i0.wp.com\/blogdoeloiltoncajuhy.com.br\/site\/wp-content\/uploads\/2025\/12\/Marilia-Mendonca-Foto-Adriano-Vizoni-Folhapress-ILUSTRADA.jpg?resize=768%2C512&amp;ssl=1 768w\" sizes=\"(max-width: 800px) 100vw, 800px\" \/><\/a><figcaption class=\"wp-element-caption\"><sub>Foto: Adriano Vizoni\/Folhapress, ILUSTRADA<\/sub><\/figcaption><\/figure>\n\n\n\n<p>Al\u00e9m dos sucessos conhecidos, Mar\u00edlia Mendon\u00e7a deixou um acervo in\u00e9dito que pode gerar lan\u00e7amentos pelos pr\u00f3ximos 20 anos, segundo o empres\u00e1rio Wander Oliveira, da WorkShow, informou ao <strong>g1<\/strong>.<\/p>\n\n\n\n<p>O legado da cantora \u00e9 administrado por tr\u00eas frentes: a fam\u00edlia, representada por Ruth Dias e Murilo Huff, pai de L\u00e9o; a gravadora Som Livre, com contrato desde 2019; e a WorkShow, respons\u00e1vel por sua carreira. Juntos, definem o que ser\u00e1 divulgado do material j\u00e1 gravado e do que ainda pode ser lan\u00e7ado.<\/p>\n\n\n\n<p><strong><a href=\"https:\/\/whatsapp.com\/channel\/0029VaAT7tDLI8Yfj5y9Z50Z\" target=\"_blank\" rel=\"noreferrer noopener\"><mark style=\"background-color:rgba(0, 0, 0, 0)\" class=\"has-inline-color has-luminous-vivid-orange-color\">>> Clique aqui e entre no canal do BEC no WhatsApp<\/mark><\/a><\/strong><\/p>\n\n\n\n<p>Parte do repert\u00f3rio veio de lives realizadas na pandemia, como \u201cSerenata\u201d, que resultou no \u00e1lbum p\u00f3stumo \u201cDecretos Reais\u201d.<\/p>\n\n\n\n<p>Um pen drive de Juliano Tchula, parceiro de composi\u00e7\u00e3o, cont\u00e9m mais de cem arquivos, entre rascunhos, m\u00fasicas in\u00e9ditas e registros de voz e viol\u00e3o. Wander defende que esse material seja preservado para que L\u00e9o decida seu destino.<\/p>\n\n\n\n<p>A fam\u00edlia e a gravadora j\u00e1 discutiram poss\u00edveis lan\u00e7amentos. O advogado Robson Cunha afirma que, por contrato, todo o repert\u00f3rio pertence \u00e0 Som Livre, mas novos acordos dependem da assinatura de Murilo Huff.<\/p>\n\n\n\n<p>A Som Livre disse ao <strong>g1<\/strong> que todos os projetos ser\u00e3o desenvolvidos em parceria com a fam\u00edlia e o escrit\u00f3rio, sempre respeitando a mem\u00f3ria da cantora.<\/p>\n","protected":false},"excerpt":{"rendered":"<p>Acervo da cantora inclui faixas guardadas em pen drive Por Billboard Brasil Al\u00e9m dos sucessos conhecidos, Mar\u00edlia Mendon\u00e7a deixou um acervo in\u00e9dito que pode gerar lan\u00e7amentos pelos pr\u00f3ximos 20 anos, segundo o empres\u00e1rio Wander Oliveira, da WorkShow, informou ao g1. O legado da cantora \u00e9 administrado por tr\u00eas frentes: a fam\u00edlia, representada por Ruth Dias [&hellip;]<\/p>\n","protected":false},"author":2,"featured_media":91938,"comment_status":"open","ping_status":"open","sticky":false,"template":"","format":"standard","meta":{"_acf_changed":false,"_monsterinsights_skip_tracking":false,"_monsterinsights_sitenote_active":false,"_monsterinsights_sitenote_note":"","_monsterinsights_sitenote_category":0,"_jetpack_memberships_contains_paid_content":false,"footnotes":"","jetpack_publicize_message":"","jetpack_publicize_feature_enabled":true,"jetpack_social_post_already_shared":true,"jetpack_social_options":{"image_generator_settings":{"template":"highway","default_image_id":0,"font":"","enabled":false},"version":2}},"categories":[8],"tags":[],"class_list":["post-91937","post","type-post","status-publish","format-standard","has-post-thumbnail","hentry","category-cultura"],"acf":[],"jetpack_publicize_connections":[],"jetpack_featured_media_url":"https:\/\/i0.wp.com\/blogdoeloiltoncajuhy.com.br\/site\/wp-content\/uploads\/2025\/12\/Marilia-Mendonca-Foto-Adriano-Vizoni-Folhapress-ILUSTRADA.jpg?fit=800%2C533&ssl=1","jetpack_sharing_enabled":true,"publishpress_future_workflow_manual_trigger":{"enabledWorkflows":[]},"_links":{"self":[{"href":"https:\/\/blogdoeloiltoncajuhy.com.br\/site\/wp-json\/wp\/v2\/posts\/91937","targetHints":{"allow":["GET"]}}],"collection":[{"href":"https:\/\/blogdoeloiltoncajuhy.com.br\/site\/wp-json\/wp\/v2\/posts"}],"about":[{"href":"https:\/\/blogdoeloiltoncajuhy.com.br\/site\/wp-json\/wp\/v2\/types\/post"}],"author":[{"embeddable":true,"href":"https:\/\/blogdoeloiltoncajuhy.com.br\/site\/wp-json\/wp\/v2\/users\/2"}],"replies":[{"embeddable":true,"href":"https:\/\/blogdoeloiltoncajuhy.com.br\/site\/wp-json\/wp\/v2\/comments?post=91937"}],"version-history":[{"count":1,"href":"https:\/\/blogdoeloiltoncajuhy.com.br\/site\/wp-json\/wp\/v2\/posts\/91937\/revisions"}],"predecessor-version":[{"id":91939,"href":"https:\/\/blogdoeloiltoncajuhy.com.br\/site\/wp-json\/wp\/v2\/posts\/91937\/revisions\/91939"}],"wp:featuredmedia":[{"embeddable":true,"href":"https:\/\/blogdoeloiltoncajuhy.com.br\/site\/wp-json\/wp\/v2\/media\/91938"}],"wp:attachment":[{"href":"https:\/\/blogdoeloiltoncajuhy.com.br\/site\/wp-json\/wp\/v2\/media?parent=91937"}],"wp:term":[{"taxonomy":"category","embeddable":true,"href":"https:\/\/blogdoeloiltoncajuhy.com.br\/site\/wp-json\/wp\/v2\/categories?post=91937"},{"taxonomy":"post_tag","embeddable":true,"href":"https:\/\/blogdoeloiltoncajuhy.com.br\/site\/wp-json\/wp\/v2\/tags?post=91937"}],"curies":[{"name":"wp","href":"https:\/\/api.w.org\/{rel}","templated":true}]}}