{"id":91934,"date":"2025-12-03T17:27:37","date_gmt":"2025-12-03T20:27:37","guid":{"rendered":"https:\/\/blogdoeloiltoncajuhy.com.br\/site\/?p=91934"},"modified":"2025-12-03T17:27:39","modified_gmt":"2025-12-03T20:27:39","slug":"rede-estadual-da-bahia-divulga-prazo-de-matricula-para-ano-letivo-de-2026","status":"publish","type":"post","link":"https:\/\/blogdoeloiltoncajuhy.com.br\/site\/rede-estadual-da-bahia-divulga-prazo-de-matricula-para-ano-letivo-de-2026\/","title":{"rendered":"Rede estadual da Bahia divulga prazo de matr\u00edcula para ano letivo de 2026"},"content":{"rendered":"\n<p class=\"has-medium-font-size\"><strong>Estudantes que perderam o prazo de renova\u00e7\u00e3o de matr\u00edcula poder\u00e3o solicitar a vaga dentro desse mesmo per\u00edodo<\/strong><\/p>\n\n\n\n<p><strong>Por g1 BA<\/strong><\/p>\n\n\n\n<figure class=\"wp-block-image aligncenter size-full\"><a href=\"https:\/\/i0.wp.com\/blogdoeloiltoncajuhy.com.br\/site\/wp-content\/uploads\/2025\/12\/Rede-estadual-divulga-prazo-para-matricula-de-2026-%E2%80%94-Foto-Divulgacao.jpg?ssl=1\"><img data-recalc-dims=\"1\" fetchpriority=\"high\" decoding=\"async\" width=\"800\" height=\"533\" src=\"https:\/\/i0.wp.com\/blogdoeloiltoncajuhy.com.br\/site\/wp-content\/uploads\/2025\/12\/Rede-estadual-divulga-prazo-para-matricula-de-2026-%E2%80%94-Foto-Divulgacao.jpg?resize=800%2C533&#038;ssl=1\" alt=\"\" class=\"wp-image-91935\" srcset=\"https:\/\/i0.wp.com\/blogdoeloiltoncajuhy.com.br\/site\/wp-content\/uploads\/2025\/12\/Rede-estadual-divulga-prazo-para-matricula-de-2026-%E2%80%94-Foto-Divulgacao.jpg?w=984&amp;ssl=1 984w, https:\/\/i0.wp.com\/blogdoeloiltoncajuhy.com.br\/site\/wp-content\/uploads\/2025\/12\/Rede-estadual-divulga-prazo-para-matricula-de-2026-%E2%80%94-Foto-Divulgacao.jpg?resize=300%2C200&amp;ssl=1 300w, https:\/\/i0.wp.com\/blogdoeloiltoncajuhy.com.br\/site\/wp-content\/uploads\/2025\/12\/Rede-estadual-divulga-prazo-para-matricula-de-2026-%E2%80%94-Foto-Divulgacao.jpg?resize=768%2C512&amp;ssl=1 768w\" sizes=\"(max-width: 800px) 100vw, 800px\" \/><\/a><figcaption class=\"wp-element-caption\"><sub>Rede estadual divulga prazo para matr\u00edcula de 2026 \u2014 Foto: Divulga\u00e7\u00e3o<\/sub><\/figcaption><\/figure>\n\n\n\n<p>A rede estadual de ensino na Bahia divulgou o prazo de matr\u00edcula para o ano letivo de 2026. <strong><mark style=\"background-color:rgba(0, 0, 0, 0)\" class=\"has-inline-color has-black-color\">O per\u00edodo para inscri\u00e7\u00e3o ser\u00e1 entre os dias 12 e 20 de janeiro.<\/mark><\/strong> Os estudantes que perderam o prazo de renova\u00e7\u00e3o de matr\u00edcula poder\u00e3o solicitar a vaga dentro desse mesmo per\u00edodo.<\/p>\n\n\n\n<p>Para isso, os alunos ou os respons\u00e1veis devem se dirigir \u00e0 secretaria da escola para assinar o termo de renova\u00e7\u00e3o de matr\u00edcula.<\/p>\n\n\n\n<p><strong><a href=\"https:\/\/whatsapp.com\/channel\/0029VaAT7tDLI8Yfj5y9Z50Z\" target=\"_blank\" rel=\"noreferrer noopener\"><mark style=\"background-color:rgba(0, 0, 0, 0)\" class=\"has-inline-color has-luminous-vivid-orange-color\">>> Clique aqui e entre no canal do BEC no WhatsApp<\/mark><\/a><\/strong><\/p>\n\n\n\n<p>Durante a renova\u00e7\u00e3o, o estudante deve atualizar seus dados pessoais, al\u00e9m de entregar toda a documenta\u00e7\u00e3o pendente por meio do <a href=\"https:\/\/www.ba.gov.br\/educacao\/noticias\/2025-12\/2782\/periodo-de-matricula-da-rede-estadual-de-ensino-sera-de-12-20-de-janeiro\"><strong><mark style=\"background-color:rgba(0, 0, 0, 0)\" class=\"has-inline-color has-vivid-cyan-blue-color\">Portal do Governo<\/mark><\/strong><\/a>.<\/p>\n\n\n\n<p class=\"has-black-color has-text-color has-link-color wp-elements-a5bb860021122e7a1363390ee8d4fb80\"><strong>No cadastramento ser\u00e3o solicitadas informa\u00e7\u00f5es como:<\/strong><\/p>\n\n\n\n<ul class=\"wp-block-list\">\n<li>CPF<\/li>\n\n\n\n<li>Data de nascimento<\/li>\n\n\n\n<li>Endere\u00e7o<\/li>\n\n\n\n<li>N\u00famero de celular<\/li>\n\n\n\n<li>E-mail<\/li>\n\n\n\n<li>G\u00eanero<\/li>\n<\/ul>\n\n\n\n<p><\/p>\n\n\n\n<p>A SEC recomenda que os estudantes n\u00e3o deixem para a \u00faltima hora, evitando filas e garantindo tempo para resolver pend\u00eancias.<\/p>\n\n\n\n<p>A confirma\u00e7\u00e3o da inscri\u00e7\u00e3o ser\u00e1 feita por meio de um link enviado automaticamente para o e-mail informado.<\/p>\n","protected":false},"excerpt":{"rendered":"<p>Estudantes que perderam o prazo de renova\u00e7\u00e3o de matr\u00edcula poder\u00e3o solicitar a vaga dentro desse mesmo per\u00edodo Por g1 BA A rede estadual de ensino na Bahia divulgou o prazo de matr\u00edcula para o ano letivo de 2026. O per\u00edodo para inscri\u00e7\u00e3o ser\u00e1 entre os dias 12 e 20 de janeiro. Os estudantes que perderam [&hellip;]<\/p>\n","protected":false},"author":2,"featured_media":91935,"comment_status":"open","ping_status":"open","sticky":false,"template":"","format":"standard","meta":{"_acf_changed":false,"_monsterinsights_skip_tracking":false,"_monsterinsights_sitenote_active":false,"_monsterinsights_sitenote_note":"","_monsterinsights_sitenote_category":0,"_jetpack_memberships_contains_paid_content":false,"footnotes":"","jetpack_publicize_message":"","jetpack_publicize_feature_enabled":true,"jetpack_social_post_already_shared":true,"jetpack_social_options":{"image_generator_settings":{"template":"highway","default_image_id":0,"font":"","enabled":false},"version":2}},"categories":[14],"tags":[],"class_list":["post-91934","post","type-post","status-publish","format-standard","has-post-thumbnail","hentry","category-educacao"],"acf":[],"jetpack_publicize_connections":[],"jetpack_featured_media_url":"https:\/\/i0.wp.com\/blogdoeloiltoncajuhy.com.br\/site\/wp-content\/uploads\/2025\/12\/Rede-estadual-divulga-prazo-para-matricula-de-2026-%E2%80%94-Foto-Divulgacao.jpg?fit=984%2C656&ssl=1","jetpack_sharing_enabled":true,"publishpress_future_workflow_manual_trigger":{"enabledWorkflows":[]},"_links":{"self":[{"href":"https:\/\/blogdoeloiltoncajuhy.com.br\/site\/wp-json\/wp\/v2\/posts\/91934","targetHints":{"allow":["GET"]}}],"collection":[{"href":"https:\/\/blogdoeloiltoncajuhy.com.br\/site\/wp-json\/wp\/v2\/posts"}],"about":[{"href":"https:\/\/blogdoeloiltoncajuhy.com.br\/site\/wp-json\/wp\/v2\/types\/post"}],"author":[{"embeddable":true,"href":"https:\/\/blogdoeloiltoncajuhy.com.br\/site\/wp-json\/wp\/v2\/users\/2"}],"replies":[{"embeddable":true,"href":"https:\/\/blogdoeloiltoncajuhy.com.br\/site\/wp-json\/wp\/v2\/comments?post=91934"}],"version-history":[{"count":1,"href":"https:\/\/blogdoeloiltoncajuhy.com.br\/site\/wp-json\/wp\/v2\/posts\/91934\/revisions"}],"predecessor-version":[{"id":91936,"href":"https:\/\/blogdoeloiltoncajuhy.com.br\/site\/wp-json\/wp\/v2\/posts\/91934\/revisions\/91936"}],"wp:featuredmedia":[{"embeddable":true,"href":"https:\/\/blogdoeloiltoncajuhy.com.br\/site\/wp-json\/wp\/v2\/media\/91935"}],"wp:attachment":[{"href":"https:\/\/blogdoeloiltoncajuhy.com.br\/site\/wp-json\/wp\/v2\/media?parent=91934"}],"wp:term":[{"taxonomy":"category","embeddable":true,"href":"https:\/\/blogdoeloiltoncajuhy.com.br\/site\/wp-json\/wp\/v2\/categories?post=91934"},{"taxonomy":"post_tag","embeddable":true,"href":"https:\/\/blogdoeloiltoncajuhy.com.br\/site\/wp-json\/wp\/v2\/tags?post=91934"}],"curies":[{"name":"wp","href":"https:\/\/api.w.org\/{rel}","templated":true}]}}