{"id":91930,"date":"2025-12-03T17:16:41","date_gmt":"2025-12-03T20:16:41","guid":{"rendered":"https:\/\/blogdoeloiltoncajuhy.com.br\/site\/?p=91930"},"modified":"2025-12-03T17:16:43","modified_gmt":"2025-12-03T20:16:43","slug":"pregador-evangelico-de-27-anos-e-morto-com-mais-de-15-tiros-em-feira-de-santana","status":"publish","type":"post","link":"https:\/\/blogdoeloiltoncajuhy.com.br\/site\/pregador-evangelico-de-27-anos-e-morto-com-mais-de-15-tiros-em-feira-de-santana\/","title":{"rendered":"Pregador evang\u00e9lico de 27 anos \u00e9 morto com mais de 15 tiros em Feira de Santana"},"content":{"rendered":"\n<p class=\"has-medium-font-size\"><strong>V\u00edtima, identificada como Wesley Bacelar da Silva Bento, havia acabado de deixar um familiar em casa, quando foi assassinado<\/strong><\/p>\n\n\n\n<p><strong>Por g1 Feira de Santana e regi\u00e3o<\/strong><\/p>\n\n\n\n<figure class=\"wp-block-image aligncenter size-full\"><a href=\"https:\/\/i0.wp.com\/blogdoeloiltoncajuhy.com.br\/site\/wp-content\/uploads\/2025\/12\/Pastor-e-morto-com-mais-de-15-tiros-em-Feira-de-Santana-%E2%80%94-Foto-Redes-Sociais.jpg?ssl=1\"><img data-recalc-dims=\"1\" fetchpriority=\"high\" decoding=\"async\" width=\"800\" height=\"501\" src=\"https:\/\/i0.wp.com\/blogdoeloiltoncajuhy.com.br\/site\/wp-content\/uploads\/2025\/12\/Pastor-e-morto-com-mais-de-15-tiros-em-Feira-de-Santana-%E2%80%94-Foto-Redes-Sociais.jpg?resize=800%2C501&#038;ssl=1\" alt=\"\" class=\"wp-image-91931\" srcset=\"https:\/\/i0.wp.com\/blogdoeloiltoncajuhy.com.br\/site\/wp-content\/uploads\/2025\/12\/Pastor-e-morto-com-mais-de-15-tiros-em-Feira-de-Santana-%E2%80%94-Foto-Redes-Sociais.jpg?w=984&amp;ssl=1 984w, https:\/\/i0.wp.com\/blogdoeloiltoncajuhy.com.br\/site\/wp-content\/uploads\/2025\/12\/Pastor-e-morto-com-mais-de-15-tiros-em-Feira-de-Santana-%E2%80%94-Foto-Redes-Sociais.jpg?resize=300%2C188&amp;ssl=1 300w, https:\/\/i0.wp.com\/blogdoeloiltoncajuhy.com.br\/site\/wp-content\/uploads\/2025\/12\/Pastor-e-morto-com-mais-de-15-tiros-em-Feira-de-Santana-%E2%80%94-Foto-Redes-Sociais.jpg?resize=768%2C481&amp;ssl=1 768w\" sizes=\"(max-width: 800px) 100vw, 800px\" \/><\/a><figcaption class=\"wp-element-caption\"><sub>Pastor \u00e9 morto com mais de 15 tiros em Feira de Santana \u2014 Foto: Redes Sociais<\/sub><\/figcaption><\/figure>\n\n\n\n<p>Um pregador evang\u00e9lico de 27 anos foi morto com mais de 15 tiros na noite de ter\u00e7a-feira (2), no bairro Novo Horizonte, em Feira de Santana, segunda maior cidade da Bahia. O crime ocorreu por volta das 19h40, na Rua Ponta Por\u00e3. At\u00e9 o momento, ningu\u00e9m foi preso.<\/p>\n\n\n\n<p>A v\u00edtima foi identificada como <strong><mark style=\"background-color:rgba(0, 0, 0, 0)\" class=\"has-inline-color has-black-color\">Wesley Bacelar da Silva Bento<\/mark><\/strong>. Segundo testemunhas, Wesley havia deixado um familiar em casa momentos antes do crime. A motocicleta que ele usava e o celular foram encontrados no local.<\/p>\n\n\n\n<p><strong><a href=\"https:\/\/whatsapp.com\/channel\/0029VaAT7tDLI8Yfj5y9Z50Z\" target=\"_blank\" rel=\"noreferrer noopener\"><mark style=\"background-color:rgba(0, 0, 0, 0)\" class=\"has-inline-color has-luminous-vivid-orange-color\">>> Clique aqui e entre no canal do BEC no WhatsApp<\/mark><\/a><\/strong><\/p>\n\n\n\n<p>Nas redes sociais, Wesley acumulava 45,7 mil seguidores e publicava fotos de prega\u00e7\u00f5es e cultos, onde se intitulava mission\u00e1rio e estudante de ci\u00eancias b\u00edblicas. Ele deixa esposa e quatro filhos.<\/p>\n\n\n\n<p>A motiva\u00e7\u00e3o e a autoria do crime ser\u00e3o investigadas pela Delegacia de Homic\u00eddios (DH). O corpo foi encaminhado ao Departamento de Pol\u00edcia T\u00e9cnica (DPT) para necropsia. O vel\u00f3rio acontece na Rua Poseidon, bairro Papagaio. O enterro est\u00e1 marcado para \u00e0s 16h no Cemit\u00e9rio Jardim das Flores.<\/p>\n\n\n\n<figure class=\"wp-block-image aligncenter size-full\"><a href=\"https:\/\/i0.wp.com\/blogdoeloiltoncajuhy.com.br\/site\/wp-content\/uploads\/2025\/12\/Pastor-foi-morto-em-Feira-de-Santana-%E2%80%94-Foto-Redes-Sociais.jpg?ssl=1\"><img data-recalc-dims=\"1\" decoding=\"async\" width=\"800\" height=\"501\" src=\"https:\/\/i0.wp.com\/blogdoeloiltoncajuhy.com.br\/site\/wp-content\/uploads\/2025\/12\/Pastor-foi-morto-em-Feira-de-Santana-%E2%80%94-Foto-Redes-Sociais.jpg?resize=800%2C501&#038;ssl=1\" alt=\"\" class=\"wp-image-91932\" srcset=\"https:\/\/i0.wp.com\/blogdoeloiltoncajuhy.com.br\/site\/wp-content\/uploads\/2025\/12\/Pastor-foi-morto-em-Feira-de-Santana-%E2%80%94-Foto-Redes-Sociais.jpg?w=984&amp;ssl=1 984w, https:\/\/i0.wp.com\/blogdoeloiltoncajuhy.com.br\/site\/wp-content\/uploads\/2025\/12\/Pastor-foi-morto-em-Feira-de-Santana-%E2%80%94-Foto-Redes-Sociais.jpg?resize=300%2C188&amp;ssl=1 300w, https:\/\/i0.wp.com\/blogdoeloiltoncajuhy.com.br\/site\/wp-content\/uploads\/2025\/12\/Pastor-foi-morto-em-Feira-de-Santana-%E2%80%94-Foto-Redes-Sociais.jpg?resize=768%2C481&amp;ssl=1 768w\" sizes=\"(max-width: 800px) 100vw, 800px\" \/><\/a><figcaption class=\"wp-element-caption\"><sub>Pastor foi morto enquanto deixava familiar em casa, no bairro Novo Horizonte em Feira de Santana \u2014 Foto: Redes Sociais<\/sub><\/figcaption><\/figure>\n","protected":false},"excerpt":{"rendered":"<p>V\u00edtima, identificada como Wesley Bacelar da Silva Bento, havia acabado de deixar um familiar em casa, quando foi assassinado Por g1 Feira de Santana e regi\u00e3o Um pregador evang\u00e9lico de 27 anos foi morto com mais de 15 tiros na noite de ter\u00e7a-feira (2), no bairro Novo Horizonte, em Feira de Santana, segunda maior cidade [&hellip;]<\/p>\n","protected":false},"author":2,"featured_media":91932,"comment_status":"open","ping_status":"open","sticky":false,"template":"","format":"standard","meta":{"_acf_changed":false,"_monsterinsights_skip_tracking":false,"_monsterinsights_sitenote_active":false,"_monsterinsights_sitenote_note":"","_monsterinsights_sitenote_category":0,"_jetpack_memberships_contains_paid_content":false,"footnotes":"","jetpack_publicize_message":"","jetpack_publicize_feature_enabled":true,"jetpack_social_post_already_shared":true,"jetpack_social_options":{"image_generator_settings":{"template":"highway","default_image_id":0,"font":"","enabled":false},"version":2}},"categories":[15],"tags":[],"class_list":["post-91930","post","type-post","status-publish","format-standard","has-post-thumbnail","hentry","category-policia"],"acf":[],"jetpack_publicize_connections":[],"jetpack_featured_media_url":"https:\/\/i0.wp.com\/blogdoeloiltoncajuhy.com.br\/site\/wp-content\/uploads\/2025\/12\/Pastor-foi-morto-em-Feira-de-Santana-%E2%80%94-Foto-Redes-Sociais.jpg?fit=984%2C616&ssl=1","jetpack_sharing_enabled":true,"publishpress_future_workflow_manual_trigger":{"enabledWorkflows":[]},"_links":{"self":[{"href":"https:\/\/blogdoeloiltoncajuhy.com.br\/site\/wp-json\/wp\/v2\/posts\/91930","targetHints":{"allow":["GET"]}}],"collection":[{"href":"https:\/\/blogdoeloiltoncajuhy.com.br\/site\/wp-json\/wp\/v2\/posts"}],"about":[{"href":"https:\/\/blogdoeloiltoncajuhy.com.br\/site\/wp-json\/wp\/v2\/types\/post"}],"author":[{"embeddable":true,"href":"https:\/\/blogdoeloiltoncajuhy.com.br\/site\/wp-json\/wp\/v2\/users\/2"}],"replies":[{"embeddable":true,"href":"https:\/\/blogdoeloiltoncajuhy.com.br\/site\/wp-json\/wp\/v2\/comments?post=91930"}],"version-history":[{"count":1,"href":"https:\/\/blogdoeloiltoncajuhy.com.br\/site\/wp-json\/wp\/v2\/posts\/91930\/revisions"}],"predecessor-version":[{"id":91933,"href":"https:\/\/blogdoeloiltoncajuhy.com.br\/site\/wp-json\/wp\/v2\/posts\/91930\/revisions\/91933"}],"wp:featuredmedia":[{"embeddable":true,"href":"https:\/\/blogdoeloiltoncajuhy.com.br\/site\/wp-json\/wp\/v2\/media\/91932"}],"wp:attachment":[{"href":"https:\/\/blogdoeloiltoncajuhy.com.br\/site\/wp-json\/wp\/v2\/media?parent=91930"}],"wp:term":[{"taxonomy":"category","embeddable":true,"href":"https:\/\/blogdoeloiltoncajuhy.com.br\/site\/wp-json\/wp\/v2\/categories?post=91930"},{"taxonomy":"post_tag","embeddable":true,"href":"https:\/\/blogdoeloiltoncajuhy.com.br\/site\/wp-json\/wp\/v2\/tags?post=91930"}],"curies":[{"name":"wp","href":"https:\/\/api.w.org\/{rel}","templated":true}]}}