{"id":91927,"date":"2025-12-03T09:14:27","date_gmt":"2025-12-03T12:14:27","guid":{"rendered":"https:\/\/blogdoeloiltoncajuhy.com.br\/site\/?p=91927"},"modified":"2025-12-03T09:14:29","modified_gmt":"2025-12-03T12:14:29","slug":"meu-filho-ficou-de-recuperacao-e-agora","status":"publish","type":"post","link":"https:\/\/blogdoeloiltoncajuhy.com.br\/site\/meu-filho-ficou-de-recuperacao-e-agora\/","title":{"rendered":"Meu filho ficou de recupera\u00e7\u00e3o, e agora?"},"content":{"rendered":"\n<p class=\"has-medium-font-size\"><strong>Educadores explicam como apoiar crian\u00e7as e adolescentes e transformar o momento em oportunidade de aprendizagem<\/strong><\/p>\n\n\n\n<p><strong>Blog do Eloilton Cajuhy &#8211; BEC<\/strong><\/p>\n\n\n\n<figure class=\"wp-block-image aligncenter size-full\"><a href=\"https:\/\/i0.wp.com\/blogdoeloiltoncajuhy.com.br\/site\/wp-content\/uploads\/2025\/12\/Aluno-estudante-famila-Credito-Freepik.jpg?ssl=1\"><img data-recalc-dims=\"1\" fetchpriority=\"high\" decoding=\"async\" width=\"800\" height=\"532\" src=\"https:\/\/i0.wp.com\/blogdoeloiltoncajuhy.com.br\/site\/wp-content\/uploads\/2025\/12\/Aluno-estudante-famila-Credito-Freepik.jpg?resize=800%2C532&#038;ssl=1\" alt=\"\" class=\"wp-image-91928\" srcset=\"https:\/\/i0.wp.com\/blogdoeloiltoncajuhy.com.br\/site\/wp-content\/uploads\/2025\/12\/Aluno-estudante-famila-Credito-Freepik.jpg?w=800&amp;ssl=1 800w, https:\/\/i0.wp.com\/blogdoeloiltoncajuhy.com.br\/site\/wp-content\/uploads\/2025\/12\/Aluno-estudante-famila-Credito-Freepik.jpg?resize=300%2C200&amp;ssl=1 300w, https:\/\/i0.wp.com\/blogdoeloiltoncajuhy.com.br\/site\/wp-content\/uploads\/2025\/12\/Aluno-estudante-famila-Credito-Freepik.jpg?resize=768%2C511&amp;ssl=1 768w\" sizes=\"(max-width: 800px) 100vw, 800px\" \/><\/a><figcaption class=\"wp-element-caption\"><sub>Cr\u00e9dito: Freepik<\/sub><\/figcaption><\/figure>\n\n\n\n<p>Fim de ano \u00e9 tempo de festas, f\u00e9rias e descanso, mas tamb\u00e9m daquele momento em que muitos pais abrem o boletim escolar com o cora\u00e7\u00e3o acelerado. E quando as notas do estudante n\u00e3o saem como planejado, a \u201crecupera\u00e7\u00e3o\u201d costuma vir acompanhada de ansiedade e tens\u00e3o para muitas fam\u00edlias, com a alegria dando lugar \u00e0 preocupa\u00e7\u00e3o.<\/p>\n\n\n\n<p><strong><a href=\"https:\/\/whatsapp.com\/channel\/0029VaAT7tDLI8Yfj5y9Z50Z\" target=\"_blank\" rel=\"noreferrer noopener\"><mark style=\"background-color:rgba(0, 0, 0, 0)\" class=\"has-inline-color has-luminous-vivid-orange-color\">>> Clique aqui e entre no canal do BEC no WhatsApp<\/mark><\/a><\/strong><\/p>\n\n\n\n<p>Apesar do susto inicial, especialistas em educa\u00e7\u00e3o afirmam que o per\u00edodo n\u00e3o precisa virar um drama familiar, e pode at\u00e9 se transformar em uma boa oportunidade de aprendizado e organiza\u00e7\u00e3o para o pr\u00f3ximo ano, desde que seja conduzido com acolhimento, di\u00e1logo e foco no aprendizado, e n\u00e3o apenas nas notas.<\/p>\n\n\n\n<p class=\"has-black-color has-text-color has-link-color has-medium-font-size wp-elements-d724b9e1c4a2b4112ce80a05a9926a2f\"><strong>A maior press\u00e3o, muitas vezes, come\u00e7a em casa<\/strong><\/p>\n\n\n\n<p>Embora muitos pais imaginem que a cobran\u00e7a vem principalmente da escola, s\u00e3o as expectativas familiares que frequentemente pesam mais sobre crian\u00e7as e adolescentes. Coment\u00e1rios como \u201cvoc\u00ea n\u00e3o pode decepcionar\u201d, compara\u00e7\u00f5es com irm\u00e3os que \u201csempre tiram boas notas\u201d ou a cren\u00e7a de que \u201caluno esfor\u00e7ado n\u00e3o fica de recupera\u00e7\u00e3o\u201d criam um ambiente de tens\u00e3o que pode afetar diretamente o desempenho.<\/p>\n\n\n\n<p>\u201cPara muitos jovens, essa press\u00e3o se manifesta em ansiedade, dificuldade de concentra\u00e7\u00e3o, irritabilidade e at\u00e9 sintomas f\u00edsicos, como dor de cabe\u00e7a, dor de barriga, ins\u00f4nia e queda de imunidade, sinais do corpo respondendo ao estresse\u201d, diz afirma Ana Claudia Favano, especialista em Psicologia Positiva e gestora da Escola Internacional de Alphaville &#8211; EIA, de Barueri (SP). Ela afirma que o mais importante nesses casos \u00e9 reduzir o peso emocional dentro de casa. \u201cQuando a fam\u00edlia oferece seguran\u00e7a, escuta e compreens\u00e3o, o jovem sente menos medo de errar e mais disposi\u00e7\u00e3o para participar ativamente do processo de recupera\u00e7\u00e3o\u201d, completa.<\/p>\n\n\n\n<p class=\"has-black-color has-text-color has-link-color has-medium-font-size wp-elements-8d365eae663387b3323bce5d2f830142\"><strong>Nota n\u00e3o \u00e9 tudo<\/strong><\/p>\n\n\n\n<p>Embora o sistema educacional tradicional se apoie sobretudo em provas, m\u00e9dias e boletins, esses indicadores, apesar de importantes, n\u00e3o esgotam a compreens\u00e3o sobre o percurso de aprendizagem de um estudante. A nota tem um papel relevante: ela posiciona, orienta pr\u00f3ximos passos e evidencia conquistas, mas representa apenas uma parte do processo.<\/p>\n\n\n\n<p>Na opini\u00e3o de Fatima Lopes, diretora geral da Escola Bil\u00edngue Aubrick, de S\u00e3o Paulo (SP), um desempenho abaixo do esperado pode ter diferentes origens: desde uma dificuldade pontual em determinado conte\u00fado at\u00e9 quest\u00f5es de organiza\u00e7\u00e3o, per\u00edodos de maior ansiedade, ou mudan\u00e7as na rotina familiar.<\/p>\n\n\n\n<p>\u201cN\u00e3o existe aprendizagem profunda sem envolvimento emocional e experi\u00eancias significativas. Por isso, avaliamos para orientar, fortalecer e apoiar, n\u00e3o para rotular. O boletim \u00e9 um instrumento valioso, mas ganha sentido real quando analisado em conjunto com o processo vivido pelo aluno: seus avan\u00e7os, suas estrat\u00e9gias, suas dificuldades e suas pot\u00eancias. Esses elementos s\u00e3o essenciais para entendermos o estudante como um todo e garantirmos percursos de aprendizagem consistentes\u201d, diz.<\/p>\n\n\n\n<p>\u201cA avalia\u00e7\u00e3o \u00e9 um retrato, n\u00e3o um r\u00f3tulo\u201d, acrescenta F\u00e1tima Lopes. \u201cQuando a fam\u00edlia amplia o olhar e considera tanto a nota quanto o processo que levou at\u00e9 ela, consegue apoiar melhor o estudante, promovendo seguran\u00e7a, autonomia e crescimento.\u201d<\/p>\n\n\n\n<p class=\"has-black-color has-text-color has-link-color has-medium-font-size wp-elements-def8917f9c8bdb21e4964acb93b62de5\"><strong>O que n\u00e3o fazer com seu filho de recupera\u00e7\u00e3o<\/strong><\/p>\n\n\n\n<p>Diante da recupera\u00e7\u00e3o, \u00e9 comum que alguns pais tenham rea\u00e7\u00f5es impulsivas que acabam prejudicando ainda mais o estudante. Piadas, apelidos, ironias e compara\u00e7\u00f5es com colegas ou irm\u00e3os refor\u00e7am a vergonha e podem criar uma barreira emocional entre a crian\u00e7a e os estudos. Amea\u00e7as como tirar o celular, mudar o aluno de escola no ano seguinte, cancelar as f\u00e9rias ou cortar atividades tamb\u00e9m n\u00e3o ajudam, ao contr\u00e1rio, geram medo e desmotiva\u00e7\u00e3o. Al\u00e9m disso, frases generalistas como \u201cvoc\u00ea nunca aprende\u201d ou \u201ceu sabia que isso ia acontecer\u201d criam r\u00f3tulos que impactam a autoestima e dificultam a supera\u00e7\u00e3o das dificuldades.<\/p>\n\n\n\n<p>\u201cDesde o in\u00edcio do ano letivo, a fam\u00edlia deve criar um plano de estudos e estar atenta \u00e0 evolu\u00e7\u00e3o do aprendizado do filho, auxiliando-o a estabelecer metas realistas e alcan\u00e7\u00e1veis. Al\u00e9m disso, manter uma parceria com a escola e celebrar o sucesso e avan\u00e7o de cada processo \u00e9 fundamental para que a internaliza\u00e7\u00e3o do aprendizado seja significativa\u201d, afirma Audrey Taguti, diretora pedag\u00f3gica e geral do Brazilian International School \u2013 BIS, de S\u00e3o Paulo (SP). \u201cCada indiv\u00edduo \u00e9 uma personalidade \u00fanica e n\u00e3o deve ser comparado com outra pessoa. Projetar no aluno caracter\u00edsticas que ele n\u00e3o possui tamb\u00e9m n\u00e3o \u00e9 saud\u00e1vel. Valorizar as habilidades de cada um pode ser a chave do sucesso para que o aluno acredite que \u00e9 capaz\u201d, acrescenta.<\/p>\n\n\n\n<p class=\"has-black-color has-text-color has-link-color has-medium-font-size wp-elements-ccfd32645a222aa6d1b5cc57c4843a0c\"><strong>Ensinamentos para evitar uma recupera\u00e7\u00e3o no ano que vem<\/strong><\/p>\n\n\n\n<p>A recupera\u00e7\u00e3o n\u00e3o precisa e n\u00e3o deve se repetir. Ela serve justamente como term\u00f4metro para ajustar comportamentos e estrat\u00e9gias para o ciclo seguinte. Isso inclui identificar lacunas de conte\u00fado, organizar uma rotina de estudo ao longo do ano, acompanhar mais de perto as tarefas e avalia\u00e7\u00f5es, e manter di\u00e1logo constante com professores para entender dificuldades assim que surgem.<\/p>\n\n\n\n<p>\u201cA principal mensagem \u00e9 que o processo importa mais que o resultado final: quando o aluno aprende a se organizar, a pedir ajuda e a lidar com as pr\u00f3prias dificuldades, as notas passam a ser consequ\u00eancia\u201d, diz L\u00edvia Martins, diretora pedag\u00f3gica dos col\u00e9gios Progresso Bil\u00edngue, com unidades no interior e litoral de SP. Para isso, os pais devem incentivar os filhos a criar h\u00e1bitos como revisar conte\u00fados semanalmente, registrar d\u00favidas em um caderno, dividir mat\u00e9rias em blocos menores e aprender t\u00e9cnicas de estudo (resumos, mapas mentais, exerc\u00edcios), acompanhando o processo junto do estudante.<\/p>\n","protected":false},"excerpt":{"rendered":"<p>Educadores explicam como apoiar crian\u00e7as e adolescentes e transformar o momento em oportunidade de aprendizagem Blog do Eloilton Cajuhy &#8211; BEC Fim de ano \u00e9 tempo de festas, f\u00e9rias e descanso, mas tamb\u00e9m daquele momento em que muitos pais abrem o boletim escolar com o cora\u00e7\u00e3o acelerado. E quando as notas do estudante n\u00e3o saem [&hellip;]<\/p>\n","protected":false},"author":2,"featured_media":91928,"comment_status":"open","ping_status":"open","sticky":false,"template":"","format":"standard","meta":{"_acf_changed":false,"_monsterinsights_skip_tracking":false,"_monsterinsights_sitenote_active":false,"_monsterinsights_sitenote_note":"","_monsterinsights_sitenote_category":0,"_jetpack_memberships_contains_paid_content":false,"footnotes":"","jetpack_publicize_message":"","jetpack_publicize_feature_enabled":true,"jetpack_social_post_already_shared":false,"jetpack_social_options":{"image_generator_settings":{"template":"highway","default_image_id":0,"font":"","enabled":false},"version":2}},"categories":[14],"tags":[],"class_list":["post-91927","post","type-post","status-publish","format-standard","has-post-thumbnail","hentry","category-educacao"],"acf":[],"jetpack_publicize_connections":[],"jetpack_featured_media_url":"https:\/\/i0.wp.com\/blogdoeloiltoncajuhy.com.br\/site\/wp-content\/uploads\/2025\/12\/Aluno-estudante-famila-Credito-Freepik.jpg?fit=800%2C532&ssl=1","jetpack_sharing_enabled":true,"publishpress_future_workflow_manual_trigger":{"enabledWorkflows":[]},"_links":{"self":[{"href":"https:\/\/blogdoeloiltoncajuhy.com.br\/site\/wp-json\/wp\/v2\/posts\/91927","targetHints":{"allow":["GET"]}}],"collection":[{"href":"https:\/\/blogdoeloiltoncajuhy.com.br\/site\/wp-json\/wp\/v2\/posts"}],"about":[{"href":"https:\/\/blogdoeloiltoncajuhy.com.br\/site\/wp-json\/wp\/v2\/types\/post"}],"author":[{"embeddable":true,"href":"https:\/\/blogdoeloiltoncajuhy.com.br\/site\/wp-json\/wp\/v2\/users\/2"}],"replies":[{"embeddable":true,"href":"https:\/\/blogdoeloiltoncajuhy.com.br\/site\/wp-json\/wp\/v2\/comments?post=91927"}],"version-history":[{"count":1,"href":"https:\/\/blogdoeloiltoncajuhy.com.br\/site\/wp-json\/wp\/v2\/posts\/91927\/revisions"}],"predecessor-version":[{"id":91929,"href":"https:\/\/blogdoeloiltoncajuhy.com.br\/site\/wp-json\/wp\/v2\/posts\/91927\/revisions\/91929"}],"wp:featuredmedia":[{"embeddable":true,"href":"https:\/\/blogdoeloiltoncajuhy.com.br\/site\/wp-json\/wp\/v2\/media\/91928"}],"wp:attachment":[{"href":"https:\/\/blogdoeloiltoncajuhy.com.br\/site\/wp-json\/wp\/v2\/media?parent=91927"}],"wp:term":[{"taxonomy":"category","embeddable":true,"href":"https:\/\/blogdoeloiltoncajuhy.com.br\/site\/wp-json\/wp\/v2\/categories?post=91927"},{"taxonomy":"post_tag","embeddable":true,"href":"https:\/\/blogdoeloiltoncajuhy.com.br\/site\/wp-json\/wp\/v2\/tags?post=91927"}],"curies":[{"name":"wp","href":"https:\/\/api.w.org\/{rel}","templated":true}]}}