{"id":91925,"date":"2025-12-03T08:53:11","date_gmt":"2025-12-03T11:53:11","guid":{"rendered":"https:\/\/blogdoeloiltoncajuhy.com.br\/site\/?p=91925"},"modified":"2025-12-03T08:53:13","modified_gmt":"2025-12-03T11:53:13","slug":"brasil-registra-menor-numero-de-mortes-por-aids-em-32-anos-e-inaugura-exposicao-sobre-40-anos-de-combate-a-doenca","status":"publish","type":"post","link":"https:\/\/blogdoeloiltoncajuhy.com.br\/site\/brasil-registra-menor-numero-de-mortes-por-aids-em-32-anos-e-inaugura-exposicao-sobre-40-anos-de-combate-a-doenca\/","title":{"rendered":"Brasil registra menor n\u00famero de mortes por Aids em 32 anos e inaugura exposi\u00e7\u00e3o sobre 40 anos de combate \u00e0 doen\u00e7a"},"content":{"rendered":"\n<p class=\"has-medium-font-size\"><strong>Redu\u00e7\u00e3o de 13% nos \u00f3bitos e avan\u00e7os como a elimina\u00e7\u00e3o da transmiss\u00e3o vertical do HIV marcam a abertura do Dezembro Vermelho 2025 no SESI Lab, em Bras\u00edlia<\/strong><\/p>\n\n\n\n<p><strong>Por Brasil 61<\/strong><\/p>\n\n\n\n<figure class=\"wp-block-image aligncenter size-full\"><a href=\"https:\/\/i0.wp.com\/blogdoeloiltoncajuhy.com.br\/site\/wp-content\/uploads\/2025\/05\/HAIV-Aids-Foto-Shutterstock-2-.jpg\"><img data-recalc-dims=\"1\" fetchpriority=\"high\" decoding=\"async\" width=\"760\" height=\"507\" src=\"https:\/\/i0.wp.com\/blogdoeloiltoncajuhy.com.br\/site\/wp-content\/uploads\/2025\/05\/HAIV-Aids-Foto-Shutterstock-2-.jpg?resize=760%2C507\" alt=\"\" class=\"wp-image-87809\" srcset=\"https:\/\/i0.wp.com\/blogdoeloiltoncajuhy.com.br\/site\/wp-content\/uploads\/2025\/05\/HAIV-Aids-Foto-Shutterstock-2-.jpg?w=760&amp;ssl=1 760w, https:\/\/i0.wp.com\/blogdoeloiltoncajuhy.com.br\/site\/wp-content\/uploads\/2025\/05\/HAIV-Aids-Foto-Shutterstock-2-.jpg?resize=300%2C200&amp;ssl=1 300w\" sizes=\"(max-width: 760px) 100vw, 760px\" \/><\/a><figcaption class=\"wp-element-caption\"><sub>Foto: Shutterstock<\/sub><\/figcaption><\/figure>\n\n\n\n<p>O Brasil reduziu em 13% o n\u00famero de mortes por Aids, entre 2023 e 2024. De acordo com o Minist\u00e9rio da Sa\u00fade, a quantidade de v\u00edtimas passou de mais de 10 mil para 9,1 mil. Trata-se do menor \u00edndice registrado pela Pasta em 32 anos.<\/p>\n\n\n\n<p>Al\u00e9m disso, foi verificada uma redu\u00e7\u00e3o de 1,5% na quantidade de diagn\u00f3sticos da s\u00edndrome. J\u00e1 o n\u00famero de gestantes com HIV sofreu um recuo de 7,9%, enquanto o de crian\u00e7as expostas ao v\u00edrus diminuiu 4,2%.<\/p>\n\n\n\n<p>De acordo com o minist\u00e9rio, os avan\u00e7os s\u00e3o resultados da amplia\u00e7\u00e3o da testagem e oferta de tratamentos mais modernos no Sistema \u00danico de Sa\u00fade (SUS).<\/p>\n\n\n\n<p><strong><a href=\"https:\/\/whatsapp.com\/channel\/0029VaAT7tDLI8Yfj5y9Z50Z\" target=\"_blank\" rel=\"noreferrer noopener\"><mark style=\"background-color:rgba(0, 0, 0, 0)\" class=\"has-inline-color has-luminous-vivid-orange-color\">>> Clique aqui e entre no canal do BEC no WhatsApp<\/mark><\/a><\/strong><\/p>\n\n\n\n<p>Em meio a esse cen\u00e1rio, o Minist\u00e9rio da Sa\u00fade inaugurou a exposi\u00e7\u00e3o \u201c40 Anos da Resposta Brasileira \u00e0 Aids\u201d. O evento foi realizado no SESI Lab, em Bras\u00edlia (DF), na segunda-feira (1\u00ba) \u2013 Dia Mundial de Combate \u00e0 Aids.<\/p>\n\n\n\n<p>A iniciativa marca o in\u00edcio da programa\u00e7\u00e3o do Dezembro Vermelho 2025 e celebra quatro d\u00e9cadas de mobiliza\u00e7\u00e3o social, pol\u00edticas p\u00fablicas, avan\u00e7os cient\u00edficos e enfrentamento \u00e0 doen\u00e7a. O p\u00fablico pode visitar a exposi\u00e7\u00e3o at\u00e9 o dia 30 de janeiro de 2026.<\/p>\n\n\n\n<p>A coordenadora de A\u00e7\u00f5es Culturais e Exposi\u00e7\u00f5es do SESI Lab, Carolina Vilas Boas, afirmou que a mostra conta com a participa\u00e7\u00e3o da sociedade civil, al\u00e9m de um comit\u00ea curatorial amplo. Segundo ela, \u00e9 a primeira exposi\u00e7\u00e3o do SESI Lab que trata do tema sa\u00fade.<\/p>\n\n\n\n<p>\u201cA gente sabe, pelas pesquisas de percep\u00e7\u00e3o da ci\u00eancia, que o p\u00fablico tem muito interesse em saber mais sobre sa\u00fade. Normalmente, a sa\u00fade est\u00e1 cheia de termos que ningu\u00e9m conhece, ent\u00e3o \u00e9 uma oportunidade de desmistificar muitos assuntos\u201d, pontuou.<\/p>\n\n\n\n<p class=\"has-black-color has-text-color has-link-color has-medium-font-size wp-elements-673549e8c1c9c23f5e2cbaa284b9fa72\"><strong>Elimina\u00e7\u00e3o da transmiss\u00e3o do HIV de m\u00e3e para filho durante a gravidez<\/strong><\/p>\n\n\n\n<p>Em meio ao progresso registrado nos \u00faltimos anos, o Brasil tamb\u00e9m conseguiu eliminar, como problema de sa\u00fade p\u00fablica, a transmiss\u00e3o do HIV de m\u00e3e para filho durante a gravidez, o parto ou a amamenta\u00e7\u00e3o \u2013 conhecida como transmiss\u00e3o vertical.<\/p>\n\n\n\n<p>Na pr\u00e1tica, o pa\u00eds interrompeu a infec\u00e7\u00e3o de beb\u00eas por via materna, de forma sustentada, alcan\u00e7ando o que determinam as metas internacionais, conforme o que preveem os crit\u00e9rios da Organiza\u00e7\u00e3o Mundial da Sa\u00fade (OMS).<\/p>\n","protected":false},"excerpt":{"rendered":"<p>Redu\u00e7\u00e3o de 13% nos \u00f3bitos e avan\u00e7os como a elimina\u00e7\u00e3o da transmiss\u00e3o vertical do HIV marcam a abertura do Dezembro Vermelho 2025 no SESI Lab, em Bras\u00edlia Por Brasil 61 O Brasil reduziu em 13% o n\u00famero de mortes por Aids, entre 2023 e 2024. De acordo com o Minist\u00e9rio da Sa\u00fade, a quantidade de [&hellip;]<\/p>\n","protected":false},"author":2,"featured_media":87809,"comment_status":"open","ping_status":"open","sticky":false,"template":"","format":"standard","meta":{"_acf_changed":false,"_monsterinsights_skip_tracking":false,"_monsterinsights_sitenote_active":false,"_monsterinsights_sitenote_note":"","_monsterinsights_sitenote_category":0,"_jetpack_memberships_contains_paid_content":false,"footnotes":"","jetpack_publicize_message":"","jetpack_publicize_feature_enabled":true,"jetpack_social_post_already_shared":true,"jetpack_social_options":{"image_generator_settings":{"template":"highway","default_image_id":0,"font":"","enabled":false},"version":2}},"categories":[7],"tags":[],"class_list":["post-91925","post","type-post","status-publish","format-standard","has-post-thumbnail","hentry","category-saude"],"acf":[],"jetpack_publicize_connections":[],"jetpack_featured_media_url":"https:\/\/i0.wp.com\/blogdoeloiltoncajuhy.com.br\/site\/wp-content\/uploads\/2025\/05\/HAIV-Aids-Foto-Shutterstock-2-.jpg?fit=760%2C507&ssl=1","jetpack_sharing_enabled":true,"publishpress_future_workflow_manual_trigger":{"enabledWorkflows":[]},"_links":{"self":[{"href":"https:\/\/blogdoeloiltoncajuhy.com.br\/site\/wp-json\/wp\/v2\/posts\/91925","targetHints":{"allow":["GET"]}}],"collection":[{"href":"https:\/\/blogdoeloiltoncajuhy.com.br\/site\/wp-json\/wp\/v2\/posts"}],"about":[{"href":"https:\/\/blogdoeloiltoncajuhy.com.br\/site\/wp-json\/wp\/v2\/types\/post"}],"author":[{"embeddable":true,"href":"https:\/\/blogdoeloiltoncajuhy.com.br\/site\/wp-json\/wp\/v2\/users\/2"}],"replies":[{"embeddable":true,"href":"https:\/\/blogdoeloiltoncajuhy.com.br\/site\/wp-json\/wp\/v2\/comments?post=91925"}],"version-history":[{"count":1,"href":"https:\/\/blogdoeloiltoncajuhy.com.br\/site\/wp-json\/wp\/v2\/posts\/91925\/revisions"}],"predecessor-version":[{"id":91926,"href":"https:\/\/blogdoeloiltoncajuhy.com.br\/site\/wp-json\/wp\/v2\/posts\/91925\/revisions\/91926"}],"wp:featuredmedia":[{"embeddable":true,"href":"https:\/\/blogdoeloiltoncajuhy.com.br\/site\/wp-json\/wp\/v2\/media\/87809"}],"wp:attachment":[{"href":"https:\/\/blogdoeloiltoncajuhy.com.br\/site\/wp-json\/wp\/v2\/media?parent=91925"}],"wp:term":[{"taxonomy":"category","embeddable":true,"href":"https:\/\/blogdoeloiltoncajuhy.com.br\/site\/wp-json\/wp\/v2\/categories?post=91925"},{"taxonomy":"post_tag","embeddable":true,"href":"https:\/\/blogdoeloiltoncajuhy.com.br\/site\/wp-json\/wp\/v2\/tags?post=91925"}],"curies":[{"name":"wp","href":"https:\/\/api.w.org\/{rel}","templated":true}]}}