{"id":91896,"date":"2025-12-01T18:55:33","date_gmt":"2025-12-01T21:55:33","guid":{"rendered":"https:\/\/blogdoeloiltoncajuhy.com.br\/site\/?p=91896"},"modified":"2025-12-01T18:55:35","modified_gmt":"2025-12-01T21:55:35","slug":"bahia-celebra-producao-rural-na-16a-feira-da-agricultura-familiar-e-economia-solidaria","status":"publish","type":"post","link":"https:\/\/blogdoeloiltoncajuhy.com.br\/site\/bahia-celebra-producao-rural-na-16a-feira-da-agricultura-familiar-e-economia-solidaria\/","title":{"rendered":"Bahia celebra produ\u00e7\u00e3o rural na 16\u00aa Feira da Agricultura Familiar e Economia Solid\u00e1ria"},"content":{"rendered":"\n<p><strong>Blog do Eloilton Cajuhy &#8211; BEC<\/strong><\/p>\n\n\n\n<figure class=\"wp-block-image aligncenter size-full\"><a href=\"https:\/\/i0.wp.com\/blogdoeloiltoncajuhy.com.br\/site\/wp-content\/uploads\/2025\/12\/GOVBA_CAR_Feira-da-Agricultura-Familiar_Foto.jpeg?ssl=1\"><img data-recalc-dims=\"1\" fetchpriority=\"high\" decoding=\"async\" width=\"768\" height=\"512\" src=\"https:\/\/i0.wp.com\/blogdoeloiltoncajuhy.com.br\/site\/wp-content\/uploads\/2025\/12\/GOVBA_CAR_Feira-da-Agricultura-Familiar_Foto.jpeg?resize=768%2C512&#038;ssl=1\" alt=\"\" class=\"wp-image-91897\" srcset=\"https:\/\/i0.wp.com\/blogdoeloiltoncajuhy.com.br\/site\/wp-content\/uploads\/2025\/12\/GOVBA_CAR_Feira-da-Agricultura-Familiar_Foto.jpeg?w=768&amp;ssl=1 768w, https:\/\/i0.wp.com\/blogdoeloiltoncajuhy.com.br\/site\/wp-content\/uploads\/2025\/12\/GOVBA_CAR_Feira-da-Agricultura-Familiar_Foto.jpeg?resize=300%2C200&amp;ssl=1 300w\" sizes=\"(max-width: 768px) 100vw, 768px\" \/><\/a><figcaption class=\"wp-element-caption\"><sub>Foto: Andr\u00e9 Frutu\u00f4so<\/sub><\/figcaption><\/figure>\n\n\n\n<p>A for\u00e7a do rural baiano toma conta de Salvador na 16\u00aa Feira Baiana da Agricultura Familiar e Economia Solid\u00e1ria. De 10 a 14 de dezembro, o Parque Costa Azul se transforma em um grande encontro de sabores, saberes, cultura e inova\u00e7\u00e3o, celebrando o trabalho que move a economia da Bahia e revela a riqueza dos seus territ\u00f3rios.<\/p>\n\n\n\n<p>Consolidada como uma das maiores vitrines da agricultura familiar do pa\u00eds, a Feira reunir\u00e1 cooperativas e associa\u00e7\u00f5es dos 27 Territ\u00f3rios de Identidade da Bahia, com mais de 6 mil produtos entre alimentos, bebidas, artesanato, moda, flores, cosm\u00e9ticos e itens da economia solid\u00e1ria. \u00c9 uma oportunidade \u00fanica para conhecer e adquirir produtos que refletem a diversidade e a for\u00e7a do rural baiano.<\/p>\n\n\n\n<p>A realiza\u00e7\u00e3o \u00e9 do Governo do Estado da Bahia, por meio da Secretaria de Desenvolvimento Rural (SDR) e da Companhia de Desenvolvimento e A\u00e7\u00e3o Regional (CAR), em parceria com o Minist\u00e9rio do Desenvolvimento Agr\u00e1rio e Agricultura Familiar (MDA) e a UNICAFES Bahia.<\/p>\n\n\n\n<p><strong><a href=\"https:\/\/whatsapp.com\/channel\/0029VaAT7tDLI8Yfj5y9Z50Z\" target=\"_blank\" rel=\"noreferrer noopener\"><mark style=\"background-color:rgba(0, 0, 0, 0)\" class=\"has-inline-color has-luminous-vivid-orange-color\">>> Clique aqui e entre no canal do BEC no WhatsApp<\/mark><\/a><\/strong><\/p>\n\n\n\n<p>Para o diretor-presidente da CAR, Jeandro Ribeiro, a Feira representa um marco da produ\u00e7\u00e3o rural baiana. \u201cCada produto, cada sorriso e cada hist\u00f3ria revelam a for\u00e7a do nosso rural. Celebrar 16 edi\u00e7\u00f5es \u00e9 celebrar um projeto coletivo de desenvolvimento que transforma vidas.\u201d<\/p>\n\n\n\n<p>Feira conta com espa\u00e7os j\u00e1 tradicionais e muito aguardados pelo p\u00fablico, como a Tenda Quilombola, a Tenda Ind\u00edgena, a Tenda de Artesanato, a 3\u00aa Feira Agroecol\u00f3gica da Bahia, o Espa\u00e7o Infantil, Espa\u00e7o de Ado\u00e7\u00e3o de Animais, al\u00e9m da \u00e1rea de comercializa\u00e7\u00e3o de produtos das agroind\u00fastrias familiares da Bahia.<\/p>\n\n\n\n<p class=\"has-black-color has-text-color has-link-color has-medium-font-size wp-elements-18deda6c1d071560484978b02b45004d\"><strong>Coleta seletiva e compostagem refor\u00e7am compromisso ambiental<\/strong><\/p>\n\n\n\n<p>Nesta edi\u00e7\u00e3o, a Feira amplia suas pr\u00e1ticas sustent\u00e1veis ao incluir, pela primeira vez, a coleta seletiva de res\u00edduos org\u00e2nicos destinados \u00e0 compostagem. Nas edi\u00e7\u00f5es anteriores, a coleta era voltada exclusivamente para res\u00edduos s\u00f3lidos recicl\u00e1veis, e agora o projeto avan\u00e7a ao incorporar o processamento de mat\u00e9ria org\u00e2nica.<\/p>\n\n\n\n<p>Pontos de coleta identificados estar\u00e3o distribu\u00eddos especialmente nas \u00e1reas de alimenta\u00e7\u00e3o, facilitando o descarte adequado. Todo o material recolhido ser\u00e1 encaminhado para compostagem em cooperativas especializadas, fortalecendo a gest\u00e3o ambiental, reduzindo o envio a aterros sanit\u00e1rios e valorizando o trabalho de catadores e catadoras envolvidos na reciclagem.<\/p>\n\n\n\n<figure class=\"wp-block-image aligncenter size-full\"><a href=\"https:\/\/i0.wp.com\/blogdoeloiltoncajuhy.com.br\/site\/wp-content\/uploads\/2025\/12\/GOVBA_CAR_Feira-da-Agricultura-Familiar_Foto-2.jpeg\"><img data-recalc-dims=\"1\" decoding=\"async\" width=\"768\" height=\"512\" src=\"https:\/\/i0.wp.com\/blogdoeloiltoncajuhy.com.br\/site\/wp-content\/uploads\/2025\/12\/GOVBA_CAR_Feira-da-Agricultura-Familiar_Foto-2.jpeg?resize=768%2C512\" alt=\"\" class=\"wp-image-91898\" srcset=\"https:\/\/i0.wp.com\/blogdoeloiltoncajuhy.com.br\/site\/wp-content\/uploads\/2025\/12\/GOVBA_CAR_Feira-da-Agricultura-Familiar_Foto-2.jpeg?w=768&amp;ssl=1 768w, https:\/\/i0.wp.com\/blogdoeloiltoncajuhy.com.br\/site\/wp-content\/uploads\/2025\/12\/GOVBA_CAR_Feira-da-Agricultura-Familiar_Foto-2.jpeg?resize=300%2C200&amp;ssl=1 300w\" sizes=\"(max-width: 768px) 100vw, 768px\" \/><\/a><figcaption class=\"wp-element-caption\"><sub>Foto: Andr\u00e9 Frutu\u00f4so<\/sub><\/figcaption><\/figure>\n\n\n\n<p class=\"has-black-color has-text-color has-link-color has-medium-font-size wp-elements-9a9ba8e4f5cf9402e789c5169c99276c\"><strong>Gastronomia e m\u00fasica que celebram a Bahia<\/strong><\/p>\n\n\n\n<p>A gastronomia, um dos grandes atrativos do evento, ganha ainda mais destaque nesta edi\u00e7\u00e3o. Ser\u00e3o duas pra\u00e7as gastron\u00f4micas com pratos t\u00edpicos como cuscuz com bode, galinha caipira, mariscos, op\u00e7\u00f5es veganas e outras del\u00edcias preparadas na hora. O p\u00fablico tamb\u00e9m encontrar\u00e1 tapiocaria, sorveteria, cacha\u00e7aria e choperia, uma verdadeira rota de sabores que refor\u00e7a a diversidade da culin\u00e1ria baiana e a qualidade dos produtos da agricultura familiar.<\/p>\n\n\n\n<p>A programa\u00e7\u00e3o musical chega renovada e ainda mais diversificada. Ser\u00e3o tr\u00eas palcos: Palco do Samba, Palco do Forr\u00f3 e Palco Concha, com mais de 20 atra\u00e7\u00f5es que celebram a identidade cultural e musical da Bahia.<\/p>\n\n\n\n<p class=\"has-black-color has-text-color has-link-color has-medium-font-size wp-elements-099d0bc4ebe64584c96e97ae266d0a3d\"><strong>Caminho da Ro\u00e7a: a grande novidade<\/strong><\/p>\n\n\n\n<p>Este ano, a grande novidade \u00e9 o Caminho da Ro\u00e7a, um ambiente imersivo que permitir\u00e1 aos visitantes vivenciar de perto diferentes sistemas produtivos da Bahia, como caf\u00e9, cacau, mel, mandioca, caprinovinocultura e outras riquezas do campo. Tamb\u00e9m haver\u00e1 espa\u00e7o kids, feira de ado\u00e7\u00e3o de animais, oficinas, degusta\u00e7\u00f5es e debates que refor\u00e7am a cultura popular e o protagonismo da agricultura familiar baiana.<\/p>\n\n\n\n<p>O diretor-presidente da Uni\u00e3o das Cooperativas de Agricultura Familiar e Economia Solid\u00e1ria da Bahia (Unicafes\/BA), \u00cdcaro Renne, destaca o impacto da iniciativa: \u201cA Feira \u00e9 a prova da for\u00e7a e da diversidade da agricultura familiar baiana. Vamos ocupar o Parque Costa Azul com trabalho, tradi\u00e7\u00e3o e inova\u00e7\u00e3o.\u201d<\/p>\n\n\n\n<p>A 16\u00aa Feira Baiana da Agricultura Familiar e Economia Solid\u00e1ria promete ser a edi\u00e7\u00e3o mais vibrante, diversa e participativa da hist\u00f3ria, um verdadeiro encontro entre campo e cidade, produ\u00e7\u00e3o e cultura, tradi\u00e7\u00e3o e inova\u00e7\u00e3o.<\/p>\n","protected":false},"excerpt":{"rendered":"<p>Blog do Eloilton Cajuhy &#8211; BEC A for\u00e7a do rural baiano toma conta de Salvador na 16\u00aa Feira Baiana da Agricultura Familiar e Economia Solid\u00e1ria. De 10 a 14 de dezembro, o Parque Costa Azul se transforma em um grande encontro de sabores, saberes, cultura e inova\u00e7\u00e3o, celebrando o trabalho que move a economia da [&hellip;]<\/p>\n","protected":false},"author":2,"featured_media":91897,"comment_status":"open","ping_status":"open","sticky":false,"template":"","format":"standard","meta":{"_acf_changed":false,"_monsterinsights_skip_tracking":false,"_monsterinsights_sitenote_active":false,"_monsterinsights_sitenote_note":"","_monsterinsights_sitenote_category":0,"_jetpack_memberships_contains_paid_content":false,"footnotes":"","jetpack_publicize_message":"","jetpack_publicize_feature_enabled":true,"jetpack_social_post_already_shared":false,"jetpack_social_options":{"image_generator_settings":{"template":"highway","default_image_id":0,"font":"","enabled":false},"version":2}},"categories":[31],"tags":[],"class_list":["post-91896","post","type-post","status-publish","format-standard","has-post-thumbnail","hentry","category-economia"],"acf":[],"jetpack_publicize_connections":[],"jetpack_featured_media_url":"https:\/\/i0.wp.com\/blogdoeloiltoncajuhy.com.br\/site\/wp-content\/uploads\/2025\/12\/GOVBA_CAR_Feira-da-Agricultura-Familiar_Foto.jpeg?fit=768%2C512&ssl=1","jetpack_sharing_enabled":true,"publishpress_future_workflow_manual_trigger":{"enabledWorkflows":[]},"_links":{"self":[{"href":"https:\/\/blogdoeloiltoncajuhy.com.br\/site\/wp-json\/wp\/v2\/posts\/91896","targetHints":{"allow":["GET"]}}],"collection":[{"href":"https:\/\/blogdoeloiltoncajuhy.com.br\/site\/wp-json\/wp\/v2\/posts"}],"about":[{"href":"https:\/\/blogdoeloiltoncajuhy.com.br\/site\/wp-json\/wp\/v2\/types\/post"}],"author":[{"embeddable":true,"href":"https:\/\/blogdoeloiltoncajuhy.com.br\/site\/wp-json\/wp\/v2\/users\/2"}],"replies":[{"embeddable":true,"href":"https:\/\/blogdoeloiltoncajuhy.com.br\/site\/wp-json\/wp\/v2\/comments?post=91896"}],"version-history":[{"count":1,"href":"https:\/\/blogdoeloiltoncajuhy.com.br\/site\/wp-json\/wp\/v2\/posts\/91896\/revisions"}],"predecessor-version":[{"id":91900,"href":"https:\/\/blogdoeloiltoncajuhy.com.br\/site\/wp-json\/wp\/v2\/posts\/91896\/revisions\/91900"}],"wp:featuredmedia":[{"embeddable":true,"href":"https:\/\/blogdoeloiltoncajuhy.com.br\/site\/wp-json\/wp\/v2\/media\/91897"}],"wp:attachment":[{"href":"https:\/\/blogdoeloiltoncajuhy.com.br\/site\/wp-json\/wp\/v2\/media?parent=91896"}],"wp:term":[{"taxonomy":"category","embeddable":true,"href":"https:\/\/blogdoeloiltoncajuhy.com.br\/site\/wp-json\/wp\/v2\/categories?post=91896"},{"taxonomy":"post_tag","embeddable":true,"href":"https:\/\/blogdoeloiltoncajuhy.com.br\/site\/wp-json\/wp\/v2\/tags?post=91896"}],"curies":[{"name":"wp","href":"https:\/\/api.w.org\/{rel}","templated":true}]}}